{"id":14525,"date":"2025-03-20T16:29:51","date_gmt":"2025-03-20T16:29:51","guid":{"rendered":"https:\/\/entrenotasyacordes.com\/?p=14525"},"modified":"2025-03-20T16:29:52","modified_gmt":"2025-03-20T16:29:52","slug":"llega-la-revelacion-z-del-pop-mafalda-cardenal-al-teatro-nacional","status":"publish","type":"post","link":"https:\/\/entrenotasyacordes.com\/?p=14525","title":{"rendered":"Llega la revelaci\u00f3n Z del pop MAFALDA CARDENAL al TEATRO NACIONAL"},"content":{"rendered":"\n<!--more-->\n\n\n\n<p class=\"has-text-align-center\"><strong>19 DE MAYO-TEATRO NACIONAL<\/strong><\/p>\n\n\n<div class=\"wp-block-image\">\n<figure class=\"aligncenter size-full\"><img loading=\"lazy\" decoding=\"async\" width=\"1197\" height=\"1496\" src=\"https:\/\/entrenotasyacordes.com\/wp-content\/uploads\/2025\/03\/19bb.png\" alt=\"\" class=\"wp-image-14526\" srcset=\"https:\/\/entrenotasyacordes.com\/wp-content\/uploads\/2025\/03\/19bb.png 1197w, https:\/\/entrenotasyacordes.com\/wp-content\/uploads\/2025\/03\/19bb-240x300.png 240w, https:\/\/entrenotasyacordes.com\/wp-content\/uploads\/2025\/03\/19bb-819x1024.png 819w, https:\/\/entrenotasyacordes.com\/wp-content\/uploads\/2025\/03\/19bb-768x960.png 768w, https:\/\/entrenotasyacordes.com\/wp-content\/uploads\/2025\/03\/19bb-1024x1280.png 1024w\" sizes=\"auto, (max-width: 1197px) 100vw, 1197px\" \/><\/figure>\n<\/div>\n\n\n<p class=\"has-text-align-left\"><strong>Mafalda Cardenal, una de las voces m\u00e1s destacadas de la escena actual, llega por primera vez a Argentina con \u00abMis Notas de Voz\u00a0\u00ab(Sony Music), su esperado nuevo \u00e1lbum.<\/strong><\/p>\n\n\n\n<p class=\"has-text-align-left\"><strong>La talentosa cantante y compositora\u00a0Mafalda Cardenal, una de las voces m\u00e1s cautivadoras de la escena actual,\u00a0<\/strong>desembarca en Argentina para ofrecer un show imperdible. Con un estilo pasional y fresco, letras profundas, y una presencia esc\u00e9nica hipn\u00f3tica, Cardenal ha conquistado p\u00fablicos en todo el mundo.<\/p>\n\n\n\n<p>Como dice ella,\u00a0Mafalda\u00a0Cardenal\u00a0es una chica \u201cnormal y corriente\u201d de 23 a\u00f1os que \u201ccanta lo que le pasa\u201d. A modo de diario, la cantautora escribe canciones sobre lo que vive en su d\u00eda a d\u00eda, y entre sus temas favoritos sobre los que escribir destaca, sin duda, el desamor. Pero no un desamor lleno de met\u00e1foras e imposible de descifrar, sino un desamor real, del de toda la vida, del que duele.<\/p>\n\n\n\n<p>De un hobby a una pasi\u00f3n y de una pasi\u00f3n a una carrera con proyecci\u00f3n internacional. As\u00ed descibir\u00edamos la trayectoria de&nbsp;Mafalda&nbsp;Cardenal.<\/p>\n\n\n\n<p>Con siete a\u00f1os ya cantaba, y escuchaba a Taylor Swift m\u00e1s que a sus profesores. Ahora, reci\u00e9n graduada de administraci\u00f3n y direcci\u00f3n de empresas,&nbsp;Mafalda&nbsp;decide dejar las oficinas y la banca de inversi\u00f3n de lado para darle una oportunidad a la m\u00fasica, que por ahora, no parece estar decepcionando.<\/p>\n\n\n\n<p><strong>Y en 2022 empieza todo. Con \u201cPa que me cantes en el coche\u201d,&nbsp;Mafalda&nbsp;consigue hacerse un hueco en la industria, un hueco que crece org\u00e1nicamente con canciones como \u201cA&nbsp;ella la llevas a Paris\u201d, \u201cNi hablamos\u201d, y \u201cSi tiene que ser ser\u00e1\u201d entre otras<\/strong>. Convencida de que lo suyo son las baladas,&nbsp;Mafalda&nbsp;saca \u201cTu fan\u201d en mayo de 2023 y su \u201cVe y cu\u00e9ntale a la gente que yo estaba obsesionada\u2026\u201d cautiva a millones de personas, posicion\u00e1ndose como Top 1 Viral en m\u00e1s de 25 pa\u00edses y aglomerando 60 millones de reproducciones en plataformas de streaming.<\/p>\n\n\n\n<p>Una vez tomada la decisi\u00f3n de lanzarse a la piscina y dedicarse a la m\u00fasica full time, lleg\u00f3 el momento de su primera gira.&nbsp;Mafalda&nbsp;la ha llamado \u201cYA NO SOY TU FAN TOUR\u201d a modo de \u2018terapia\u2019 como dice ella, para cerrar una etapa de desamor que coincide con inicio de su carrera musical. En esta gira, ha cantado a pleno pulm\u00f3n todas sus canciones con sus fans, y esos gritos han llegado hasta M\u00e9xico, de donde acaba de regresar tras la primera fase de su gira, que ha retomado en Espa\u00f1a durante los meses de octubre y noviembre pasando por la Riviera en Madrid con un \u00e9xito total y el resto de fechas de la gira con varios sold outs.<\/p>\n\n\n\n<p><strong>Lo que empez\u00f3&nbsp;Mafalda&nbsp;Cardenal&nbsp;con una guitarra rosa y un coraz\u00f3n roto es hoy un proyecto musical cada vez m\u00e1s prometedor que no deja indiferente a nadie.<\/strong><\/p>\n\n\n\n<p class=\"has-text-align-left\"><strong>Su fecha en Buenos Aires formar\u00e1 parte de su gira &#8216;MIS NOTAS DE VOZ TOUR&#8217;, en la que presentar\u00e1 su \u00e1lbum debut, titulado de la misma manera.<\/strong><\/p>\n\n\n<div class=\"wp-block-image\">\n<figure class=\"aligncenter size-full\"><img loading=\"lazy\" decoding=\"async\" width=\"870\" height=\"1305\" src=\"https:\/\/entrenotasyacordes.com\/wp-content\/uploads\/2025\/03\/19bbb.jpg\" alt=\"\" class=\"wp-image-14527\" srcset=\"https:\/\/entrenotasyacordes.com\/wp-content\/uploads\/2025\/03\/19bbb.jpg 870w, https:\/\/entrenotasyacordes.com\/wp-content\/uploads\/2025\/03\/19bbb-200x300.jpg 200w, https:\/\/entrenotasyacordes.com\/wp-content\/uploads\/2025\/03\/19bbb-683x1024.jpg 683w, https:\/\/entrenotasyacordes.com\/wp-content\/uploads\/2025\/03\/19bbb-768x1152.jpg 768w\" sizes=\"auto, (max-width: 870px) 100vw, 870px\" \/><\/figure>\n<\/div>","protected":false},"excerpt":{"rendered":"","protected":false},"author":5,"featured_media":14526,"comment_status":"open","ping_status":"open","sticky":false,"template":"","format":"standard","meta":{"om_disable_all_campaigns":false,"_uf_show_specific_survey":0,"_uf_disable_surveys":false,"footnotes":""},"categories":[36],"tags":[],"class_list":["post-14525","post","type-post","status-publish","format-standard","has-post-thumbnail","hentry","category-conciertos"],"_links":{"self":[{"href":"https:\/\/entrenotasyacordes.com\/index.php?rest_route=\/wp\/v2\/posts\/14525","targetHints":{"allow":["GET"]}}],"collection":[{"href":"https:\/\/entrenotasyacordes.com\/index.php?rest_route=\/wp\/v2\/posts"}],"about":[{"href":"https:\/\/entrenotasyacordes.com\/index.php?rest_route=\/wp\/v2\/types\/post"}],"author":[{"embeddable":true,"href":"https:\/\/entrenotasyacordes.com\/index.php?rest_route=\/wp\/v2\/users\/5"}],"replies":[{"embeddable":true,"href":"https:\/\/entrenotasyacordes.com\/index.php?rest_route=%2Fwp%2Fv2%2Fcomments&post=14525"}],"version-history":[{"count":1,"href":"https:\/\/entrenotasyacordes.com\/index.php?rest_route=\/wp\/v2\/posts\/14525\/revisions"}],"predecessor-version":[{"id":14528,"href":"https:\/\/entrenotasyacordes.com\/index.php?rest_route=\/wp\/v2\/posts\/14525\/revisions\/14528"}],"wp:featuredmedia":[{"embeddable":true,"href":"https:\/\/entrenotasyacordes.com\/index.php?rest_route=\/wp\/v2\/media\/14526"}],"wp:attachment":[{"href":"https:\/\/entrenotasyacordes.com\/index.php?rest_route=%2Fwp%2Fv2%2Fmedia&parent=14525"}],"wp:term":[{"taxonomy":"category","embeddable":true,"href":"https:\/\/entrenotasyacordes.com\/index.php?rest_route=%2Fwp%2Fv2%2Fcategories&post=14525"},{"taxonomy":"post_tag","embeddable":true,"href":"https:\/\/entrenotasyacordes.com\/index.php?rest_route=%2Fwp%2Fv2%2Ftags&post=14525"}],"curies":[{"name":"wp","href":"https:\/\/api.w.org\/{rel}","templated":true}]}}