{"id":14529,"date":"2025-03-20T16:36:27","date_gmt":"2025-03-20T16:36:27","guid":{"rendered":"https:\/\/entrenotasyacordes.com\/?p=14529"},"modified":"2025-03-20T16:36:28","modified_gmt":"2025-03-20T16:36:28","slug":"viva-el-chamame-10-de-mayo-teatro-opera","status":"publish","type":"post","link":"https:\/\/entrenotasyacordes.com\/?p=14529","title":{"rendered":"VIVA EL CHAMAME &#8211; 10 DE MAYO &#8211; TEATRO \u00d3PERA"},"content":{"rendered":"\n<!--more-->\n\n\n\n<p class=\"has-text-align-center\"><strong>Consegu\u00ed tus entradas por sistema Ticketek\u00a0<a href=\"https:\/\/mkprensa.mailrelay-iv.es\/c\/qer8oo\/69ruvv50\/qjftxwqt81q\">aqu\u00ed<\/a><\/strong><\/p>\n\n\n<div class=\"wp-block-image\">\n<figure class=\"aligncenter size-full\"><img loading=\"lazy\" decoding=\"async\" width=\"1999\" height=\"1125\" src=\"https:\/\/entrenotasyacordes.com\/wp-content\/uploads\/2025\/03\/19bbbb.png\" alt=\"\" class=\"wp-image-14530\" srcset=\"https:\/\/entrenotasyacordes.com\/wp-content\/uploads\/2025\/03\/19bbbb.png 1999w, https:\/\/entrenotasyacordes.com\/wp-content\/uploads\/2025\/03\/19bbbb-300x169.png 300w, https:\/\/entrenotasyacordes.com\/wp-content\/uploads\/2025\/03\/19bbbb-1024x576.png 1024w, https:\/\/entrenotasyacordes.com\/wp-content\/uploads\/2025\/03\/19bbbb-768x432.png 768w, https:\/\/entrenotasyacordes.com\/wp-content\/uploads\/2025\/03\/19bbbb-1536x864.png 1536w\" sizes=\"auto, (max-width: 1999px) 100vw, 1999px\" \/><\/figure>\n<\/div>\n\n\n<p>Nito Artaza y Norberto Baccon presentan&nbsp;<strong>\u00abViva el chamam\u00e9\u00bb<\/strong>, en el&nbsp;<strong>Teatro \u00d3per<\/strong><strong>a de Buenos Aires<\/strong>, el&nbsp;<strong>s\u00e1bado 10 de mayo de 2025 a las 21:00 horas.&nbsp;<\/strong>Para m\u00e1s detalles, recomendamos visitar la p\u00e1gina oficial de venta de boletos:&nbsp;<a href=\"https:\/\/mkprensa.mailrelay-iv.es\/c\/qer8oo\/69ruvv50\/fosat9s0npi\">www.ticketek.com.ar<\/a>.<\/p>\n\n\n\n<p>El espect\u00e1culo\u00a0<strong>\u00abViva el chamam\u00e9\u00bb<\/strong>\u00a0celebra m\u00e1s de dos d\u00e9cadas de la llegada de este g\u00e9nero musical a la legendaria Avenida Corrientes de Buenos Aires. Este g\u00e9nero fue reconocido como Patrimonio Cultural Inmaterial de la Humanidad por la UNESCO. Participar\u00e1n de este encuentro Antonio Tarrag\u00f3 Ros, Los Alonsitos, Los de Imaguar\u00e9, el Quinteto Cocomarola con Gabriel Cocomarola (nieto del ic\u00f3nico Don Tr\u00e1nsito Cocomarola), Alfredo Monz\u00f3n y Blas Mart\u00ednez Riera Grupo.<\/p>\n\n\n\n<p>La velada ser\u00e1 conducida por Maia Sasovsky y Marcelo Iribarne, quienes acompa\u00f1ar\u00e1n al p\u00fablico en un recorrido por las ra\u00edces y la evoluci\u00f3n de este g\u00e9nero que sigue emocionando generaciones.<\/p>\n\n\n\n<p>El espect\u00e1culo mostrar\u00e1 la riqueza mel\u00f3dica y r\u00edtmica del chamam\u00e9, con el acorde\u00f3n y las guitarras como protagonistas, transportando a los asistentes a los paisajes del litoral: cielos azules, lapachos en flor y las cristalinas aguas de esteros y lagunas.<\/p>\n\n\n\n<p><strong>M\u00e1s sobre&nbsp;<\/strong><strong>Viva el chamam\u00e9<\/strong><strong>:<\/strong><\/p>\n\n\n\n<p>El espect\u00e1culo tuvo su debut en el a\u00f1o 2004 en el antiguo Teatro Astros, con m\u00e1s de diez funciones consecutivas a sala llena. Desde 2005, se convirti\u00f3 en un cl\u00e1sico en el Estadio Luna Park, tambi\u00e9n con entradas agotadas en cada edici\u00f3n. Ahora, dos d\u00e9cadas despu\u00e9s, el chamam\u00e9 regresa a la Avenida Corrientes para celebrar su historia y su presencia en la cultura popular.<\/p>\n\n\n\n<p>El chamam\u00e9 es el fruto de la fusi\u00f3n entre las tradiciones guaran\u00edes y los colonizadores espa\u00f1oles. Ha cruzado fronteras, convirti\u00e9ndose en una vibrante expresi\u00f3n de amor, tierra y paisaje. Este espect\u00e1culo \u00fanico reunir\u00e1 a los m\u00e1ximos exponentes de la m\u00fasica del litoral.<\/p>\n\n\n\n<p>No te pierdas esta gran celebraci\u00f3n de la m\u00fasica que une generaciones y contin\u00faa marcando el pulso de la identidad argentina. Una noche para vivir y sentir el chamam\u00e9 en toda su esencia, un viaje profundo a nuestras ra\u00edces culturales y un homenaje sonoro a la tierra que lo vio nacer.<\/p>\n\n\n\n<p>Toda la informaci\u00f3n adicional ser\u00e1 compartida en las redes oficiales de NB Producciones.<\/p>\n","protected":false},"excerpt":{"rendered":"","protected":false},"author":5,"featured_media":14530,"comment_status":"open","ping_status":"open","sticky":false,"template":"","format":"standard","meta":{"om_disable_all_campaigns":false,"_uf_show_specific_survey":0,"_uf_disable_surveys":false,"footnotes":""},"categories":[36],"tags":[],"class_list":["post-14529","post","type-post","status-publish","format-standard","has-post-thumbnail","hentry","category-conciertos"],"_links":{"self":[{"href":"https:\/\/entrenotasyacordes.com\/index.php?rest_route=\/wp\/v2\/posts\/14529","targetHints":{"allow":["GET"]}}],"collection":[{"href":"https:\/\/entrenotasyacordes.com\/index.php?rest_route=\/wp\/v2\/posts"}],"about":[{"href":"https:\/\/entrenotasyacordes.com\/index.php?rest_route=\/wp\/v2\/types\/post"}],"author":[{"embeddable":true,"href":"https:\/\/entrenotasyacordes.com\/index.php?rest_route=\/wp\/v2\/users\/5"}],"replies":[{"embeddable":true,"href":"https:\/\/entrenotasyacordes.com\/index.php?rest_route=%2Fwp%2Fv2%2Fcomments&post=14529"}],"version-history":[{"count":1,"href":"https:\/\/entrenotasyacordes.com\/index.php?rest_route=\/wp\/v2\/posts\/14529\/revisions"}],"predecessor-version":[{"id":14531,"href":"https:\/\/entrenotasyacordes.com\/index.php?rest_route=\/wp\/v2\/posts\/14529\/revisions\/14531"}],"wp:featuredmedia":[{"embeddable":true,"href":"https:\/\/entrenotasyacordes.com\/index.php?rest_route=\/wp\/v2\/media\/14530"}],"wp:attachment":[{"href":"https:\/\/entrenotasyacordes.com\/index.php?rest_route=%2Fwp%2Fv2%2Fmedia&parent=14529"}],"wp:term":[{"taxonomy":"category","embeddable":true,"href":"https:\/\/entrenotasyacordes.com\/index.php?rest_route=%2Fwp%2Fv2%2Fcategories&post=14529"},{"taxonomy":"post_tag","embeddable":true,"href":"https:\/\/entrenotasyacordes.com\/index.php?rest_route=%2Fwp%2Fv2%2Ftags&post=14529"}],"curies":[{"name":"wp","href":"https:\/\/api.w.org\/{rel}","templated":true}]}}