{"id":14993,"date":"2025-04-23T00:16:19","date_gmt":"2025-04-23T00:16:19","guid":{"rendered":"https:\/\/entrenotasyacordes.com\/?p=14993"},"modified":"2025-04-23T00:16:20","modified_gmt":"2025-04-23T00:16:20","slug":"la-academia-latina-de-la-grabacion-anuncia-que-la-26-a-entrega-anual-del-latin-grammy-se-realizara-el-13-de-noviembre","status":"publish","type":"post","link":"https:\/\/entrenotasyacordes.com\/?p=14993","title":{"rendered":"LA ACADEMIA LATINA DE LA GRABACI\u00d3N\u00ae ANUNCIA QUE LA 26.A ENTREGA ANUAL DEL LATIN GRAMMY\u00ae SE REALIZAR\u00c1 EL 13 DE NOVIEMBRE"},"content":{"rendered":"\n<!--more-->\n\n\n\n<p class=\"has-text-align-left\"><em>Los Latin GRAMMYs\u00ae se transmitir\u00e1n en vivo desde el MGM Grand Garden Arena en Las Vegas a trav\u00e9s de Univision; eventos adicionales de la Semana Latin GRAMMY\u00ae se llevar\u00e1n a cabo en la ciudad<\/em><\/p>\n\n\n\n<p class=\"has-text-align-left\"><em>Las nominaciones ser\u00e1n anunciadas el mi\u00e9rcoles, 17 de septiembre, y transmitidas a trav\u00e9s de los canales de redes sociales de La Academia Latina<\/em><\/p>\n\n\n<div class=\"wp-block-image\">\n<figure class=\"aligncenter size-full\"><img loading=\"lazy\" decoding=\"async\" width=\"1599\" height=\"1600\" src=\"https:\/\/entrenotasyacordes.com\/wp-content\/uploads\/2025\/04\/Imagem-do-WhatsApp-de-2025-04-22-as-10.35.13_b9f61666.jpg\" alt=\"\" class=\"wp-image-14994\" srcset=\"https:\/\/entrenotasyacordes.com\/wp-content\/uploads\/2025\/04\/Imagem-do-WhatsApp-de-2025-04-22-as-10.35.13_b9f61666.jpg 1599w, https:\/\/entrenotasyacordes.com\/wp-content\/uploads\/2025\/04\/Imagem-do-WhatsApp-de-2025-04-22-as-10.35.13_b9f61666-300x300.jpg 300w, https:\/\/entrenotasyacordes.com\/wp-content\/uploads\/2025\/04\/Imagem-do-WhatsApp-de-2025-04-22-as-10.35.13_b9f61666-1024x1025.jpg 1024w, https:\/\/entrenotasyacordes.com\/wp-content\/uploads\/2025\/04\/Imagem-do-WhatsApp-de-2025-04-22-as-10.35.13_b9f61666-150x150.jpg 150w, https:\/\/entrenotasyacordes.com\/wp-content\/uploads\/2025\/04\/Imagem-do-WhatsApp-de-2025-04-22-as-10.35.13_b9f61666-768x768.jpg 768w, https:\/\/entrenotasyacordes.com\/wp-content\/uploads\/2025\/04\/Imagem-do-WhatsApp-de-2025-04-22-as-10.35.13_b9f61666-1536x1536.jpg 1536w, https:\/\/entrenotasyacordes.com\/wp-content\/uploads\/2025\/04\/Imagem-do-WhatsApp-de-2025-04-22-as-10.35.13_b9f61666-50x50.jpg 50w\" sizes=\"auto, (max-width: 1599px) 100vw, 1599px\" \/><\/figure>\n<\/div>\n\n\n<p>La Academia Latina de la Grabaci\u00f3n\u00ae anunci\u00f3 hoy que la 26.a entrega anual del Latin GRAMMY\u00ae se llevar\u00e1 a cabo el jueves, 13 de Noviembre de 2025, en el MGM Grand Garden Arena en Las Vegas. Esta es la 15a vez que la ceremonia se realizar\u00e1 en la ciudad, reuniendo a creadores de m\u00fasica de todo el mundo para una inolvidable Semana Latin GRAMMY\u00ae, que dar\u00e1 paso a La Noche M\u00e1s Importante de la M\u00fasica Latina\u00ae.<\/p>\n\n\n\n<p><em>\u201cNos enorgullece llevar nuevamente la pasi\u00f3n y creatividad de la m\u00fasica latina a Las Vegas\u201d,<\/em>\u00a0dijo\u00a0<strong>Manuel Abud,<\/strong>\u00a0CEO de La Academia Latina de la Grabaci\u00f3n. \u201cLa ciudad ha recibido a los Latin GRAMMYs\u00ae a lo largo de los a\u00f1os, y esperamos vivir otra\u00a0gran Semana Latin GRAMMY\u00a0celebrando la m\u00fasica latina y a sus creadores\u201d.<\/p>\n\n\n\n<p>La transmisi\u00f3n, de tres horas de duraci\u00f3n, ser\u00e1 producida por Televisa Univision, la compa\u00f1\u00eda l\u00edder en contenido en espa\u00f1ol del mundo, y ser\u00e1 transmitida a trav\u00e9s de las plataformas de Televisa Univision en Estados Unidos, a partir de las 8 p.m. ET\/PT (7 p.m. Central), despu\u00e9s de la antesala de una hora de duraci\u00f3n, comenzando a las 7 p.m. ET\/PT (6 p.m. Central).<\/p>\n\n\n\n<p><em>\u201cComo el hogar de la m\u00fasica latina, estamos emocionados de presentar una cobertura sin precedentes de la 26.a Entrega Anual del Latin GRAMMY a nuestra audiencia\u201d<\/em>, dijo\u00a0<strong>Ignacio Meyer<\/strong>, presidente de Univision Networks Group en TelevisaUnivision. \u201cEsta noche ic\u00f3nica expondr\u00e1 el extraordinario talento en la m\u00fasica latina, mientras destaca a los artistas visionarios, creadores e historias que est\u00e1n moldeando la cultura en Estados Unidos y alrededor del mundo\u201d.<\/p>\n\n\n\n<p>Adem\u00e1s, los eventos de la Semana Latin GRAMMY se realizar\u00e1n por toda la ciudad, incluyendo la\u00a0Ceremonia de los Premios Especiales, Leading Ladies of Entertainment, Latin GRAMMY En Las<\/p>\n\n\n\n<p>Escuelas, la Recepci\u00f3n de Nominados, el Best New Artist Showcase, la Gala de la Persona del A\u00f1o y la Premiere, antes de la transmisi\u00f3n. M\u00e1s detalles de los eventos ser\u00e1n anunciados en los pr\u00f3ximos meses.<br>Fechas adicionales para el Proceso de Premiaci\u00f3n de este a\u00f1o, en preparaci\u00f3n para La Noche M\u00e1s Importante de la M\u00fasica Latina, incluyen:<\/p>\n\n\n\n<p><strong>&#8211; 28 de julio al 8 de agosto de 2025: Primera ronda de votaci\u00f3n<\/strong><br><strong>&#8211; 17 de septiembre de 2025: Anuncio de nominaciones<\/strong><br><strong>&#8211; 1 de octubre al 13 de octubre de 2025: Ronda final de votaci\u00f3n<\/strong><\/p>\n","protected":false},"excerpt":{"rendered":"","protected":false},"author":5,"featured_media":14994,"comment_status":"open","ping_status":"open","sticky":false,"template":"","format":"standard","meta":{"om_disable_all_campaigns":false,"_uf_show_specific_survey":0,"_uf_disable_surveys":false,"footnotes":""},"categories":[34],"tags":[],"class_list":["post-14993","post","type-post","status-publish","format-standard","has-post-thumbnail","hentry","category-ultimas-noticias"],"_links":{"self":[{"href":"https:\/\/entrenotasyacordes.com\/index.php?rest_route=\/wp\/v2\/posts\/14993","targetHints":{"allow":["GET"]}}],"collection":[{"href":"https:\/\/entrenotasyacordes.com\/index.php?rest_route=\/wp\/v2\/posts"}],"about":[{"href":"https:\/\/entrenotasyacordes.com\/index.php?rest_route=\/wp\/v2\/types\/post"}],"author":[{"embeddable":true,"href":"https:\/\/entrenotasyacordes.com\/index.php?rest_route=\/wp\/v2\/users\/5"}],"replies":[{"embeddable":true,"href":"https:\/\/entrenotasyacordes.com\/index.php?rest_route=%2Fwp%2Fv2%2Fcomments&post=14993"}],"version-history":[{"count":1,"href":"https:\/\/entrenotasyacordes.com\/index.php?rest_route=\/wp\/v2\/posts\/14993\/revisions"}],"predecessor-version":[{"id":14995,"href":"https:\/\/entrenotasyacordes.com\/index.php?rest_route=\/wp\/v2\/posts\/14993\/revisions\/14995"}],"wp:featuredmedia":[{"embeddable":true,"href":"https:\/\/entrenotasyacordes.com\/index.php?rest_route=\/wp\/v2\/media\/14994"}],"wp:attachment":[{"href":"https:\/\/entrenotasyacordes.com\/index.php?rest_route=%2Fwp%2Fv2%2Fmedia&parent=14993"}],"wp:term":[{"taxonomy":"category","embeddable":true,"href":"https:\/\/entrenotasyacordes.com\/index.php?rest_route=%2Fwp%2Fv2%2Fcategories&post=14993"},{"taxonomy":"post_tag","embeddable":true,"href":"https:\/\/entrenotasyacordes.com\/index.php?rest_route=%2Fwp%2Fv2%2Ftags&post=14993"}],"curies":[{"name":"wp","href":"https:\/\/api.w.org\/{rel}","templated":true}]}}