{"id":14996,"date":"2025-04-23T00:18:52","date_gmt":"2025-04-23T00:18:52","guid":{"rendered":"https:\/\/entrenotasyacordes.com\/?p=14996"},"modified":"2025-04-23T00:18:53","modified_gmt":"2025-04-23T00:18:53","slug":"j-alvarez-regresa-a-la-argentina-el-1-de-mayo","status":"publish","type":"post","link":"https:\/\/entrenotasyacordes.com\/?p=14996","title":{"rendered":"J \u00c1LVAREZ REGRESA A LA ARGENTINA EL 1 DE MAYO"},"content":{"rendered":"\n<!--more-->\n\n\n\n<p class=\"has-text-align-center\"><strong>Y ELIGE BLINBLIN PARA SU GRAN SHOW<br>EN BUENOS AIRES FREEDOM TOUR 2025<\/strong><\/p>\n\n\n<div class=\"wp-block-image\">\n<figure class=\"aligncenter size-full is-resized\"><img loading=\"lazy\" decoding=\"async\" width=\"938\" height=\"1172\" src=\"https:\/\/entrenotasyacordes.com\/wp-content\/uploads\/2025\/04\/1745260957935-j-alvarez.jpg\" alt=\"\" class=\"wp-image-14997\" style=\"width:654px;height:auto\" srcset=\"https:\/\/entrenotasyacordes.com\/wp-content\/uploads\/2025\/04\/1745260957935-j-alvarez.jpg 938w, https:\/\/entrenotasyacordes.com\/wp-content\/uploads\/2025\/04\/1745260957935-j-alvarez-240x300.jpg 240w, https:\/\/entrenotasyacordes.com\/wp-content\/uploads\/2025\/04\/1745260957935-j-alvarez-820x1024.jpg 820w, https:\/\/entrenotasyacordes.com\/wp-content\/uploads\/2025\/04\/1745260957935-j-alvarez-768x960.jpg 768w\" sizes=\"auto, (max-width: 938px) 100vw, 938px\" \/><\/figure>\n<\/div>\n\n\n<p>\u00a0Despu\u00e9s de 8 a\u00f1os,\u00a0<strong>J \u00c1lvarez<\/strong>, el \u00edcono del reggaet\u00f3n global y pionero del sonido urbano moderno, vuelve al pa\u00eds con un show \u00fanico en el marco de su<strong>\u00a0Freedom World Tour 2025<\/strong>\u00a0. La cita ser\u00e1 el\u00a0<strong>1 de mayo en BlinBlin<\/strong>, la fiesta argentina que viene marcando el pulso de la escena urbana en Buenos Aires y Latinoam\u00e9rica.<\/p>\n\n\n<div class=\"wp-block-image\">\n<figure class=\"aligncenter size-full is-resized\"><img loading=\"lazy\" decoding=\"async\" width=\"1280\" height=\"719\" src=\"https:\/\/entrenotasyacordes.com\/wp-content\/uploads\/2025\/04\/1745261141385-j-alvarez-2.jpg\" alt=\"\" class=\"wp-image-14998\" style=\"width:654px;height:auto\" srcset=\"https:\/\/entrenotasyacordes.com\/wp-content\/uploads\/2025\/04\/1745261141385-j-alvarez-2.jpg 1280w, https:\/\/entrenotasyacordes.com\/wp-content\/uploads\/2025\/04\/1745261141385-j-alvarez-2-300x169.jpg 300w, https:\/\/entrenotasyacordes.com\/wp-content\/uploads\/2025\/04\/1745261141385-j-alvarez-2-1024x575.jpg 1024w, https:\/\/entrenotasyacordes.com\/wp-content\/uploads\/2025\/04\/1745261141385-j-alvarez-2-768x431.jpg 768w\" sizes=\"auto, (max-width: 1280px) 100vw, 1280px\" \/><\/figure>\n<\/div>\n\n\n<p>El artista puertorrique\u00f1o \u2014reconocido mundialmente como&nbsp;<strong>\u201cEl Due\u00f1o del Sistema\u201d<\/strong>\u2014 trae de regreso sus hits que definieron una generaci\u00f3n y presentan una nueva etapa en su carrera.<br>Due\u00f1o de una trayectoria s\u00f3lida y una visi\u00f3n empresarial propia, J \u00c1lvarez no solo es m\u00fasico: es movimiento, legado y evoluci\u00f3n. Canciones como \u00abLa Pregunta\u00bb, \u00abJunto al Amanecer\u00bb o \u00abEsa Boquita\u00bb siguen sonando en todas las pistas del mundo, y ahora volver\u00e1n a vibrar en vivo, en el coraz\u00f3n de la fiesta m\u00e1s caliente del continente. Con colaboraciones con dandy yankee, bad bunny, farruko, anuel, \u00a1entre otros! BlinBlin, la fiesta urbana argentina por excelencia, ser\u00e1 el escenario perfecto para este reencuentro. Con un estilo unico, visuales impactantes y una comunidad joven y apasionada,&nbsp;<strong>BlinBlin<\/strong>&nbsp;no para de crecer y ahora se convierte en anfitrion de uno de los shows m\u00e1s esperados del a\u00f1o.<\/p>\n\n\n\n<p><strong>Esta fecha no es una m\u00e1s: es el cruce de dos potencias. J \u00c1lvarez x BlinBlin. TEMPORADA DE REGGAETON<\/strong>&nbsp;<\/p>\n","protected":false},"excerpt":{"rendered":"","protected":false},"author":5,"featured_media":14997,"comment_status":"open","ping_status":"open","sticky":false,"template":"","format":"standard","meta":{"om_disable_all_campaigns":false,"_uf_show_specific_survey":0,"_uf_disable_surveys":false,"footnotes":""},"categories":[36],"tags":[],"class_list":["post-14996","post","type-post","status-publish","format-standard","has-post-thumbnail","hentry","category-conciertos"],"_links":{"self":[{"href":"https:\/\/entrenotasyacordes.com\/index.php?rest_route=\/wp\/v2\/posts\/14996","targetHints":{"allow":["GET"]}}],"collection":[{"href":"https:\/\/entrenotasyacordes.com\/index.php?rest_route=\/wp\/v2\/posts"}],"about":[{"href":"https:\/\/entrenotasyacordes.com\/index.php?rest_route=\/wp\/v2\/types\/post"}],"author":[{"embeddable":true,"href":"https:\/\/entrenotasyacordes.com\/index.php?rest_route=\/wp\/v2\/users\/5"}],"replies":[{"embeddable":true,"href":"https:\/\/entrenotasyacordes.com\/index.php?rest_route=%2Fwp%2Fv2%2Fcomments&post=14996"}],"version-history":[{"count":1,"href":"https:\/\/entrenotasyacordes.com\/index.php?rest_route=\/wp\/v2\/posts\/14996\/revisions"}],"predecessor-version":[{"id":14999,"href":"https:\/\/entrenotasyacordes.com\/index.php?rest_route=\/wp\/v2\/posts\/14996\/revisions\/14999"}],"wp:featuredmedia":[{"embeddable":true,"href":"https:\/\/entrenotasyacordes.com\/index.php?rest_route=\/wp\/v2\/media\/14997"}],"wp:attachment":[{"href":"https:\/\/entrenotasyacordes.com\/index.php?rest_route=%2Fwp%2Fv2%2Fmedia&parent=14996"}],"wp:term":[{"taxonomy":"category","embeddable":true,"href":"https:\/\/entrenotasyacordes.com\/index.php?rest_route=%2Fwp%2Fv2%2Fcategories&post=14996"},{"taxonomy":"post_tag","embeddable":true,"href":"https:\/\/entrenotasyacordes.com\/index.php?rest_route=%2Fwp%2Fv2%2Ftags&post=14996"}],"curies":[{"name":"wp","href":"https:\/\/api.w.org\/{rel}","templated":true}]}}