{"id":15004,"date":"2025-04-24T13:51:42","date_gmt":"2025-04-24T13:51:42","guid":{"rendered":"https:\/\/entrenotasyacordes.com\/?p=15004"},"modified":"2025-04-24T13:51:43","modified_gmt":"2025-04-24T13:51:43","slug":"addison-rae-presenta-su-nuevo-single-headphones-on","status":"publish","type":"post","link":"https:\/\/entrenotasyacordes.com\/?p=15004","title":{"rendered":"ADDISON RAE presenta su nuevo single \u00abHEADPHONES ON\u00bb"},"content":{"rendered":"\n<!--more-->\n\n\n<div class=\"wp-block-image\">\n<figure class=\"aligncenter size-full is-resized\"><img loading=\"lazy\" decoding=\"async\" width=\"658\" height=\"658\" src=\"https:\/\/entrenotasyacordes.com\/wp-content\/uploads\/2025\/04\/388cd982-d72b-4694-9385-7963af3b9b6b.jpg\" alt=\"\" class=\"wp-image-15005\" style=\"width:654px;height:auto\" srcset=\"https:\/\/entrenotasyacordes.com\/wp-content\/uploads\/2025\/04\/388cd982-d72b-4694-9385-7963af3b9b6b.jpg 658w, https:\/\/entrenotasyacordes.com\/wp-content\/uploads\/2025\/04\/388cd982-d72b-4694-9385-7963af3b9b6b-300x300.jpg 300w, https:\/\/entrenotasyacordes.com\/wp-content\/uploads\/2025\/04\/388cd982-d72b-4694-9385-7963af3b9b6b-150x150.jpg 150w, https:\/\/entrenotasyacordes.com\/wp-content\/uploads\/2025\/04\/388cd982-d72b-4694-9385-7963af3b9b6b-50x50.jpg 50w\" sizes=\"auto, (max-width: 658px) 100vw, 658px\" \/><figcaption class=\"wp-element-caption\"><strong>Ph<\/strong>: Bella Newman<\/figcaption><\/figure>\n<\/div>\n\n\n<p class=\"has-text-align-left\">La superestrella del pop, compositora y actriz\u00a0<strong>Addison Rae<\/strong>\u00a0ha lanzado su \u00faltimo single,\u00a0<strong>\u00abHeadphones On\u00bb<\/strong>, acompa\u00f1ado de un nuevo video musical. Escucha la canci\u00f3n y mira el video, dirigido por Mitch Ryan,\u00a0<strong><a href=\"https:\/\/click.emails.sonymusicfans.com\/?qs=3d4dfedff08ecabbdd9c2f52f1c540cde3790de8ee4e9712353e020ae736180b8411c45eca1a1b551d8824c7ce866f24e2b68160baf83f18\">aqu\u00ed<\/a>.<\/strong><br>\u00a0<br>La canci\u00f3n llega poco despu\u00e9s de la aparici\u00f3n sorpresa de Addison durante el set de Arca en Coachella el pasado domingo por la noche, donde el d\u00fao interpret\u00f3 \u00ab<strong>Arcamarine<\/strong>\u00ab, la versi\u00f3n de Arca del sencillo\u00a0<strong>\u00abAquamarine<\/strong>\u00bb de Addison.<br>\u00a0<br>El nuevo video oficial lleva a los fan\u00e1ticos a Reykjavik, Islandia. Dirigido por Mitch Ryan, quien tambi\u00e9n dirigi\u00f3 el video de \u00ab<strong>High Fashion<\/strong>\u00ab, se muestra a Addison so\u00f1ando despierta en una tienda de comestibles mundana antes de ser transportada a la vasta campi\u00f1a llena de fantas\u00eda de Islandia, convirti\u00e9ndose en un viaje alucinante. La canci\u00f3n est\u00e1 producida por sus colaboradores de confianza Luka Kloser y Elvira Anderfj\u00e4rd, quienes coescribieron la canci\u00f3n junto a Addison. Esta es la primera canci\u00f3n lanzada bajo el nuevo acuerdo de publicaci\u00f3n de Addison con Sony Music Publishing.<br>\u00a0<br>Desde el lanzamiento de \u00ab<strong>Diet Pepsi<\/strong>\u00bb en octubre, Addison se ha consolidado como una de las nuevas voces m\u00e1s prometedoras del pop. La canci\u00f3n se convirti\u00f3 en su canci\u00f3n m\u00e1s reproducida hasta la fecha y marc\u00f3 su primera entrada en el Billboard Hot 100. Le sigui\u00f3 de cerca \u00ab<strong>Aquamarine<\/strong>\u00ab, cuyo video musical filmado en Par\u00eds sirvi\u00f3 como un espect\u00e1culo de moda. El d\u00eda de San Valent\u00edn, Addison lanz\u00f3 \u00ab<strong>High Fashion\u00bb,<\/strong>\u00a0con un video filmado en su estado natal de Luisiana. Junto con \u00ab<strong>Headphones On<\/strong>\u00ab, estas canciones aparecer\u00e1n en el muy esperado \u00e1lbum debut de Addison.<\/p>\n\n\n<div class=\"wp-block-image\">\n<figure class=\"aligncenter size-full\"><img loading=\"lazy\" decoding=\"async\" width=\"883\" height=\"587\" src=\"https:\/\/entrenotasyacordes.com\/wp-content\/uploads\/2025\/04\/552a20cd-7d18-4d25-b7a5-02667eac6f18.jpg\" alt=\"\" class=\"wp-image-15006\" srcset=\"https:\/\/entrenotasyacordes.com\/wp-content\/uploads\/2025\/04\/552a20cd-7d18-4d25-b7a5-02667eac6f18.jpg 883w, https:\/\/entrenotasyacordes.com\/wp-content\/uploads\/2025\/04\/552a20cd-7d18-4d25-b7a5-02667eac6f18-300x200.jpg 300w, https:\/\/entrenotasyacordes.com\/wp-content\/uploads\/2025\/04\/552a20cd-7d18-4d25-b7a5-02667eac6f18-768x511.jpg 768w\" sizes=\"auto, (max-width: 883px) 100vw, 883px\" \/><figcaption class=\"wp-element-caption\"><strong>Ph<\/strong>: Bella Newman<\/figcaption><\/figure>\n<\/div>\n\n\n<p><strong><u>SOBRE ADDISON RAE<\/u><\/strong><\/p>\n\n\n\n<p>Addison Rae se ha convertido en una de las estrellas j\u00f3venes m\u00e1s reconocidas de Hollywood. En agosto, lanz\u00f3 \u00abDiet Pepsi\u00bb, marcando su primera colaboraci\u00f3n con Columbia Records. El sencillo tuvo un impacto significativo, convirti\u00e9ndose en el primero de Addison en ingresar a la lista Billboard Hot 100. Lanzado junto con un video musical dirigido por Sean Price Williams y bajo la direcci\u00f3n creativa de Mel Ottenberg, \u00abDiet Pepsi\u00bb contin\u00faa cimentando la creciente influencia de Addison en la m\u00fasica. A \u00abDiet Pepsi\u00bb le sigui\u00f3 \u00abAquamarine\u00bb, que presentaba un deslumbrante video musical filmado en Par\u00eds, Francia. Luego, con su tercer sencillo, \u00abHigh Fashion\u00bb, la revista PAPER declar\u00f3 que Addison hab\u00eda ido \u00abtres por tres\u00bb, calificando la nueva canci\u00f3n de \u00abhipn\u00f3tica y euf\u00f3rica\u00bb. El a\u00f1o pasado, lanz\u00f3 su esperado EP debut,&nbsp;<em>AR.<\/em>&nbsp;El EP obtuvo 10 millones de reproducciones en su primera semana y presenta la exitosa canci\u00f3n \u00ab2 Die 4\u00bb, con Charli XCX. Continuando con su colaboraci\u00f3n con Charli, Addison se uni\u00f3 a ella en el remix de la exitosa canci\u00f3n viral \u00abVon Dutch\u00bb el a\u00f1o pasado. En cuanto al cine, Addison fue anunciada recientemente como estrella en<em>&nbsp;Animal Friends&nbsp;<\/em>, junto a Ryan Reynolds, Jason Momoa, Dan Levy y Aubrey Plaza. Tambi\u00e9n fue vista recientemente en la pel\u00edcula de terror de Eli Roth<em>, Acci\u00f3n de Gracias<\/em>, junto a Patrick Dempsey. La pel\u00edcula debut\u00f3 en los cines de todo el mundo y luego se agreg\u00f3 a Netflix, donde r\u00e1pidamente alcanz\u00f3 el # 1 (marcando su segunda pel\u00edcula en lograr este hito).&nbsp;En 2021, Addison protagoniz\u00f3&nbsp;<em>He&#8217;s All That, de Netflix<\/em>, dirigida por Mark Waters.&nbsp;La pel\u00edcula, un reinicio con cambio de g\u00e9nero del cl\u00e1sico de culto de 1999&nbsp;<em>She&#8217;s All That&nbsp;<\/em>, se estren\u00f3 como la pel\u00edcula # 1 en la plataforma en 80 pa\u00edses. Desde principios de 2020, Addison ha acumulado m\u00e1s de 88 millones de seguidores en TikTok, con m\u00e1s de 5.8 mil millones de me gusta, y 34 millones de seguidores en Instagram.<\/p>\n","protected":false},"excerpt":{"rendered":"","protected":false},"author":5,"featured_media":15005,"comment_status":"open","ping_status":"open","sticky":false,"template":"","format":"standard","meta":{"om_disable_all_campaigns":false,"_uf_show_specific_survey":0,"_uf_disable_surveys":false,"footnotes":""},"categories":[4],"tags":[],"class_list":["post-15004","post","type-post","status-publish","format-standard","has-post-thumbnail","hentry","category-musica"],"_links":{"self":[{"href":"https:\/\/entrenotasyacordes.com\/index.php?rest_route=\/wp\/v2\/posts\/15004","targetHints":{"allow":["GET"]}}],"collection":[{"href":"https:\/\/entrenotasyacordes.com\/index.php?rest_route=\/wp\/v2\/posts"}],"about":[{"href":"https:\/\/entrenotasyacordes.com\/index.php?rest_route=\/wp\/v2\/types\/post"}],"author":[{"embeddable":true,"href":"https:\/\/entrenotasyacordes.com\/index.php?rest_route=\/wp\/v2\/users\/5"}],"replies":[{"embeddable":true,"href":"https:\/\/entrenotasyacordes.com\/index.php?rest_route=%2Fwp%2Fv2%2Fcomments&post=15004"}],"version-history":[{"count":1,"href":"https:\/\/entrenotasyacordes.com\/index.php?rest_route=\/wp\/v2\/posts\/15004\/revisions"}],"predecessor-version":[{"id":15007,"href":"https:\/\/entrenotasyacordes.com\/index.php?rest_route=\/wp\/v2\/posts\/15004\/revisions\/15007"}],"wp:featuredmedia":[{"embeddable":true,"href":"https:\/\/entrenotasyacordes.com\/index.php?rest_route=\/wp\/v2\/media\/15005"}],"wp:attachment":[{"href":"https:\/\/entrenotasyacordes.com\/index.php?rest_route=%2Fwp%2Fv2%2Fmedia&parent=15004"}],"wp:term":[{"taxonomy":"category","embeddable":true,"href":"https:\/\/entrenotasyacordes.com\/index.php?rest_route=%2Fwp%2Fv2%2Fcategories&post=15004"},{"taxonomy":"post_tag","embeddable":true,"href":"https:\/\/entrenotasyacordes.com\/index.php?rest_route=%2Fwp%2Fv2%2Ftags&post=15004"}],"curies":[{"name":"wp","href":"https:\/\/api.w.org\/{rel}","templated":true}]}}