{"id":15011,"date":"2025-04-24T14:00:24","date_gmt":"2025-04-24T14:00:24","guid":{"rendered":"https:\/\/entrenotasyacordes.com\/?p=15011"},"modified":"2025-04-24T14:00:25","modified_gmt":"2025-04-24T14:00:25","slug":"axel-fiks-21-de-junio-en-el-teatro-margarita-xirgu","status":"publish","type":"post","link":"https:\/\/entrenotasyacordes.com\/?p=15011","title":{"rendered":"AXEL FIKS 21 DE JUNIO EN EL TEATRO MARGARITA XIRGU"},"content":{"rendered":"\n<!--more-->\n\n\n<div class=\"wp-block-image\">\n<figure class=\"aligncenter size-full is-resized\"><img loading=\"lazy\" decoding=\"async\" width=\"1316\" height=\"1645\" src=\"https:\/\/entrenotasyacordes.com\/wp-content\/uploads\/2025\/04\/1745336357273-Axel_Fiks-1.jpg\" alt=\"\" class=\"wp-image-15013\" style=\"width:654px;height:auto\" srcset=\"https:\/\/entrenotasyacordes.com\/wp-content\/uploads\/2025\/04\/1745336357273-Axel_Fiks-1.jpg 1316w, https:\/\/entrenotasyacordes.com\/wp-content\/uploads\/2025\/04\/1745336357273-Axel_Fiks-1-240x300.jpg 240w, https:\/\/entrenotasyacordes.com\/wp-content\/uploads\/2025\/04\/1745336357273-Axel_Fiks-1-819x1024.jpg 819w, https:\/\/entrenotasyacordes.com\/wp-content\/uploads\/2025\/04\/1745336357273-Axel_Fiks-1-768x960.jpg 768w, https:\/\/entrenotasyacordes.com\/wp-content\/uploads\/2025\/04\/1745336357273-Axel_Fiks-1-1229x1536.jpg 1229w, https:\/\/entrenotasyacordes.com\/wp-content\/uploads\/2025\/04\/1745336357273-Axel_Fiks-1-1024x1280.jpg 1024w\" sizes=\"auto, (max-width: 1316px) 100vw, 1316px\" \/><\/figure>\n<\/div>\n\n\n<p class=\"has-text-align-left\"><strong>Axel Fiks<\/strong>&nbsp;es un artista argentino cuya m\u00fasica se nutre de influencias del jazz y el hip hop, lo que le otorga una destacada capacidad musical y un sonido \u00fanico. Su carrera despeg\u00f3 despu\u00e9s de lanzar su primer \u00e1lbum, que grab\u00f3 en su habitaci\u00f3n, y desde entonces ha colaborado con varios destacados artistas, consolid\u00e1ndose en la escena musical de Argentina.<\/p>\n\n\n\n<p>Una de sus colaboraciones m\u00e1s notables fue con\u00a0<strong>Chica Acuario y Goyo Degano<\/strong>,\u00a0<strong>vocalista de Bandalos Chinos<\/strong>. Adem\u00e1s, Axel compuso y produjo el beat para la popular para la popular\u00a0<strong>\u00abBizarrap Session #3\u00bb de Paco Amoroso.<\/strong><\/p>\n\n\n\n<p class=\"has-text-align-left\">En 2024, Axel realiz\u00f3 su primera gira por Europa, lo que le permiti\u00f3 expandir su audiencia internacional. Este a\u00f1o tambi\u00e9n estuvo marcado por su\u00a0<strong>impresionante \u00e9xito en plataformas digitales, acumulando m\u00e1s de 20 millones de reproducciones en Spotify.<\/strong>\u00a0Con su talento y una creciente base de seguidores, Axel Fiks contin\u00faa dejando su huella en el panorama musical contempor\u00e1neo.<\/p>\n\n\n<div class=\"wp-block-image\">\n<figure class=\"aligncenter size-full is-resized\"><img loading=\"lazy\" decoding=\"async\" width=\"2560\" height=\"2560\" src=\"https:\/\/entrenotasyacordes.com\/wp-content\/uploads\/2025\/04\/1745336374272-Portada_abierto-toda-la-noche-scaled.jpg\" alt=\"\" class=\"wp-image-15014\" style=\"width:654px;height:auto\" srcset=\"https:\/\/entrenotasyacordes.com\/wp-content\/uploads\/2025\/04\/1745336374272-Portada_abierto-toda-la-noche-scaled.jpg 2560w, https:\/\/entrenotasyacordes.com\/wp-content\/uploads\/2025\/04\/1745336374272-Portada_abierto-toda-la-noche-300x300.jpg 300w, https:\/\/entrenotasyacordes.com\/wp-content\/uploads\/2025\/04\/1745336374272-Portada_abierto-toda-la-noche-1024x1024.jpg 1024w, https:\/\/entrenotasyacordes.com\/wp-content\/uploads\/2025\/04\/1745336374272-Portada_abierto-toda-la-noche-150x150.jpg 150w, https:\/\/entrenotasyacordes.com\/wp-content\/uploads\/2025\/04\/1745336374272-Portada_abierto-toda-la-noche-768x768.jpg 768w, https:\/\/entrenotasyacordes.com\/wp-content\/uploads\/2025\/04\/1745336374272-Portada_abierto-toda-la-noche-1536x1536.jpg 1536w, https:\/\/entrenotasyacordes.com\/wp-content\/uploads\/2025\/04\/1745336374272-Portada_abierto-toda-la-noche-2048x2048.jpg 2048w, https:\/\/entrenotasyacordes.com\/wp-content\/uploads\/2025\/04\/1745336374272-Portada_abierto-toda-la-noche-50x50.jpg 50w\" sizes=\"auto, (max-width: 2560px) 100vw, 2560px\" \/><\/figure>\n<\/div>\n\n\n<p>Tras el lanzamiento de su nuevo trabajo discogr\u00e1fico en donde presenta primer disco conceptual \u201cAbierto toda la Noche\u201d,<strong>\u00a0Axel Fiks\u00a0<\/strong>anuncia su show para el 21 de junio en el Teatro Margarita Xirgu.<br>\u00a0<br><strong>Abierto toda la Noche<\/strong>\u00a0es un LP con letras brutalmente honestas, producciones que marcan un norte en la escena latinoamericana y un concepto que va a dar que hablar.<br>\u00a0<br>Este trabajo es el tercer disco de Axel Fiks y su primer \u00e1lbum conceptual, donde las canciones se despliegan desde la perspectiva de diferentes narradores, cada uno con una historia \u00fanica.<\/p>\n\n\n\n<p>Este trabajo es autorreferencial, ya que las letras surgen de la vida cotidiana de Axel, abordando temas como el amor, la relaci\u00f3n con sustancias y la ausencia de su padre.<br>\u00a0<br>El \u00e1lbum da vida a un bar imaginario que solo acepta a quienes realmente lo necesitan, simbolizando la apertura de Axel para escuchar y conectar con otros. A trav\u00e9s del soporte audiovisual, se presentan personajes con sus propias luchas y virtudes, reflejando los miedos, inseguridades y deseos del artista. En \u00faltima instancia, el bar se convierte en una met\u00e1fora de la psiquis de Axel, un espacio donde el arte y la realidad se entrelazan.<\/p>\n\n\n\n<p>La creaci\u00f3n de \u201cAbierto toda la noche\u201d comenz\u00f3 en octubre de 2023 de una manera espont\u00e1nea, r\u00e1pidamente Joaqu\u00edn Bernab\u00e9, productor del \u00e1lbum, y Axel se dieron cuenta de que contaban con al menos 24 canciones listas para trabajar. A medida que avanz\u00f3 el tiempo, la calidad y la cantidad de trabajo aumentaron, dedicando casi todo 2024 a reunirse a diario en Viethouse, su estudio, para pulir cada tema.<br>\u00a0<br>Todas las composiciones son originales y nacieron de la guitarra ac\u00fastica del artista, excepto \u201cVino y Alplax\u201d, que fue creada en la computadora. Durante el proceso, Joaqu\u00edn y Axel colaboraron estrechamente para dar forma a las canciones. Para la escritura, el artista se sumergi\u00f3 en la poes\u00eda argentina, especialmente en las obras de Enrique Cad\u00edcamo y Horacio Ferrer, cuyas letras en el tango le brindaron una gran fuente de inspiraci\u00f3n. Este \u00e1lbum marc\u00f3 su descubrimiento de un enfoque novedoso: musicalizar poemas en forma de vals o en estructuras tangueras<\/p>\n\n\n\n<p>La canci\u00f3n \u201cHijo \u00danico\u201d surgi\u00f3 de una experiencia creativa compartida con Joaqu\u00edn. Establecieron una tonalidad y un BPM, y se sumergieron en distintos estudios para crear un beat, que luego fueron fusionando. El contraste entre el beat m\u00e1s movido del artista y el estilo chill de Joaqu\u00edn result\u00f3 siendo un contraste perfecto que luego se profundiz\u00f3 en una canci\u00f3n. La letra experiment\u00f3 un proceso de evoluci\u00f3n, tocando temas sutiles como la figura paterna, la obsesi\u00f3n por las calor\u00edas y la necesidad de adaptarse a la sociedad.<br>\u00a0<br>Las grabaciones del \u00e1lbum se realizaron en Viethouse, excepto \u201cartemisa\u201d y \u201cveintisinko\u201d, que fueron producidas en El Mejor Estudio. Desde un inicio, Axel decidi\u00f3 no incluir colaboraciones en el disco, salvo en el caso de Catalina Ammaturo, quien aport\u00f3 una din\u00e1mica singular a \u201cveintisinko\u201d. Juntos crearon un di\u00e1logo perfecto que se desarrolla en la canci\u00f3n, un elemento que nunca antes hab\u00eda considerado en su composici\u00f3n.<\/p>\n\n\n\n<p>El concepto de \u201cAbierto toda la noche\u201d naci\u00f3 de una serie de reflexiones que surgieron en un vuelo de Roma a Madrid. Mientras Axel escuchaba m\u00fasica y se maravillaba con los paisajes, decidi\u00f3 crear un \u00e1lbum que contar\u00e1 una historia de principio a fin, m\u00e1s all\u00e1 de la narrativa personal que cada canci\u00f3n ofrece. Junto a Fran Trimarco (su manager), en Barcelona, comparti\u00f3 un cuaderno lleno de ideas, y juntos desarrollaron personajes y voces que dieron vida al concepto visual del \u00e1lbum, con la invaluable ayuda de su madre y otros colaboradores en la est\u00e9tica y los videos.<br>\u00a0<br>Este disco es una exploraci\u00f3n de lo invisible, de lo intangible que todos llevamos dentro. Su narrativa gira en torno a un bar misterioso que no puede ser encontrado, pero que tiene el poder de encontrarte a ti. Un lugar que parece tener vida propia, donde las reglas de lo com\u00fan se desdibujan y solo quienes verdaderamente lo necesitan logran cruzar su umbral. En su fachada, una direcci\u00f3n inexistente te recuerda que este espacio no pertenece al mundo f\u00edsico, sino al emocional.<\/p>\n\n\n\n<p>A trav\u00e9s de un soporte audiovisual inmersivo, el disco nos sumerge en las historias de los personajes que habitan este bar: almas enredadas en sus virtudes y vicios, reflejando los conflictos internos de Axel. Cada canci\u00f3n, cada imagen, da voz a temas tan crudos como el ego, el peso del pasado, las adicciones, la timidez, la autocr\u00edtica y la ansiedad.<br>\u00a0<br>La guitarra el\u00e9ctrica de Mateo Castiello se destaca como una de las grandes protagonistas del disco, sumando texturas a las composiciones del artista. De las 24 canciones iniciales, fueron seleccionadas 18 y finalmente se redujeron a 9, enfoc\u00e1ndose en aquellas que aportan a la obra general y se alineaban con el concepto que se quer\u00eda transmitir.<\/p>\n","protected":false},"excerpt":{"rendered":"","protected":false},"author":5,"featured_media":15014,"comment_status":"open","ping_status":"open","sticky":false,"template":"","format":"standard","meta":{"om_disable_all_campaigns":false,"_uf_show_specific_survey":0,"_uf_disable_surveys":false,"footnotes":""},"categories":[36],"tags":[],"class_list":["post-15011","post","type-post","status-publish","format-standard","has-post-thumbnail","hentry","category-conciertos"],"_links":{"self":[{"href":"https:\/\/entrenotasyacordes.com\/index.php?rest_route=\/wp\/v2\/posts\/15011","targetHints":{"allow":["GET"]}}],"collection":[{"href":"https:\/\/entrenotasyacordes.com\/index.php?rest_route=\/wp\/v2\/posts"}],"about":[{"href":"https:\/\/entrenotasyacordes.com\/index.php?rest_route=\/wp\/v2\/types\/post"}],"author":[{"embeddable":true,"href":"https:\/\/entrenotasyacordes.com\/index.php?rest_route=\/wp\/v2\/users\/5"}],"replies":[{"embeddable":true,"href":"https:\/\/entrenotasyacordes.com\/index.php?rest_route=%2Fwp%2Fv2%2Fcomments&post=15011"}],"version-history":[{"count":1,"href":"https:\/\/entrenotasyacordes.com\/index.php?rest_route=\/wp\/v2\/posts\/15011\/revisions"}],"predecessor-version":[{"id":15015,"href":"https:\/\/entrenotasyacordes.com\/index.php?rest_route=\/wp\/v2\/posts\/15011\/revisions\/15015"}],"wp:featuredmedia":[{"embeddable":true,"href":"https:\/\/entrenotasyacordes.com\/index.php?rest_route=\/wp\/v2\/media\/15014"}],"wp:attachment":[{"href":"https:\/\/entrenotasyacordes.com\/index.php?rest_route=%2Fwp%2Fv2%2Fmedia&parent=15011"}],"wp:term":[{"taxonomy":"category","embeddable":true,"href":"https:\/\/entrenotasyacordes.com\/index.php?rest_route=%2Fwp%2Fv2%2Fcategories&post=15011"},{"taxonomy":"post_tag","embeddable":true,"href":"https:\/\/entrenotasyacordes.com\/index.php?rest_route=%2Fwp%2Fv2%2Ftags&post=15011"}],"curies":[{"name":"wp","href":"https:\/\/api.w.org\/{rel}","templated":true}]}}