{"id":15016,"date":"2025-04-24T14:09:43","date_gmt":"2025-04-24T14:09:43","guid":{"rendered":"https:\/\/entrenotasyacordes.com\/?p=15016"},"modified":"2025-04-24T14:09:44","modified_gmt":"2025-04-24T14:09:44","slug":"veeyam-presenta-astrolabio-su-nuevo-single-junto-a-wos-y-saje","status":"publish","type":"post","link":"https:\/\/entrenotasyacordes.com\/?p=15016","title":{"rendered":"Veeyam presenta \u00abAstrolabio\u00bb, su nuevo single junto a WOS y SAJE"},"content":{"rendered":"\n<!--more-->\n\n\n<div class=\"wp-block-image\">\n<figure class=\"aligncenter size-full is-resized\"><img loading=\"lazy\" decoding=\"async\" width=\"1264\" height=\"1266\" src=\"https:\/\/entrenotasyacordes.com\/wp-content\/uploads\/2025\/04\/1745338670029-Captura-de-pantalla-2025-04-22-a-las-1.14.30\u202fp.-m.png\" alt=\"\" class=\"wp-image-15017\" style=\"width:654px;height:auto\" srcset=\"https:\/\/entrenotasyacordes.com\/wp-content\/uploads\/2025\/04\/1745338670029-Captura-de-pantalla-2025-04-22-a-las-1.14.30\u202fp.-m.png 1264w, https:\/\/entrenotasyacordes.com\/wp-content\/uploads\/2025\/04\/1745338670029-Captura-de-pantalla-2025-04-22-a-las-1.14.30\u202fp.-m-300x300.png 300w, https:\/\/entrenotasyacordes.com\/wp-content\/uploads\/2025\/04\/1745338670029-Captura-de-pantalla-2025-04-22-a-las-1.14.30\u202fp.-m-1022x1024.png 1022w, https:\/\/entrenotasyacordes.com\/wp-content\/uploads\/2025\/04\/1745338670029-Captura-de-pantalla-2025-04-22-a-las-1.14.30\u202fp.-m-150x150.png 150w, https:\/\/entrenotasyacordes.com\/wp-content\/uploads\/2025\/04\/1745338670029-Captura-de-pantalla-2025-04-22-a-las-1.14.30\u202fp.-m-768x769.png 768w, https:\/\/entrenotasyacordes.com\/wp-content\/uploads\/2025\/04\/1745338670029-Captura-de-pantalla-2025-04-22-a-las-1.14.30\u202fp.-m-1024x1026.png 1024w, https:\/\/entrenotasyacordes.com\/wp-content\/uploads\/2025\/04\/1745338670029-Captura-de-pantalla-2025-04-22-a-las-1.14.30\u202fp.-m-50x50.png 50w\" sizes=\"auto, (max-width: 1264px) 100vw, 1264px\" \/><\/figure>\n<\/div>\n\n\n<p class=\"has-text-align-left\">El productor y m\u00fasico argentino&nbsp;<strong>Veeyam&nbsp;<\/strong>lanza&nbsp;<strong>\u201cAstrolabio\u201d<\/strong>, su nuevo single en colaboraci\u00f3n con&nbsp;<strong>\u00a8Wos\u00a8&nbsp;<\/strong>y<strong>&nbsp;\u00a8Saje\u00a8<\/strong>, un tema fundamental dentro del universo sonoro y conceptual de su pr\u00f3ximo disco. Crudo, org\u00e1nico y profundamente arraigado en la identidad argentina, \u00abAstrolabio\u00bb se presenta como una obra que fusiona la l\u00edrica reflexiva con una producci\u00f3n minimalista y visceral.<\/p>\n\n\n\n<p><em>\u201cLa idea era generar el impacto, la crudeza y la sinceridad de pocos instrumentos a tr\u00edo tocando en vivo la obra. Creo que es el tema del disco que m\u00e1s reminiscencia tiene al rock nacional que me influenci\u00f3: Invisible, Pappo, Pescado Rabioso, Color Humano&#8230; El toque humano, las bellas imperfecciones de la toma directa, todo eso permite que la canci\u00f3n siga sonando fresca hoy\u201d, dice Veeyam.<\/em><\/p>\n\n\n\n<p>La participaci\u00f3n de&nbsp;<strong>Wos<\/strong>, uno de los artistas m\u00e1s influyentes de la escena musical argentina contempor\u00e1nea, aporta una capa de profundidad y potencia a la canci\u00f3n. Con una l\u00edrica filosa y emocional, Wos se reencuentra con sus ra\u00edces m\u00e1s puras del rap \u2014las mismas que lo vieron crecer junto a Veeyam en escenarios como el Quinto Escal\u00f3n\u2014, y entrega l\u00edneas que interpelan desde lo \u00edntimo hasta lo colectivo.<\/p>\n\n\n\n<p class=\"has-text-align-left\"><em>\u00abEst\u00e1n perdiendo el alma y la memoria, van corriendo tras la zanahoria. &nbsp;<\/em><br><em>Yo juego como el Diego por la gloria, quiz\u00e1 con nuestro fuego logremos torcer la historia\u00bb<\/em><\/p>\n\n\n\n<p>El cruce entre el sonido caracter\u00edstico de las guitarras de&nbsp;<strong>Veeyam,<\/strong>&nbsp;la l\u00edrica po\u00e9tica de&nbsp;<strong>Saje<\/strong>, y el fuego interpretativo de&nbsp;<strong>Wos<\/strong>, hacen de&nbsp;<strong>Astrolabio<\/strong>&nbsp;un tema cargado de intenci\u00f3n, con un mensaje claro: volver a mirarse hacia adentro, reivindicar la identidad y conectar con lo esencial.<\/p>\n\n\n\n<figure class=\"wp-block-embed is-type-video is-provider-youtube wp-block-embed-youtube wp-embed-aspect-16-9 wp-has-aspect-ratio\"><div class=\"wp-block-embed__wrapper\">\n<div class=\"epyt-video-wrapper\"><iframe loading=\"lazy\"  id=\"_ytid_14198\"  width=\"640\" height=\"360\"  data-origwidth=\"640\" data-origheight=\"360\" src=\"https:\/\/www.youtube.com\/embed\/QQUe6HsnnpQ?enablejsapi=1&#038;autoplay=0&#038;cc_load_policy=0&#038;cc_lang_pref=&#038;iv_load_policy=1&#038;loop=0&#038;rel=1&#038;fs=1&#038;playsinline=0&#038;autohide=2&#038;theme=dark&#038;color=white&#038;controls=1&#038;\" class=\"__youtube_prefs__  epyt-is-override  no-lazyload\" data-vol=\"50\"  title=\"YouTube player\"  allow=\"fullscreen; accelerometer; autoplay; clipboard-write; encrypted-media; gyroscope; picture-in-picture; web-share\" referrerpolicy=\"strict-origin-when-cross-origin\" allowfullscreen data-no-lazy=\"1\" data-skipgform_ajax_framebjll=\"\"><\/iframe><\/div>\n<\/div><\/figure>\n\n\n\n<p><em>\u201cLa l\u00edrica me fascina porque utiliza el astrolabio \u2014instrumento para determinar la posici\u00f3n de las estrellas\u2014 como br\u00fajula de nuestro propio camino, como individuos y como cultura argentina.\u201d<\/em><\/p>\n\n\n\n<p><strong>\u00abAstrolabio\u00bb<\/strong>\u00a0contin\u00faa el camino iniciado por\u00a0<strong>\u201cDeuda espiritual\u201d<\/strong>\u00a0, el primer adelanto del disco, que hablaba de soltar las cargas emocionales heredadas para transitar un presente m\u00e1s liviano.<\/p>\n\n\n\n<p>Ambos lanzamientos adelantan el car\u00e1cter del nuevo \u00e1lbum de&nbsp;<strong>Veeyam<\/strong>: una obra donde el rap, el rock nacional y la espiritualidad urbana se funden en un manifiesto musical potente, aut\u00e9ntico y profundamente argentino.<\/p>\n\n\n\n<p><strong>BIO<\/strong><\/p>\n\n\n\n<p>Mart\u00edn Villanueva, conocido art\u00edsticamente como Veeyam, es un m\u00fasico y productor argentino con una destacada trayectoria en la escena del rap nacional. Su habilidad para fusionar sonidos y su versatilidad como beatmaker lo han convertido en una pieza clave dentro del g\u00e9nero urbano. &nbsp;<\/p>\n\n\n\n<p>A lo largo de su carrera, ha colaborado con algunos de los nombres m\u00e1s influyentes del hip hop en espa\u00f1ol, trabajando como productor y beatmaker para artistas como *Acru, YSY A, Cazzu, Kamada, Urbanse y Caliope Family*, entre muchos otros. Su capacidad para crear beats innovadores y atmosf\u00e9ricos ha dejado huella en la industria. &nbsp;<\/p>\n\n\n\n<p>Dentro de sus producciones m\u00e1s reconocidas se encuentran *\u00bbYantaz\u00bb un EP de tres singles junto a Acru que supera los 12M de streams, y los \u00abDesenchufados\u00bb junto a Urbanse, acumulando m\u00e1s de 9M reproducciones. &nbsp;<\/p>\n\n\n\n<p>Veeyam tambi\u00e9n tuvo un rol fundamental en el auge del freestyle en Argentina, siendo el \u00fanico DJ del ic\u00f3nico Quinto Escal\u00f3n, la competencia que revolucion\u00f3 el panorama del rap en espa\u00f1ol. Su influencia no se limit\u00f3 a la m\u00fasica en vivo: tambi\u00e9n fue conductor de \u00abQuinto Escal\u00f3n Radio\u00bb y del programa \u00abDamn!\u00bb, ambos dedicados a la difusi\u00f3n del hip hop. &nbsp;<\/p>\n\n\n\n<p>Actualmente, es integrante de la banda *Kamada, donde se desempe\u00f1a como \u00a8guitarrista y director musical (MD)\u00a8, ampliando a\u00fan m\u00e1s su impacto en la escena musical. &nbsp;<\/p>\n\n\n\n<p>Con una carrera en constante evoluci\u00f3n, Veeyam sigue siendo una figura clave en la escena urbana, fusionando su talento con nuevas propuestas y explorando los l\u00edmites del sonido.<\/p>\n","protected":false},"excerpt":{"rendered":"","protected":false},"author":5,"featured_media":15017,"comment_status":"open","ping_status":"open","sticky":false,"template":"","format":"standard","meta":{"om_disable_all_campaigns":false,"_uf_show_specific_survey":0,"_uf_disable_surveys":false,"footnotes":""},"categories":[4],"tags":[],"class_list":["post-15016","post","type-post","status-publish","format-standard","has-post-thumbnail","hentry","category-musica"],"_links":{"self":[{"href":"https:\/\/entrenotasyacordes.com\/index.php?rest_route=\/wp\/v2\/posts\/15016","targetHints":{"allow":["GET"]}}],"collection":[{"href":"https:\/\/entrenotasyacordes.com\/index.php?rest_route=\/wp\/v2\/posts"}],"about":[{"href":"https:\/\/entrenotasyacordes.com\/index.php?rest_route=\/wp\/v2\/types\/post"}],"author":[{"embeddable":true,"href":"https:\/\/entrenotasyacordes.com\/index.php?rest_route=\/wp\/v2\/users\/5"}],"replies":[{"embeddable":true,"href":"https:\/\/entrenotasyacordes.com\/index.php?rest_route=%2Fwp%2Fv2%2Fcomments&post=15016"}],"version-history":[{"count":1,"href":"https:\/\/entrenotasyacordes.com\/index.php?rest_route=\/wp\/v2\/posts\/15016\/revisions"}],"predecessor-version":[{"id":15020,"href":"https:\/\/entrenotasyacordes.com\/index.php?rest_route=\/wp\/v2\/posts\/15016\/revisions\/15020"}],"wp:featuredmedia":[{"embeddable":true,"href":"https:\/\/entrenotasyacordes.com\/index.php?rest_route=\/wp\/v2\/media\/15017"}],"wp:attachment":[{"href":"https:\/\/entrenotasyacordes.com\/index.php?rest_route=%2Fwp%2Fv2%2Fmedia&parent=15016"}],"wp:term":[{"taxonomy":"category","embeddable":true,"href":"https:\/\/entrenotasyacordes.com\/index.php?rest_route=%2Fwp%2Fv2%2Fcategories&post=15016"},{"taxonomy":"post_tag","embeddable":true,"href":"https:\/\/entrenotasyacordes.com\/index.php?rest_route=%2Fwp%2Fv2%2Ftags&post=15016"}],"curies":[{"name":"wp","href":"https:\/\/api.w.org\/{rel}","templated":true}]}}