{"id":15021,"date":"2025-04-24T14:12:14","date_gmt":"2025-04-24T14:12:14","guid":{"rendered":"https:\/\/entrenotasyacordes.com\/?p=15021"},"modified":"2025-04-24T14:12:15","modified_gmt":"2025-04-24T14:12:15","slug":"cardellino-presenta-sukha-session-vol-1-una-experiencia-intima-como-antesala-a-su-consagracion-en-el-movistar-arena","status":"publish","type":"post","link":"https:\/\/entrenotasyacordes.com\/?p=15021","title":{"rendered":"CARDELLINO PRESENTA \u201cSUKHA SESSION VOL.1: UNA EXPERIENCIA \u00cdNTIMA COMO ANTESALA A SU CONSAGRACI\u00d3N EN EL MOVISTAR ARENA"},"content":{"rendered":"\n<!--more-->\n\n\n\n<p class=\"has-text-align-left\"><em>Una sesi\u00f3n en vivo grabada con su banda argentina e invitados especiales, donde reinterpreta las canciones de SUKHA en clave \u00edntima y emocional.<\/em><\/p>\n\n\n<div class=\"wp-block-image\">\n<figure class=\"aligncenter size-full is-resized\"><img loading=\"lazy\" decoding=\"async\" width=\"1024\" height=\"682\" src=\"https:\/\/entrenotasyacordes.com\/wp-content\/uploads\/2025\/04\/Cardellino_shuka_session_1.jpg\" alt=\"\" class=\"wp-image-15022\" style=\"width:654px;height:auto\" srcset=\"https:\/\/entrenotasyacordes.com\/wp-content\/uploads\/2025\/04\/Cardellino_shuka_session_1.jpg 1024w, https:\/\/entrenotasyacordes.com\/wp-content\/uploads\/2025\/04\/Cardellino_shuka_session_1-300x200.jpg 300w, https:\/\/entrenotasyacordes.com\/wp-content\/uploads\/2025\/04\/Cardellino_shuka_session_1-768x512.jpg 768w\" sizes=\"auto, (max-width: 1024px) 100vw, 1024px\" \/><\/figure>\n<\/div>\n\n\n<p>Mientras se prepara para uno de los momentos m\u00e1s importantes de su carrera, Cardellino lanza <strong><em>Sukha Session Vol.1<\/em><\/strong>, una sesi\u00f3n en vivo donde interpreta versiones \u00edntimas de las canciones de su m\u00e1s reciente video-\u00e1lbum <strong><em>SUKHA<\/em><\/strong>, acompa\u00f1ado por su banda argentina y m\u00fasicos invitados como <strong>Valentina Olgu\u00edn, Juanchi Baleir\u00f3n (Los Pericos) y Fran (Cruzando el Charco).<\/strong><\/p>\n\n\n\n<p>Grabada en un ambiente c\u00e1lido y cercano, esta sesi\u00f3n representa un puente emocional entre el universo introspectivo de <strong><em>SUKHA<\/em><\/strong><strong> <\/strong>y la magnitud del show que dar\u00e1 el <strong>14 de junio en el Movistar Arena<\/strong>, donde miles de personas vivir\u00e1n en carne propia la evoluci\u00f3n sonora y esc\u00e9nica de uno de los artistas m\u00e1s singulares de la m\u00fasica latina contempor\u00e1nea.<\/p>\n\n\n\n<p><strong><em>SUKHA<\/em><\/strong>, palabra que en s\u00e1nscrito significa \u201cestado de plenitud\u201d, es un viaje musical profundo donde Cardellino fusiona ritmos afro-latinos, atm\u00f3sferas electr\u00f3nicas y letras introspectivas. Esta nueva sesi\u00f3n rescata la esencia de esas canciones, despoj\u00e1ndolas de artificios para enfocarse en lo esencial: la interpretaci\u00f3n, la conexi\u00f3n y la emoci\u00f3n compartida.<\/p>\n\n\n\n<p>Tras agotar espacios como e<strong>l Gran Rex y el Luna Park<\/strong>, Cardellino se prepara para coronar esta etapa con un show sin precedentes en el Movistar Arena. Una puesta en escena ambiciosa, m\u00fasicos de primer nivel y un repertorio que resume a\u00f1os de b\u00fasqueda art\u00edstica, hacen de esta cita una experiencia imperdible.<\/p>\n\n\n\n<p><strong><em>Sukha Session Vol.1<\/em> ya est\u00e1 disponible en plataformas digitales. Es la invitaci\u00f3n perfecta para sumergirse en el universo de Cardellino y anticipar la magia que desplegar\u00e1 en su noche m\u00e1s esperada.<\/strong><\/p>\n\n\n<div class=\"wp-block-image\">\n<figure class=\"aligncenter size-full\"><img loading=\"lazy\" decoding=\"async\" width=\"1080\" height=\"1350\" src=\"https:\/\/entrenotasyacordes.com\/wp-content\/uploads\/2025\/04\/1080x1350_MOVI.jpg\" alt=\"\" class=\"wp-image-15023\" srcset=\"https:\/\/entrenotasyacordes.com\/wp-content\/uploads\/2025\/04\/1080x1350_MOVI.jpg 1080w, https:\/\/entrenotasyacordes.com\/wp-content\/uploads\/2025\/04\/1080x1350_MOVI-240x300.jpg 240w, https:\/\/entrenotasyacordes.com\/wp-content\/uploads\/2025\/04\/1080x1350_MOVI-819x1024.jpg 819w, https:\/\/entrenotasyacordes.com\/wp-content\/uploads\/2025\/04\/1080x1350_MOVI-768x960.jpg 768w, https:\/\/entrenotasyacordes.com\/wp-content\/uploads\/2025\/04\/1080x1350_MOVI-1024x1280.jpg 1024w\" sizes=\"auto, (max-width: 1080px) 100vw, 1080px\" \/><\/figure>\n<\/div>\n\n\n<p><\/p>\n","protected":false},"excerpt":{"rendered":"","protected":false},"author":5,"featured_media":15022,"comment_status":"open","ping_status":"open","sticky":false,"template":"","format":"standard","meta":{"om_disable_all_campaigns":false,"_uf_show_specific_survey":0,"_uf_disable_surveys":false,"footnotes":""},"categories":[4],"tags":[],"class_list":["post-15021","post","type-post","status-publish","format-standard","has-post-thumbnail","hentry","category-musica"],"_links":{"self":[{"href":"https:\/\/entrenotasyacordes.com\/index.php?rest_route=\/wp\/v2\/posts\/15021","targetHints":{"allow":["GET"]}}],"collection":[{"href":"https:\/\/entrenotasyacordes.com\/index.php?rest_route=\/wp\/v2\/posts"}],"about":[{"href":"https:\/\/entrenotasyacordes.com\/index.php?rest_route=\/wp\/v2\/types\/post"}],"author":[{"embeddable":true,"href":"https:\/\/entrenotasyacordes.com\/index.php?rest_route=\/wp\/v2\/users\/5"}],"replies":[{"embeddable":true,"href":"https:\/\/entrenotasyacordes.com\/index.php?rest_route=%2Fwp%2Fv2%2Fcomments&post=15021"}],"version-history":[{"count":1,"href":"https:\/\/entrenotasyacordes.com\/index.php?rest_route=\/wp\/v2\/posts\/15021\/revisions"}],"predecessor-version":[{"id":15024,"href":"https:\/\/entrenotasyacordes.com\/index.php?rest_route=\/wp\/v2\/posts\/15021\/revisions\/15024"}],"wp:featuredmedia":[{"embeddable":true,"href":"https:\/\/entrenotasyacordes.com\/index.php?rest_route=\/wp\/v2\/media\/15022"}],"wp:attachment":[{"href":"https:\/\/entrenotasyacordes.com\/index.php?rest_route=%2Fwp%2Fv2%2Fmedia&parent=15021"}],"wp:term":[{"taxonomy":"category","embeddable":true,"href":"https:\/\/entrenotasyacordes.com\/index.php?rest_route=%2Fwp%2Fv2%2Fcategories&post=15021"},{"taxonomy":"post_tag","embeddable":true,"href":"https:\/\/entrenotasyacordes.com\/index.php?rest_route=%2Fwp%2Fv2%2Ftags&post=15021"}],"curies":[{"name":"wp","href":"https:\/\/api.w.org\/{rel}","templated":true}]}}