{"id":15025,"date":"2025-04-24T14:17:06","date_gmt":"2025-04-24T14:17:06","guid":{"rendered":"https:\/\/entrenotasyacordes.com\/?p=15025"},"modified":"2025-04-24T14:17:06","modified_gmt":"2025-04-24T14:17:06","slug":"los-autenticos-decadentes-mi-vida-loca-tour-30-anos-viernes-26-y-sabado-27-de-septiembre-movistar-arena","status":"publish","type":"post","link":"https:\/\/entrenotasyacordes.com\/?p=15025","title":{"rendered":"LOS AUT\u00c9NTICOS DECADENTES: \u00abMI VIDA LOCA\u00bb Tour 30 A\u00d1OS. VIERNES 26 y S\u00c1BADO 27 DE SEPTIEMBRE &#8211; MOVISTAR ARENA"},"content":{"rendered":"\n<!--more-->\n\n\n<div class=\"wp-block-image\">\n<figure class=\"aligncenter size-full is-resized\"><img loading=\"lazy\" decoding=\"async\" width=\"1080\" height=\"1350\" src=\"https:\/\/entrenotasyacordes.com\/wp-content\/uploads\/2025\/04\/05f9b00d-4ec4-edcc-8680-e6981a518021.jpeg\" alt=\"\" class=\"wp-image-15026\" style=\"width:654px;height:auto\" srcset=\"https:\/\/entrenotasyacordes.com\/wp-content\/uploads\/2025\/04\/05f9b00d-4ec4-edcc-8680-e6981a518021.jpeg 1080w, https:\/\/entrenotasyacordes.com\/wp-content\/uploads\/2025\/04\/05f9b00d-4ec4-edcc-8680-e6981a518021-240x300.jpeg 240w, https:\/\/entrenotasyacordes.com\/wp-content\/uploads\/2025\/04\/05f9b00d-4ec4-edcc-8680-e6981a518021-819x1024.jpeg 819w, https:\/\/entrenotasyacordes.com\/wp-content\/uploads\/2025\/04\/05f9b00d-4ec4-edcc-8680-e6981a518021-768x960.jpeg 768w, https:\/\/entrenotasyacordes.com\/wp-content\/uploads\/2025\/04\/05f9b00d-4ec4-edcc-8680-e6981a518021-1024x1280.jpeg 1024w\" sizes=\"auto, (max-width: 1080px) 100vw, 1080px\" \/><\/figure>\n<\/div>\n\n\n<p class=\"has-text-align-left\"><strong>Los Aut\u00e9nticos Decadentes<\/strong>&nbsp;regresan a la Arena de Villa Crespo para celebrar en grande los 30 a\u00f1os de una verdadera joya del rock y la m\u00fasica popular:&nbsp;<em>Mi vida loca<\/em>. El evento, que ser\u00e1 leyenda, tiene doble cita y formato en Buenos Aires:<\/p>\n\n\n\n<p><strong>Viernes 26 de Septiembre, campo con p\u00fablico de pie.<\/strong><br><strong>S\u00e1bado 27 de Septiembre, campo preferencial con butaca.<\/strong><\/p>\n\n\n<div class=\"wp-block-image\">\n<figure class=\"aligncenter size-full is-resized\"><img loading=\"lazy\" decoding=\"async\" width=\"1314\" height=\"826\" src=\"https:\/\/entrenotasyacordes.com\/wp-content\/uploads\/2025\/04\/2d50ae71-4754-0d5b-2340-efb04d13a34c-1.jpg\" alt=\"\" class=\"wp-image-15028\" style=\"width:654px;height:auto\" srcset=\"https:\/\/entrenotasyacordes.com\/wp-content\/uploads\/2025\/04\/2d50ae71-4754-0d5b-2340-efb04d13a34c-1.jpg 1314w, https:\/\/entrenotasyacordes.com\/wp-content\/uploads\/2025\/04\/2d50ae71-4754-0d5b-2340-efb04d13a34c-1-300x189.jpg 300w, https:\/\/entrenotasyacordes.com\/wp-content\/uploads\/2025\/04\/2d50ae71-4754-0d5b-2340-efb04d13a34c-1-1024x644.jpg 1024w, https:\/\/entrenotasyacordes.com\/wp-content\/uploads\/2025\/04\/2d50ae71-4754-0d5b-2340-efb04d13a34c-1-768x483.jpg 768w\" sizes=\"auto, (max-width: 1314px) 100vw, 1314px\" \/><\/figure>\n<\/div>\n\n\n<p><strong>Un Legado Inolvidable<\/strong><br>Lanzado en Julio de 1995,\u00a0<em>Mi vida loca<\/em>\u00a0es considerado una obra maestra de la m\u00fasica popular, un fen\u00f3meno cultural que dej\u00f3 una huella profunda en la historia del rock en espa\u00f1ol. M\u00e1s all\u00e1 de su \u00e9xito comercial, el impacto emocional de sus canciones es inconmensurable.\u00a0<em>La guitarra, El murguero, El p\u00e1jaro vio el cielo y se vol\u00f3, Diosa\u2026\u00a0<\/em>En cada verso y en cada estribillo resuenan las ilusiones, alegr\u00edas y penas de millones de historias de vida que cruzan generaciones a lo largo de Am\u00e9rica Latina.<\/p>\n\n\n\n<p><strong>Resignificando una Obra Maestra<\/strong><br><em>\u00abMi vida loca\u00bb nos llev\u00f3 a un viaje inesperado. Con el paso del tiempo, hemos observado c\u00f3mo estas canciones se transformaron y nos transformaron a nosotros mismos, adquiriendo nuevos significados en cada escenario, en cada cultura. Para nosotros, este aniversario es una oportunidad muy importante para resignificar este \u00e1lbum y celebrarlo especialmente desde la madurez, la humildad y el orgullo de saber que, casi sin querer, escribimos una p\u00e1gina muy importante en la historia de la m\u00fasica\u201d, <\/em>comparte la banda<em>.<\/em><\/p>\n\n\n\n<p><strong>Un \u00c1lbum Disruptivo &amp; Una Celebraci\u00f3n \u00c9pica<\/strong><br>Este \u00e1lbum, fundamental en la discograf\u00eda de\u00a0<strong>Los Aut\u00e9nticos Decadentes<\/strong>, desafi\u00f3 las normas de su tiempo y dinamit\u00f3 las fronteras del rock, apropi\u00e1ndose de g\u00e9neros como la cumbia y el cuarteto, que por aquel entonces \u00a0no eran bien vistos por la escena del rock ni por la prensa especializada. El esp\u00edritu an\u00e1rquico y disruptivo de\u00a0<strong>Mi vida<\/strong>\u00a0<strong>loca l<\/strong>e permiti\u00f3 a\u00a0<strong>LAD<\/strong>\u00a0alcanzar la masividad y los puso definitivamente en el mapa internacional, donde tras numerosas giras, discos y \u00e9xitos, se establecieron como una de las bandas m\u00e1s ic\u00f3nicas, queridas e influyentes de la m\u00fasica popular.<\/p>\n\n\n\n<p>Los conciertos de Septiembre en el Movistar Arena ser\u00e1n una ocasi\u00f3n excepcional para vivir la magia de los reyes de la canci\u00f3n resignificando un disco tan ic\u00f3nico como singular. El\u00a0<strong>\u00b7Tour 30 A\u00f1os\u00b7<\/strong>\u00a0recorrer\u00e1 los principales escenarios de Latinoam\u00e9rica, Estados Unidos y Europa durante 2025 y 2026.<\/p>\n","protected":false},"excerpt":{"rendered":"","protected":false},"author":5,"featured_media":15026,"comment_status":"open","ping_status":"open","sticky":false,"template":"","format":"standard","meta":{"om_disable_all_campaigns":false,"_uf_show_specific_survey":0,"_uf_disable_surveys":false,"footnotes":""},"categories":[36],"tags":[],"class_list":["post-15025","post","type-post","status-publish","format-standard","has-post-thumbnail","hentry","category-conciertos"],"_links":{"self":[{"href":"https:\/\/entrenotasyacordes.com\/index.php?rest_route=\/wp\/v2\/posts\/15025","targetHints":{"allow":["GET"]}}],"collection":[{"href":"https:\/\/entrenotasyacordes.com\/index.php?rest_route=\/wp\/v2\/posts"}],"about":[{"href":"https:\/\/entrenotasyacordes.com\/index.php?rest_route=\/wp\/v2\/types\/post"}],"author":[{"embeddable":true,"href":"https:\/\/entrenotasyacordes.com\/index.php?rest_route=\/wp\/v2\/users\/5"}],"replies":[{"embeddable":true,"href":"https:\/\/entrenotasyacordes.com\/index.php?rest_route=%2Fwp%2Fv2%2Fcomments&post=15025"}],"version-history":[{"count":1,"href":"https:\/\/entrenotasyacordes.com\/index.php?rest_route=\/wp\/v2\/posts\/15025\/revisions"}],"predecessor-version":[{"id":15029,"href":"https:\/\/entrenotasyacordes.com\/index.php?rest_route=\/wp\/v2\/posts\/15025\/revisions\/15029"}],"wp:featuredmedia":[{"embeddable":true,"href":"https:\/\/entrenotasyacordes.com\/index.php?rest_route=\/wp\/v2\/media\/15026"}],"wp:attachment":[{"href":"https:\/\/entrenotasyacordes.com\/index.php?rest_route=%2Fwp%2Fv2%2Fmedia&parent=15025"}],"wp:term":[{"taxonomy":"category","embeddable":true,"href":"https:\/\/entrenotasyacordes.com\/index.php?rest_route=%2Fwp%2Fv2%2Fcategories&post=15025"},{"taxonomy":"post_tag","embeddable":true,"href":"https:\/\/entrenotasyacordes.com\/index.php?rest_route=%2Fwp%2Fv2%2Ftags&post=15025"}],"curies":[{"name":"wp","href":"https:\/\/api.w.org\/{rel}","templated":true}]}}