{"id":15032,"date":"2025-04-24T21:54:34","date_gmt":"2025-04-24T21:54:34","guid":{"rendered":"https:\/\/entrenotasyacordes.com\/?p=15032"},"modified":"2025-04-24T21:54:35","modified_gmt":"2025-04-24T21:54:35","slug":"richard-coleman-presenta-eternidad-feat-phil-manzanera","status":"publish","type":"post","link":"https:\/\/entrenotasyacordes.com\/?p=15032","title":{"rendered":"RICHARD COLEMAN PRESENTA \u201cETERNIDAD\u201d feat. PHIL MANZANERA"},"content":{"rendered":"\n<!--more-->\n\n\n<div class=\"wp-block-image\">\n<figure class=\"aligncenter size-full is-resized\"><img loading=\"lazy\" decoding=\"async\" width=\"1027\" height=\"1027\" src=\"https:\/\/entrenotasyacordes.com\/wp-content\/uploads\/2025\/04\/1.jpg\" alt=\"\" class=\"wp-image-15033\" style=\"width:654px;height:auto\" srcset=\"https:\/\/entrenotasyacordes.com\/wp-content\/uploads\/2025\/04\/1.jpg 1027w, https:\/\/entrenotasyacordes.com\/wp-content\/uploads\/2025\/04\/1-300x300.jpg 300w, https:\/\/entrenotasyacordes.com\/wp-content\/uploads\/2025\/04\/1-1024x1024.jpg 1024w, https:\/\/entrenotasyacordes.com\/wp-content\/uploads\/2025\/04\/1-150x150.jpg 150w, https:\/\/entrenotasyacordes.com\/wp-content\/uploads\/2025\/04\/1-768x768.jpg 768w, https:\/\/entrenotasyacordes.com\/wp-content\/uploads\/2025\/04\/1-50x50.jpg 50w\" sizes=\"auto, (max-width: 1027px) 100vw, 1027px\" \/><\/figure>\n<\/div>\n\n\n<p class=\"has-text-align-left\"><strong>SEGUNDO ADELANTO DE SU PR\u00d3XIMO \u00c1LBUM<\/strong> <strong>\u201cEl (in)Correcto Uso de la Met\u00e1fora\u201d. \u00a0<\/strong><\/p>\n\n\n\n<p class=\"has-text-align-left\">Con m\u00e1s de 35 a\u00f1os de trayectoria, Richard Coleman, figura emblem\u00e1tica del rock argentino, lanza &#8216;Eternidad&#8217;, un nuevo single grabado junto a Phil Manzanera, hist\u00f3rico colaborador de Brian Eno y David Gilmour, y miembro fundador de Roxy Music.<\/p>\n\n\n\n<p class=\"has-text-align-left\">Este tema es el segundo anticipo de su pr\u00f3ximo disco, &#8216;El (in)Correcto Uso de la Met\u00e1fora&#8217;, y viene acompa\u00f1ado de un video lyric que ya se encuentra disponible en el canal de YouTube de Pop Art Discos\u00bb.<\/p>\n\n\n\n<figure class=\"wp-block-embed is-type-video is-provider-youtube wp-block-embed-youtube wp-embed-aspect-16-9 wp-has-aspect-ratio\"><div class=\"wp-block-embed__wrapper\">\n<div class=\"epyt-video-wrapper\"><iframe loading=\"lazy\"  id=\"_ytid_51712\"  width=\"640\" height=\"360\"  data-origwidth=\"640\" data-origheight=\"360\" src=\"https:\/\/www.youtube.com\/embed\/1VCTgo1l_bE?enablejsapi=1&#038;autoplay=0&#038;cc_load_policy=0&#038;cc_lang_pref=&#038;iv_load_policy=1&#038;loop=0&#038;rel=1&#038;fs=1&#038;playsinline=0&#038;autohide=2&#038;theme=dark&#038;color=white&#038;controls=1&#038;\" class=\"__youtube_prefs__  epyt-is-override  no-lazyload\" data-vol=\"50\"  title=\"YouTube player\"  allow=\"fullscreen; accelerometer; autoplay; clipboard-write; encrypted-media; gyroscope; picture-in-picture; web-share\" referrerpolicy=\"strict-origin-when-cross-origin\" allowfullscreen data-no-lazy=\"1\" data-skipgform_ajax_framebjll=\"\"><\/iframe><\/div>\n<\/div><\/figure>\n\n\n\n<p><strong>\u201cEn su show en Buenos Aires en 2017, me convocaron para cantar con \u00e9l [Phil Manzanera] \u201cAmazona\u201d de Roxy y me di un lujo: escuch\u00e9 su solo de guitarra en el escenario directamente desde su amplificador (que estaba a mi espalda)\u201d, expres\u00f3 Richard Coleman con emoci\u00f3n hace unos meses, a trav\u00e9s de sus RRSS, al anunciar que uno de los artistas que m\u00e1s lo marc\u00f3 desde su adolescencia hab\u00eda participado de la grabaci\u00f3n de su nuevo \u00e1lbum de estudio.<\/strong><\/p>\n\n\n\n<p>Compuesto y grabado durante 2024, Eternidad es una historia de amor y fantasmas, y una cita al Post-New Wave 70\u2019s, influencias primarias de Coleman, quien como siempre evita el recurso oportunista de la nostalgia.<\/p>\n\n\n\n<p>Producido por Juan Blas Caballero (samples, manipulaciones y programaci\u00f3n), co-producido y compuesto por Coleman (voces, guitarras, sintetizadores y programaci\u00f3n) y grabado en Buenos Aires y Londres, con la participaci\u00f3n especial de Phil Manzanera en guitarra. Participan tambi\u00e9n Daniel Castro en bajo, Gonzalo C\u00f3rdoba en guitarra, Bodie en sintetizadores y Diego Cariola en bater\u00eda, todos miembros del Trans Siberian Express, banda en vivo de Richard Coleman desde 2011.<\/p>\n\n\n\n<p class=\"has-text-align-center\"><strong><em>FICHA T\u00c9CNICA<\/em><\/strong><br>Richard Coleman: Voz, guitarra, sintetizador, programaci\u00f3n<br>Daniel Castro: Bajo<br>Gonzalo C\u00f3rdoba: Guitarra<br>Bodie: Sintetizador<br>Diego Cariola: Bater\u00eda<br>Juan Blas Caballero: Programaci\u00f3n, sintetizador, manipulaci\u00f3n digital.<br>Artista Invitado: Phil Manzanera (guitarra)<br>Producci\u00f3n Art\u00edstica: Juan Blas Caballero, Richard Coleman<br>Ingenier\u00eda de Grabaci\u00f3n: Juan Blas Caballero, Richard Coleman<br>Asistente de Grabaci\u00f3n: Ignacio Castro, Mat\u00edas Cugat<br>Estudio de Grabaci\u00f3n: Mondomix, Steel Aquarium, The Gallery (London), 3057 Studio.<br>Mezcla: Juan Blas Caballero en Mondomix<br>Mastering: Javier Fracchia<br>Lyric Video: Sof\u00eda Ferraro <br>Producci\u00f3n ejecutiva: @popartmusicarg @popartdiscos<\/p>\n\n\n\n<p><strong><u>M\u00e1s sobre Richard Coleman<\/u><\/strong><\/p>\n\n\n\n<p>Richard Coleman, guitarrista, cantante, compositor y productor argentino, inici\u00f3 su carrera en la escena underground de los a\u00f1os 80 en Buenos Aires con su banda Fricci\u00f3n (que form\u00f3 junto a Gustavo Cerati), con la que grab\u00f3 la ic\u00f3nica versi\u00f3n en castellano de \u201cH\u00e9roes\u201d de David Bowie, adem\u00e1s de formar parte de la a\u00a1banda de Charly Garc\u00eda y de trabajar tanto en estudio como en vivo con Soda Stereo, Luis Alberto Spinetta, Daniel Melero (Los Encargados) y Andr\u00e9s Calamaro, entre otros.<\/p>\n\n\n\n<p>Su \u00e1lbum de estudio \u201cF-A-C-I-L\u201d (2017), producido por Juan Blas Caballero y mezclado en Nueva York por H\u00e9ctor Castillo (Phillip Glass, David Bowie), ha sido nominado a los premios \u201cCarlos Gardel\u201d 2018 en la categor\u00eda \u201cMejor \u00c1lbum Artista de Rock\u201d mientras que el tema \u201cD\u00edas Futuros\u201d, con la participaci\u00f3n de Andr\u00e9 Calamaro, fue nominado \u201cMejor Canci\u00f3n Rock\u201d para los Latin Grammy 2018.<\/p>\n\n\n\n<p>En los extra\u00f1os d\u00edas de 2020 grab\u00f3 y edit\u00f3 el single \u201cDrive\u201d para la serie \u201cA Song Is A Song\u201d, mientras reinventaba su repertorio ac\u00fastico para completar dos exitosos shows en streaming y comenzaba a preparar material nuevo, de donde surge en 2021 \u201cHumanidad\u201d, compuesto y grabado en aislamiento.<\/p>\n","protected":false},"excerpt":{"rendered":"","protected":false},"author":5,"featured_media":15033,"comment_status":"open","ping_status":"open","sticky":false,"template":"","format":"standard","meta":{"om_disable_all_campaigns":false,"_uf_show_specific_survey":0,"_uf_disable_surveys":false,"footnotes":""},"categories":[4],"tags":[],"class_list":["post-15032","post","type-post","status-publish","format-standard","has-post-thumbnail","hentry","category-musica"],"_links":{"self":[{"href":"https:\/\/entrenotasyacordes.com\/index.php?rest_route=\/wp\/v2\/posts\/15032","targetHints":{"allow":["GET"]}}],"collection":[{"href":"https:\/\/entrenotasyacordes.com\/index.php?rest_route=\/wp\/v2\/posts"}],"about":[{"href":"https:\/\/entrenotasyacordes.com\/index.php?rest_route=\/wp\/v2\/types\/post"}],"author":[{"embeddable":true,"href":"https:\/\/entrenotasyacordes.com\/index.php?rest_route=\/wp\/v2\/users\/5"}],"replies":[{"embeddable":true,"href":"https:\/\/entrenotasyacordes.com\/index.php?rest_route=%2Fwp%2Fv2%2Fcomments&post=15032"}],"version-history":[{"count":1,"href":"https:\/\/entrenotasyacordes.com\/index.php?rest_route=\/wp\/v2\/posts\/15032\/revisions"}],"predecessor-version":[{"id":15034,"href":"https:\/\/entrenotasyacordes.com\/index.php?rest_route=\/wp\/v2\/posts\/15032\/revisions\/15034"}],"wp:featuredmedia":[{"embeddable":true,"href":"https:\/\/entrenotasyacordes.com\/index.php?rest_route=\/wp\/v2\/media\/15033"}],"wp:attachment":[{"href":"https:\/\/entrenotasyacordes.com\/index.php?rest_route=%2Fwp%2Fv2%2Fmedia&parent=15032"}],"wp:term":[{"taxonomy":"category","embeddable":true,"href":"https:\/\/entrenotasyacordes.com\/index.php?rest_route=%2Fwp%2Fv2%2Fcategories&post=15032"},{"taxonomy":"post_tag","embeddable":true,"href":"https:\/\/entrenotasyacordes.com\/index.php?rest_route=%2Fwp%2Fv2%2Ftags&post=15032"}],"curies":[{"name":"wp","href":"https:\/\/api.w.org\/{rel}","templated":true}]}}