{"id":15035,"date":"2025-04-24T22:02:23","date_gmt":"2025-04-24T22:02:23","guid":{"rendered":"https:\/\/entrenotasyacordes.com\/?p=15035"},"modified":"2025-04-24T22:02:24","modified_gmt":"2025-04-24T22:02:24","slug":"canti-presenta-su-nuevo-single-te-diria-que-te-quiero-y-anuncia-su-show-el-29-de-mayo-en-strummer-bar","status":"publish","type":"post","link":"https:\/\/entrenotasyacordes.com\/?p=15035","title":{"rendered":"CANTI PRESENTA SU NUEVO SINGLE te dir\u00eda que te quiero Y ANUNCIA SU SHOW EL 29 DE MAYO EN STRUMMER BAR"},"content":{"rendered":"\n<!--more-->\n\n\n<div class=\"wp-block-image\">\n<figure class=\"aligncenter size-full is-resized\"><img loading=\"lazy\" decoding=\"async\" width=\"2560\" height=\"2560\" src=\"https:\/\/entrenotasyacordes.com\/wp-content\/uploads\/2025\/04\/7f6debee-7499-28be-ec50-273da7a87c2c-scaled.jpg\" alt=\"\" class=\"wp-image-15036\" style=\"width:654px;height:auto\" srcset=\"https:\/\/entrenotasyacordes.com\/wp-content\/uploads\/2025\/04\/7f6debee-7499-28be-ec50-273da7a87c2c-scaled.jpg 2560w, https:\/\/entrenotasyacordes.com\/wp-content\/uploads\/2025\/04\/7f6debee-7499-28be-ec50-273da7a87c2c-300x300.jpg 300w, https:\/\/entrenotasyacordes.com\/wp-content\/uploads\/2025\/04\/7f6debee-7499-28be-ec50-273da7a87c2c-1024x1024.jpg 1024w, https:\/\/entrenotasyacordes.com\/wp-content\/uploads\/2025\/04\/7f6debee-7499-28be-ec50-273da7a87c2c-150x150.jpg 150w, https:\/\/entrenotasyacordes.com\/wp-content\/uploads\/2025\/04\/7f6debee-7499-28be-ec50-273da7a87c2c-768x768.jpg 768w, https:\/\/entrenotasyacordes.com\/wp-content\/uploads\/2025\/04\/7f6debee-7499-28be-ec50-273da7a87c2c-1536x1536.jpg 1536w, https:\/\/entrenotasyacordes.com\/wp-content\/uploads\/2025\/04\/7f6debee-7499-28be-ec50-273da7a87c2c-2048x2048.jpg 2048w, https:\/\/entrenotasyacordes.com\/wp-content\/uploads\/2025\/04\/7f6debee-7499-28be-ec50-273da7a87c2c-50x50.jpg 50w\" sizes=\"auto, (max-width: 2560px) 100vw, 2560px\" \/><\/figure>\n<\/div>\n\n\n<p class=\"has-text-align-left\"><strong>CANTI, el proyecto de Facundo Lisola, presenta su nuevo single \u201cte dir\u00eda que te quiero\u201d, (si todo en min\u00fascula). Una canci\u00f3n de despedida a esa versi\u00f3n de uno mismo que deja de ser propia y es necesario dejar ir.<\/strong><\/p>\n\n\n\n<p class=\"has-text-align-left\">\u201cEn el fondo, la canci\u00f3n habla de la desconexi\u00f3n con uno mismo y con el mundo. No solo de dejar de querer a una persona, sino que deja de sentir en general, pierde la relaci\u00f3n con lo que antes lo motivaba\u201d. Dijo Canti<\/p>\n\n\n\n<p class=\"has-text-align-center\"><strong><u>PR\u00d3XIMA FECHA<\/u><\/strong><br>29 DE MAYO EN STRUMMER BAR (GORRITI 1631)<\/p>\n\n\n\n<figure class=\"wp-block-embed is-type-video is-provider-youtube wp-block-embed-youtube wp-embed-aspect-16-9 wp-has-aspect-ratio\"><div class=\"wp-block-embed__wrapper\">\n<div class=\"epyt-video-wrapper\"><iframe loading=\"lazy\"  id=\"_ytid_72764\"  width=\"640\" height=\"360\"  data-origwidth=\"640\" data-origheight=\"360\" src=\"https:\/\/www.youtube.com\/embed\/A3efYcpQFSs?enablejsapi=1&#038;autoplay=0&#038;cc_load_policy=0&#038;cc_lang_pref=&#038;iv_load_policy=1&#038;loop=0&#038;rel=1&#038;fs=1&#038;playsinline=0&#038;autohide=2&#038;theme=dark&#038;color=white&#038;controls=1&#038;\" class=\"__youtube_prefs__  epyt-is-override  no-lazyload\" data-vol=\"50\"  title=\"YouTube player\"  allow=\"fullscreen; accelerometer; autoplay; clipboard-write; encrypted-media; gyroscope; picture-in-picture; web-share\" referrerpolicy=\"strict-origin-when-cross-origin\" allowfullscreen data-no-lazy=\"1\" data-skipgform_ajax_framebjll=\"\"><\/iframe><\/div>\n<\/div><\/figure>\n\n\n\n<p class=\"has-text-align-left\">El a\u00f1o pasado el artista present\u00f3 el relanzamiento de sus dos canciones \u201cExitable\u201d y \u201cDrmrs\u201d.\u00a0 Dos de sus mayores \u00e9xitos. Actualmente se encuentra trabajando en nuevo material fiel a su estilo alternativo, volador, experimental e introspectivo.<\/p>\n\n\n<div class=\"wp-block-image\">\n<figure class=\"aligncenter size-full\"><img loading=\"lazy\" decoding=\"async\" width=\"985\" height=\"739\" src=\"https:\/\/entrenotasyacordes.com\/wp-content\/uploads\/2025\/04\/04ca7d66-2860-bb9a-c4aa-e0b06d3a3757.jpg\" alt=\"\" class=\"wp-image-15037\" srcset=\"https:\/\/entrenotasyacordes.com\/wp-content\/uploads\/2025\/04\/04ca7d66-2860-bb9a-c4aa-e0b06d3a3757.jpg 985w, https:\/\/entrenotasyacordes.com\/wp-content\/uploads\/2025\/04\/04ca7d66-2860-bb9a-c4aa-e0b06d3a3757-300x225.jpg 300w, https:\/\/entrenotasyacordes.com\/wp-content\/uploads\/2025\/04\/04ca7d66-2860-bb9a-c4aa-e0b06d3a3757-768x576.jpg 768w\" sizes=\"auto, (max-width: 985px) 100vw, 985px\" \/><\/figure>\n<\/div>\n\n\n<p>Canti, tambi\u00e9n conocido como Facundo Lisola, es un m\u00fasico, productor y multiinstrumentista originario de Buenos Aires. A los 19 a\u00f1os, empez\u00f3 a componer canciones utilizando \u00fanicamente una guitarra, que desempe\u00f1aba tanto el papel de guitarra principal como de bajo.<\/p>\n\n\n\n<p>Con el tiempo estaba componiendo una canci\u00f3n por d\u00eda. Esta dedicaci\u00f3n culmin\u00f3 en la creaci\u00f3n de su primer conjunto de temas compilados en el \u00e1lbum \u00abCanti &#8211; Demos 1\u00bb, disponible en YouTube.<br>Con el apoyo de su hermano y la colaboraci\u00f3n de Marcos Richards, un productor allegado, lanz\u00f3 su primer EP oficial \u00abHosono\u00bb, que recibi\u00f3 una excelente acogida del p\u00fablico . La demanda creci\u00f3, y Canti se dedic\u00f3 a\u00fan m\u00e1s a su m\u00fasica, lanzando sencillos como \u00abAxolotl\u00bb, \u00abA veces\u00bb y \u00abTrasnoches\u00bb.<\/p>\n\n\n\n<p>El punto de inflexi\u00f3n lleg\u00f3 cuando el productor Hern\u00e1n Garc\u00eda reconoci\u00f3 el potencial de su canci\u00f3n \u00abDokatzu vol 2\u00bb y se ofreci\u00f3 a producirla. El resultado fue \u00abDokatzu vol 3\u00bb, que se convirti\u00f3 en un \u00e9xito rotundo, superando todas las expectativas anteriores.<\/p>\n\n\n\n<p>Canti encuentra inspiraci\u00f3n en una amplia gama de artistas, desde los Beatles y Radiohead hasta Metronomy y MGMT. Su estilo musical combina sintetizadores y guitarras agresivas con una voz vulnerable, creando una experiencia auditiva \u00fanica en cada canci\u00f3n que desaf\u00eda la categorizaci\u00f3n dentro de un solo g\u00e9nero.<\/p>\n","protected":false},"excerpt":{"rendered":"","protected":false},"author":5,"featured_media":15036,"comment_status":"open","ping_status":"open","sticky":false,"template":"","format":"standard","meta":{"om_disable_all_campaigns":false,"_uf_show_specific_survey":0,"_uf_disable_surveys":false,"footnotes":""},"categories":[4],"tags":[],"class_list":["post-15035","post","type-post","status-publish","format-standard","has-post-thumbnail","hentry","category-musica"],"_links":{"self":[{"href":"https:\/\/entrenotasyacordes.com\/index.php?rest_route=\/wp\/v2\/posts\/15035","targetHints":{"allow":["GET"]}}],"collection":[{"href":"https:\/\/entrenotasyacordes.com\/index.php?rest_route=\/wp\/v2\/posts"}],"about":[{"href":"https:\/\/entrenotasyacordes.com\/index.php?rest_route=\/wp\/v2\/types\/post"}],"author":[{"embeddable":true,"href":"https:\/\/entrenotasyacordes.com\/index.php?rest_route=\/wp\/v2\/users\/5"}],"replies":[{"embeddable":true,"href":"https:\/\/entrenotasyacordes.com\/index.php?rest_route=%2Fwp%2Fv2%2Fcomments&post=15035"}],"version-history":[{"count":1,"href":"https:\/\/entrenotasyacordes.com\/index.php?rest_route=\/wp\/v2\/posts\/15035\/revisions"}],"predecessor-version":[{"id":15038,"href":"https:\/\/entrenotasyacordes.com\/index.php?rest_route=\/wp\/v2\/posts\/15035\/revisions\/15038"}],"wp:featuredmedia":[{"embeddable":true,"href":"https:\/\/entrenotasyacordes.com\/index.php?rest_route=\/wp\/v2\/media\/15036"}],"wp:attachment":[{"href":"https:\/\/entrenotasyacordes.com\/index.php?rest_route=%2Fwp%2Fv2%2Fmedia&parent=15035"}],"wp:term":[{"taxonomy":"category","embeddable":true,"href":"https:\/\/entrenotasyacordes.com\/index.php?rest_route=%2Fwp%2Fv2%2Fcategories&post=15035"},{"taxonomy":"post_tag","embeddable":true,"href":"https:\/\/entrenotasyacordes.com\/index.php?rest_route=%2Fwp%2Fv2%2Ftags&post=15035"}],"curies":[{"name":"wp","href":"https:\/\/api.w.org\/{rel}","templated":true}]}}