{"id":15046,"date":"2025-04-24T22:15:46","date_gmt":"2025-04-24T22:15:46","guid":{"rendered":"https:\/\/entrenotasyacordes.com\/?p=15046"},"modified":"2025-04-24T22:15:47","modified_gmt":"2025-04-24T22:15:47","slug":"tuli-presenta-su-nuevo-single-y-videoclip-primavera","status":"publish","type":"post","link":"https:\/\/entrenotasyacordes.com\/?p=15046","title":{"rendered":"TULI presenta su nuevo single y videoclip \u00abPRIMAVERA\u00bb"},"content":{"rendered":"\n<!--more-->\n\n\n<div class=\"wp-block-image\">\n<figure class=\"aligncenter size-full is-resized\"><img loading=\"lazy\" decoding=\"async\" width=\"391\" height=\"391\" src=\"https:\/\/entrenotasyacordes.com\/wp-content\/uploads\/2025\/04\/f18399f7-b3b2-441c-848e-28854f50567d.jpg\" alt=\"\" class=\"wp-image-15047\" style=\"width:654px;height:auto\" srcset=\"https:\/\/entrenotasyacordes.com\/wp-content\/uploads\/2025\/04\/f18399f7-b3b2-441c-848e-28854f50567d.jpg 391w, https:\/\/entrenotasyacordes.com\/wp-content\/uploads\/2025\/04\/f18399f7-b3b2-441c-848e-28854f50567d-300x300.jpg 300w, https:\/\/entrenotasyacordes.com\/wp-content\/uploads\/2025\/04\/f18399f7-b3b2-441c-848e-28854f50567d-150x150.jpg 150w, https:\/\/entrenotasyacordes.com\/wp-content\/uploads\/2025\/04\/f18399f7-b3b2-441c-848e-28854f50567d-50x50.jpg 50w\" sizes=\"auto, (max-width: 391px) 100vw, 391px\" \/><\/figure>\n<\/div>\n\n\n<p class=\"has-text-align-left\"><strong>TULI<\/strong>&nbsp;sigue forjando y trabajando su carrera musical dentro del g\u00e9nero del pop. Sus canciones&nbsp;<strong><a href=\"https:\/\/click.emails.sonymusicfans.com\/?qs=70b532a433b2d7a3dee8234f9b8deacb8d13bb652b230ecf4bdaf6f07c687ed295629f18537132d684185d380f7318d09b2bba508bb6c8f7\"><strong>\u00abCiudad de Papel\u00bb,<\/strong><\/a><\/strong><strong><a href=\"https:\/\/click.emails.sonymusicfans.com\/?qs=70b532a433b2d7a3135f2fc2cee0c822c5c1e0afa57f1e183d168d4d930e17694b536389719ea3f2da564681f88a37c3f4ff2bd0de5e3a75\"><strong>\u201cCoraz\u00f3n\u201d<\/strong><\/a><\/strong><strong>,&nbsp;<\/strong><strong><a href=\"https:\/\/click.emails.sonymusicfans.com\/?qs=70b532a433b2d7a3f1f91c5324ab5fe16987a74a0ba9ad3a51fee5c8f731da18274b2a3779625777b1b918c51906ebbb3bac8a3b9c021892\"><strong>\u00abOctubre\u00bb<\/strong>&nbsp;<\/a><\/strong><strong>y&nbsp;<\/strong><strong><a href=\"https:\/\/click.emails.sonymusicfans.com\/?qs=70b532a433b2d7a32e0b04724ffd3286181afab6696f0ecb0855e9fe9374d99198b4d8aaabef5f4261d94b8a204ac3c3c3f0e94d96689daf\"><strong>\u201cHeridas\u201d<\/strong><\/a><\/strong>marcaron el inicio de esta nueva etapa en su trayectoria art\u00edstica. En esta misma l\u00ednea,&nbsp;<strong>TULI&nbsp;<\/strong>presenta su nuevo single&nbsp;<strong>\u00abPRIMAVERA\u00bb,<\/strong>&nbsp;un alegre pop rock producido por&nbsp;<em>Joe Luna.<\/em>&nbsp;Este track destaca por una explosi\u00f3n de guitarras y bater\u00edas, logrando una mezcla perfecta entre la nostalgia de Kudai y la intensidad de los primeros sencillos de Shakira.<\/p>\n\n\n\n<p class=\"has-text-align-left\"><strong>\u00abPRIMAVERA\u00bb<\/strong>&nbsp;mantiene la l\u00ednea musical y est\u00e9tica de<strong>&nbsp;\u00abOCTUBRE\u00bb,<\/strong>&nbsp;siendo la contracara de&nbsp;<strong>\u00abHERIDAS\u00bb.&nbsp;<\/strong>Aunque la letra de&nbsp;<strong>\u00abPRIMAVERA\u00bb<\/strong>&nbsp;aborda el desamor, su vibra alegre y energ\u00e9tica nos transporta a una tarde primaveral, ofreciendo una propuesta fresca y melanc\u00f3lica.<\/p>\n\n\n\n<figure class=\"wp-block-embed is-type-video is-provider-youtube wp-block-embed-youtube wp-embed-aspect-16-9 wp-has-aspect-ratio\"><div class=\"wp-block-embed__wrapper\">\n<div class=\"epyt-video-wrapper\"><iframe loading=\"lazy\"  id=\"_ytid_20409\"  width=\"640\" height=\"360\"  data-origwidth=\"640\" data-origheight=\"360\" src=\"https:\/\/www.youtube.com\/embed\/VRyUB8bk0m8?enablejsapi=1&#038;autoplay=0&#038;cc_load_policy=0&#038;cc_lang_pref=&#038;iv_load_policy=1&#038;loop=0&#038;rel=1&#038;fs=1&#038;playsinline=0&#038;autohide=2&#038;theme=dark&#038;color=white&#038;controls=1&#038;\" class=\"__youtube_prefs__  epyt-is-override  no-lazyload\" data-vol=\"50\"  title=\"YouTube player\"  allow=\"fullscreen; accelerometer; autoplay; clipboard-write; encrypted-media; gyroscope; picture-in-picture; web-share\" referrerpolicy=\"strict-origin-when-cross-origin\" allowfullscreen data-no-lazy=\"1\" data-skipgform_ajax_framebjll=\"\"><\/iframe><\/div>\n<\/div><\/figure>\n\n\n\n<p class=\"has-text-align-left\">El videoclip, dirigido por&nbsp;<em>Jota Sibilia<\/em>&nbsp;y la propia<strong>&nbsp;TULI,<\/strong>&nbsp;destaca por la predominancia del color rosa, tanto en el look de&nbsp;<strong>TULI<\/strong>&nbsp;como en los objetos del video. Este enfoque visual nos muestra a una artista con un lado m\u00e1s \u201ccute\u201d y sensible, invit\u00e1ndonos a sumergirnos en su mundo de fantas\u00eda.<\/p>\n\n\n\n<p class=\"has-text-align-left\"><strong>TULI<\/strong>&nbsp;es una artista que entrega una experiencia 360\u00b0, conectando su video con la canci\u00f3n, la portada y la comunicaci\u00f3n, ofreciendo as\u00ed una obra integral.<\/p>\n\n\n<div class=\"wp-block-image\">\n<figure class=\"aligncenter size-full\"><img loading=\"lazy\" decoding=\"async\" width=\"341\" height=\"438\" src=\"https:\/\/entrenotasyacordes.com\/wp-content\/uploads\/2025\/04\/9234a4ed-b950-4bdb-863f-34e29cf7f196.jpg\" alt=\"\" class=\"wp-image-15048\" srcset=\"https:\/\/entrenotasyacordes.com\/wp-content\/uploads\/2025\/04\/9234a4ed-b950-4bdb-863f-34e29cf7f196.jpg 341w, https:\/\/entrenotasyacordes.com\/wp-content\/uploads\/2025\/04\/9234a4ed-b950-4bdb-863f-34e29cf7f196-234x300.jpg 234w\" sizes=\"auto, (max-width: 341px) 100vw, 341px\" \/><\/figure>\n<\/div>\n\n\n<p><strong><em><u>Acerca de TULI<\/u><\/em><\/strong><em><u>:<\/u><\/em><\/p>\n\n\n\n<p>Cantante, bailarina y creadora de contenido. TULI hace de todo y todo bien. Comenz\u00f3 su recorrido musical con Cris\u00e1lida, su EP debut, algo en lo que deriv\u00f3 despu\u00e9s de varios a\u00f1os de trabajo y de hacer una exitosa colaboraci\u00f3n con Luck Ra en \u201cQue casualidad\u201d (2021).<br><br>Oriunda de la ciudad de C\u00f3rdoba, TULI surgi\u00f3 como streamer reconocida por impulsar el baile en la comunidad de Twitch. En 2018 particip\u00f3 en el Hip Hop International, en las ciudades estadounidenses de Las Vegas y Phoenix. En 2020, en el contexto de la cuarentena, comenz\u00f3 a stremear y r\u00e1pidamente consolid\u00f3 a su p\u00fablico. Fue la ganadora del Piqu\u00edn del Ali en los Coscu Army Awards 2020, la entrega de premios m\u00e1s importante de la comunidad Twitch.<br><br>En el 2023, vuelve a mostrar sus distintas facetas, siendo la ganadora del reconocido certamen de baile en Argentina: \u201cBailando por un sue\u00f1o\u201d.<br>Ya en 2024 y abocada 100% a su carrera musical, lanz\u00f3 un reggaet\u00f3n en colaboraci\u00f3n con Lauty Gram, al cual titularon \u00abQu\u00e9 Bendici\u00f3n\u00bb. Ese cambio de g\u00e9nero fue una decisi\u00f3n impulsada por el hecho de poder mostrar toda su versatilidad y expandir sus horizontes musicales.<br><br>Sin embargo, con \u00abCiudad de papel\u00bb, \u00abOctubre\u00bb y \u00abCoraz\u00f3n\u00bb, est\u00e1 de nuevo en la senda del pop con detalles rockeros, algo que parece encontrarla&nbsp; en su registro ideal.&nbsp;<\/p>\n","protected":false},"excerpt":{"rendered":"","protected":false},"author":5,"featured_media":15047,"comment_status":"open","ping_status":"open","sticky":false,"template":"","format":"standard","meta":{"om_disable_all_campaigns":false,"_uf_show_specific_survey":0,"_uf_disable_surveys":false,"footnotes":""},"categories":[4],"tags":[],"class_list":["post-15046","post","type-post","status-publish","format-standard","has-post-thumbnail","hentry","category-musica"],"_links":{"self":[{"href":"https:\/\/entrenotasyacordes.com\/index.php?rest_route=\/wp\/v2\/posts\/15046","targetHints":{"allow":["GET"]}}],"collection":[{"href":"https:\/\/entrenotasyacordes.com\/index.php?rest_route=\/wp\/v2\/posts"}],"about":[{"href":"https:\/\/entrenotasyacordes.com\/index.php?rest_route=\/wp\/v2\/types\/post"}],"author":[{"embeddable":true,"href":"https:\/\/entrenotasyacordes.com\/index.php?rest_route=\/wp\/v2\/users\/5"}],"replies":[{"embeddable":true,"href":"https:\/\/entrenotasyacordes.com\/index.php?rest_route=%2Fwp%2Fv2%2Fcomments&post=15046"}],"version-history":[{"count":1,"href":"https:\/\/entrenotasyacordes.com\/index.php?rest_route=\/wp\/v2\/posts\/15046\/revisions"}],"predecessor-version":[{"id":15049,"href":"https:\/\/entrenotasyacordes.com\/index.php?rest_route=\/wp\/v2\/posts\/15046\/revisions\/15049"}],"wp:featuredmedia":[{"embeddable":true,"href":"https:\/\/entrenotasyacordes.com\/index.php?rest_route=\/wp\/v2\/media\/15047"}],"wp:attachment":[{"href":"https:\/\/entrenotasyacordes.com\/index.php?rest_route=%2Fwp%2Fv2%2Fmedia&parent=15046"}],"wp:term":[{"taxonomy":"category","embeddable":true,"href":"https:\/\/entrenotasyacordes.com\/index.php?rest_route=%2Fwp%2Fv2%2Fcategories&post=15046"},{"taxonomy":"post_tag","embeddable":true,"href":"https:\/\/entrenotasyacordes.com\/index.php?rest_route=%2Fwp%2Fv2%2Ftags&post=15046"}],"curies":[{"name":"wp","href":"https:\/\/api.w.org\/{rel}","templated":true}]}}