{"id":15142,"date":"2025-05-01T16:04:00","date_gmt":"2025-05-01T16:04:00","guid":{"rendered":"https:\/\/entrenotasyacordes.com\/?p=15142"},"modified":"2025-05-01T16:04:01","modified_gmt":"2025-05-01T16:04:01","slug":"vuelve-harlem-festival-7ma-edicion","status":"publish","type":"post","link":"https:\/\/entrenotasyacordes.com\/?p=15142","title":{"rendered":"VUELVE HARLEM FESTIVAL: 7MA EDICI\u00d3N"},"content":{"rendered":"\n<!--more-->\n\n\n<div class=\"wp-block-image\">\n<figure class=\"aligncenter size-full is-resized\"><img loading=\"lazy\" decoding=\"async\" width=\"592\" height=\"732\" src=\"https:\/\/entrenotasyacordes.com\/wp-content\/uploads\/2025\/05\/1746022877515-Captura-de-pantalla-2025-04-30-a-las-11.14.52\u202fa.-m-1.png\" alt=\"\" class=\"wp-image-15146\" style=\"width:486px;height:auto\" srcset=\"https:\/\/entrenotasyacordes.com\/wp-content\/uploads\/2025\/05\/1746022877515-Captura-de-pantalla-2025-04-30-a-las-11.14.52\u202fa.-m-1.png 592w, https:\/\/entrenotasyacordes.com\/wp-content\/uploads\/2025\/05\/1746022877515-Captura-de-pantalla-2025-04-30-a-las-11.14.52\u202fa.-m-1-243x300.png 243w\" sizes=\"auto, (max-width: 592px) 100vw, 592px\" \/><\/figure>\n<\/div>\n\n\n<p class=\"has-text-align-left\">El festival m\u00e1s importante de Santa Fe anuncia su esperado regreso. Este lunes 5 de mayo a las 12 hs comienza la preventa exclusiva por 48 hs con tarjeta VISA Banco Santa Fe y Banco Entre R\u00edos a trav\u00e9s de\u00a0<a href=\"https:\/\/mariapeluffo.tr.pemsv11.net\/c\/eyJhIjoibWFyaWFwZWx1ZmZvIiwibSI6Im1haWxfY21hNDQyZDlqYXZ3NjA3MzVjanVrdWRmYiIsImwiOiJsaW5rX2Y5NTdhM2I4ZmExY2JhMTBjZDI0MGJmMTRhODY0MjE0YmNiZjE3NDlfM2IzYzU4IiwiaSI6W10sInUiOiJ3d3cuaGFybGVtLmNvbS5hcj91dG1fc291cmNlPXBlcmZpdCZ1dG1fbWVkaXVtPWVtYWlsJnV0bV9jYW1wYWlnbj1Db3BpYSUyMGRlJTIwQ29waWElMjBkZSUyMEhBUkxFTSUyMDIwMjUlMjBBTlVOQ0lPIiwiYyI6IiIsImgiOiI4ZjBhYmYifQ\">www.harlem.com.ar<\/a>. Venta general con todos los medios de pago a partir del mi\u00e9rcoles 7 de mayo a las 12 hs.<\/p>\n\n\n\n<figure class=\"wp-block-embed is-type-video is-provider-youtube wp-block-embed-youtube wp-embed-aspect-16-9 wp-has-aspect-ratio\"><div class=\"wp-block-embed__wrapper\">\n<div class=\"epyt-video-wrapper\"><iframe loading=\"lazy\"  id=\"_ytid_62585\"  width=\"640\" height=\"360\"  data-origwidth=\"640\" data-origheight=\"360\" src=\"https:\/\/www.youtube.com\/embed\/YCbihrG4I5o?enablejsapi=1&#038;autoplay=0&#038;cc_load_policy=0&#038;cc_lang_pref=&#038;iv_load_policy=1&#038;loop=0&#038;rel=1&#038;fs=1&#038;playsinline=0&#038;autohide=2&#038;theme=dark&#038;color=white&#038;controls=1&#038;\" class=\"__youtube_prefs__  epyt-is-override  no-lazyload\" data-vol=\"50\"  title=\"YouTube player\"  allow=\"fullscreen; accelerometer; autoplay; clipboard-write; encrypted-media; gyroscope; picture-in-picture; web-share\" referrerpolicy=\"strict-origin-when-cross-origin\" allowfullscreen data-no-lazy=\"1\" data-skipgform_ajax_framebjll=\"\"><\/iframe><\/div>\n<\/div><\/figure>\n\n\n\n<p class=\"has-text-align-left\"><strong>Harlem Festival<\/strong>&nbsp;sigue creciendo a\u00f1o tras a\u00f1o convocando a miles de fan\u00e1ticos que esperan al mes de octubre para reencontrarse con los artistas m\u00e1s influyentes del rock y la escena nacional. El a\u00f1o pasado reuni\u00f3 a m\u00e1s de 30.000 personas durante dos noches llenas de m\u00fasica, emociones y sorpresas. Ofreci\u00f3 una experiencia vibrante y diversa, con una programaci\u00f3n que incluy\u00f3 tanto a reconocidos y consagrados artistas como a nuevas promesas del panorama musical, logrando atraer a toda la familia.<\/p>\n\n\n\n<p class=\"has-text-align-left\">El Harlem, como le dicen quienes lo vieron crecer, a su vez consagra a la ciudad como una verdadera capital cultural dentro del litoral, con una propuesta que va m\u00e1s all\u00e1. La misma no se queda atr\u00e1s en lo que respecta a propuesta gastron\u00f3mica, activaciones, juegos y espacios de dispersi\u00f3n para los m\u00e1s peque\u00f1os, entre tantas otras experiencias m\u00e1s.<\/p>\n\n\n<div class=\"wp-block-image\">\n<figure class=\"aligncenter size-full is-resized\"><img loading=\"lazy\" decoding=\"async\" width=\"1800\" height=\"1186\" src=\"https:\/\/entrenotasyacordes.com\/wp-content\/uploads\/2025\/05\/1746023722069-Captura-de-pantalla-2025-04-30-a-las-11.34.15\u202fa.-m.png\" alt=\"\" class=\"wp-image-15151\" style=\"width:486px;height:auto\" srcset=\"https:\/\/entrenotasyacordes.com\/wp-content\/uploads\/2025\/05\/1746023722069-Captura-de-pantalla-2025-04-30-a-las-11.34.15\u202fa.-m.png 1800w, https:\/\/entrenotasyacordes.com\/wp-content\/uploads\/2025\/05\/1746023722069-Captura-de-pantalla-2025-04-30-a-las-11.34.15\u202fa.-m-300x198.png 300w, https:\/\/entrenotasyacordes.com\/wp-content\/uploads\/2025\/05\/1746023722069-Captura-de-pantalla-2025-04-30-a-las-11.34.15\u202fa.-m-1024x675.png 1024w, https:\/\/entrenotasyacordes.com\/wp-content\/uploads\/2025\/05\/1746023722069-Captura-de-pantalla-2025-04-30-a-las-11.34.15\u202fa.-m-768x506.png 768w, https:\/\/entrenotasyacordes.com\/wp-content\/uploads\/2025\/05\/1746023722069-Captura-de-pantalla-2025-04-30-a-las-11.34.15\u202fa.-m-1536x1012.png 1536w\" sizes=\"auto, (max-width: 1800px) 100vw, 1800px\" \/><\/figure>\n<\/div>\n\n\n<p><strong>Sobre Harlem Festival<\/strong><\/p>\n\n\n\n<p>El Harlem sigue creciendo en cada una de sus ediciones y contin\u00faa reuniendo a miles de j\u00f3venes, grupos de amigos y familias que no quieren perderse el evento del a\u00f1o en Santa Fe con una mega producci\u00f3n, diferentes escenarios, actividades y gastronom\u00eda, donde se acercan miles de santafesinos y p\u00fablico de todo el pa\u00eds.<\/p>\n\n\n\n<p>En s\u00f3lo seis ediciones, Harlem es reconocido como uno de los m\u00e1s destacados festivales conceptuales de Argentina. Tuvo su primera edici\u00f3n en 2018, donde hasta el d\u00eda de hoy conviven en armon\u00eda todo tipo de p\u00fablico, artistas y experiencias. Ubicado en el coraz\u00f3n del pa\u00eds, busca el desarrollo art\u00edstico, cultural y tur\u00edstico en la regi\u00f3n de Santa Fe, Entre R\u00edos y el Noreste argentino.<\/p>\n\n\n\n<p>En las ediciones de 2018, 2019, 2021, 2022, 2023 y 2024 los artistas m\u00e1s importantes del pa\u00eds como Trueno, Duki, Airbag, YSY A, Wos, Nicki Nicole, Chano, La Vela Puerca, Emilia, Miranda!, Dillom, Ciro y Los Persas, Ca7riel y Paco Amoroso, entre muchos otros, fueron parte del line up que siempre mantiene vigente la propuesta del festival.<\/p>\n\n\n<div class=\"wp-block-image\">\n<figure class=\"aligncenter size-full is-resized\"><img loading=\"lazy\" decoding=\"async\" width=\"1192\" height=\"784\" src=\"https:\/\/entrenotasyacordes.com\/wp-content\/uploads\/2025\/05\/1746027293005-Captura-de-pantalla-2025-04-30-a-las-12.34.45\u202fp.-m.png\" alt=\"\" class=\"wp-image-15152\" style=\"width:486px;height:auto\" srcset=\"https:\/\/entrenotasyacordes.com\/wp-content\/uploads\/2025\/05\/1746027293005-Captura-de-pantalla-2025-04-30-a-las-12.34.45\u202fp.-m.png 1192w, https:\/\/entrenotasyacordes.com\/wp-content\/uploads\/2025\/05\/1746027293005-Captura-de-pantalla-2025-04-30-a-las-12.34.45\u202fp.-m-300x197.png 300w, https:\/\/entrenotasyacordes.com\/wp-content\/uploads\/2025\/05\/1746027293005-Captura-de-pantalla-2025-04-30-a-las-12.34.45\u202fp.-m-1024x674.png 1024w, https:\/\/entrenotasyacordes.com\/wp-content\/uploads\/2025\/05\/1746027293005-Captura-de-pantalla-2025-04-30-a-las-12.34.45\u202fp.-m-768x505.png 768w\" sizes=\"auto, (max-width: 1192px) 100vw, 1192px\" \/><\/figure>\n<\/div>\n\n\n<p><strong>D\u00f3nde conseguir las entradas<\/strong><\/p>\n\n\n\n<p>A partir de este lunes 5 de mayo a las 12 horas, podr\u00e1s adquirir tus abonos para los 2 d\u00edas del festival a precio promocional en Preventa Exclusiva VISA Banco Santa Fe y Banco Entre R\u00edos por 48 horas en 12 cuotas sin inter\u00e9s desde s\u00f3lo $8.750\/mes + service charge.<\/p>\n\n\n\n<p>Preventa General con todos los medios de pago a partir del mi\u00e9rcoles 7 de mayo a las 12 hs, con todas las tarjetas de cr\u00e9dito \/ d\u00e9bito y Mercado Pago. Adem\u00e1s podr\u00e1s aprovechar 9 cuotas sin inter\u00e9s con tarjeta VISA Banco Santa Fe y Banco Entre R\u00edos durante todo el per\u00edodo de venta.<\/p>\n\n\n\n<p>Tambi\u00e9n podr\u00e1s adquirirlas en efectivo sin costo de servicio en Tienda Uni\u00f3n (Av. L\u00f3pez y Planes 3553, Santa Fe) y Terco Tour (25 de mayo 453, Paran\u00e1), a partir del jueves 8\/5 a las 12 hs.<\/p>\n\n\n\n<p>Mantenete informado al instante en las redes de @harlemfestival o en&nbsp;<a href=\"https:\/\/mariapeluffo.tr.pemsv11.net\/c\/eyJhIjoibWFyaWFwZWx1ZmZvIiwibSI6Im1haWxfY21hNDQyZDlqYXZ3NjA3MzVjanVrdWRmYiIsImwiOiJsaW5rXzQ4MWYwNGI0MWU3ZWJiZTY5NTYwMjY5MjY1MDkyZjQ4Njc5ZjY2MGZfODNmNzZlIiwiaSI6W10sInUiOiJ3d3cuaGFybGVtLmNvbS5hci9mZXN0aXZhbD91dG1fc291cmNlPXBlcmZpdCZ1dG1fbWVkaXVtPWVtYWlsJnV0bV9jYW1wYWlnbj1Db3BpYSUyMGRlJTIwQ29waWElMjBkZSUyMEhBUkxFTSUyMDIwMjUlMjBBTlVOQ0lPIiwiYyI6IiIsImgiOiJhNTEwMWIifQ\">www.harlem.com.ar\/festival<\/a>.<\/p>\n","protected":false},"excerpt":{"rendered":"","protected":false},"author":5,"featured_media":15146,"comment_status":"open","ping_status":"open","sticky":false,"template":"","format":"standard","meta":{"om_disable_all_campaigns":false,"_uf_show_specific_survey":0,"_uf_disable_surveys":false,"footnotes":""},"categories":[36],"tags":[],"class_list":["post-15142","post","type-post","status-publish","format-standard","has-post-thumbnail","hentry","category-conciertos"],"_links":{"self":[{"href":"https:\/\/entrenotasyacordes.com\/index.php?rest_route=\/wp\/v2\/posts\/15142","targetHints":{"allow":["GET"]}}],"collection":[{"href":"https:\/\/entrenotasyacordes.com\/index.php?rest_route=\/wp\/v2\/posts"}],"about":[{"href":"https:\/\/entrenotasyacordes.com\/index.php?rest_route=\/wp\/v2\/types\/post"}],"author":[{"embeddable":true,"href":"https:\/\/entrenotasyacordes.com\/index.php?rest_route=\/wp\/v2\/users\/5"}],"replies":[{"embeddable":true,"href":"https:\/\/entrenotasyacordes.com\/index.php?rest_route=%2Fwp%2Fv2%2Fcomments&post=15142"}],"version-history":[{"count":2,"href":"https:\/\/entrenotasyacordes.com\/index.php?rest_route=\/wp\/v2\/posts\/15142\/revisions"}],"predecessor-version":[{"id":15153,"href":"https:\/\/entrenotasyacordes.com\/index.php?rest_route=\/wp\/v2\/posts\/15142\/revisions\/15153"}],"wp:featuredmedia":[{"embeddable":true,"href":"https:\/\/entrenotasyacordes.com\/index.php?rest_route=\/wp\/v2\/media\/15146"}],"wp:attachment":[{"href":"https:\/\/entrenotasyacordes.com\/index.php?rest_route=%2Fwp%2Fv2%2Fmedia&parent=15142"}],"wp:term":[{"taxonomy":"category","embeddable":true,"href":"https:\/\/entrenotasyacordes.com\/index.php?rest_route=%2Fwp%2Fv2%2Fcategories&post=15142"},{"taxonomy":"post_tag","embeddable":true,"href":"https:\/\/entrenotasyacordes.com\/index.php?rest_route=%2Fwp%2Fv2%2Ftags&post=15142"}],"curies":[{"name":"wp","href":"https:\/\/api.w.org\/{rel}","templated":true}]}}