{"id":15158,"date":"2025-05-01T16:27:58","date_gmt":"2025-05-01T16:27:58","guid":{"rendered":"https:\/\/entrenotasyacordes.com\/?p=15158"},"modified":"2025-05-01T16:27:59","modified_gmt":"2025-05-01T16:27:59","slug":"marilina-bertoldi-presenta-por-siempre-es-un-lugar-y-anuncia-la-fecha-de-lanzamiento-de-para-quien-trabajas-vol-i","status":"publish","type":"post","link":"https:\/\/entrenotasyacordes.com\/?p=15158","title":{"rendered":"MARILINA BERTOLDI presenta POR SIEMPRE ES UN LUGAR y anuncia la fecha de lanzamiento de PARA QUIEN TRABAJAS VOL I"},"content":{"rendered":"\n<!--more-->\n\n\n<div class=\"wp-block-image\">\n<figure class=\"aligncenter size-full is-resized\"><img loading=\"lazy\" decoding=\"async\" width=\"1039\" height=\"779\" src=\"https:\/\/entrenotasyacordes.com\/wp-content\/uploads\/2025\/05\/2aa.jpg\" alt=\"\" class=\"wp-image-15159\" style=\"width:654px;height:auto\" srcset=\"https:\/\/entrenotasyacordes.com\/wp-content\/uploads\/2025\/05\/2aa.jpg 1039w, https:\/\/entrenotasyacordes.com\/wp-content\/uploads\/2025\/05\/2aa-300x225.jpg 300w, https:\/\/entrenotasyacordes.com\/wp-content\/uploads\/2025\/05\/2aa-1024x768.jpg 1024w, https:\/\/entrenotasyacordes.com\/wp-content\/uploads\/2025\/05\/2aa-768x576.jpg 768w\" sizes=\"auto, (max-width: 1039px) 100vw, 1039px\" \/><figcaption class=\"wp-element-caption\">PH: Bel\u00e9n Asad<\/figcaption><\/figure>\n<\/div>\n\n\n<p class=\"has-text-align-left\">\u00a1La espera termin\u00f3!Luego de generar una gran expectativa,<strong> Marilina Bertoldi <\/strong>anuncia la fecha de lanzamiento de su pr\u00f3ximo \u00e1lbum presenta \u201c<strong>PARA QUIEN TRABAJAS VOL I<\/strong>\u201d. Y para hacerlo regala a sus fans un nuevo track de su quinto disco: <strong>\u201cPOR SIEMPRE ES UN LUGAR\u201d.<\/strong><\/p>\n\n\n\n<p class=\"has-text-align-left\">Cruda y sincera, esta balada contin\u00faa el camino iniciado por <strong>\u201cAUTOESTIMA\u201d<\/strong>, y revela un nuevo clima de \u201c<strong>PARA QUIEN TRABAJAS VOL I<\/strong>\u201d, un ambicioso proyecto que encuentra a Marilina en los roles de compositora, int\u00e9rprete, instrumentista y productora. \u201c<strong>PARA QUIEN TRABAJAS VOL I<\/strong>\u201d, fruto de m\u00e1s de un a\u00f1o de exploraci\u00f3n y experimentaci\u00f3n en el estudio, estar\u00e1 disponible en todas las plataformas digitales el 20 de mayo y ya se puede reservar en Spotify<\/p>\n\n\n\n<p class=\"has-text-align-left\">Con \u201c<strong>PARA QUIEN TRABAJAS VOL I<\/strong>\u201d Marilina Bertoldi mira a la realidad de frente, sin esquivarla. Y su mirada nos devuelve 10 canciones para cantar, pensar, gritar y por sobre todas las cosas no quedarnos quietos.<\/p>\n\n\n<div class=\"wp-block-image\">\n<figure class=\"aligncenter size-full\"><img loading=\"lazy\" decoding=\"async\" width=\"562\" height=\"562\" src=\"https:\/\/entrenotasyacordes.com\/wp-content\/uploads\/2025\/05\/2aaa.jpg\" alt=\"\" class=\"wp-image-15160\" srcset=\"https:\/\/entrenotasyacordes.com\/wp-content\/uploads\/2025\/05\/2aaa.jpg 562w, https:\/\/entrenotasyacordes.com\/wp-content\/uploads\/2025\/05\/2aaa-300x300.jpg 300w, https:\/\/entrenotasyacordes.com\/wp-content\/uploads\/2025\/05\/2aaa-150x150.jpg 150w, https:\/\/entrenotasyacordes.com\/wp-content\/uploads\/2025\/05\/2aaa-50x50.jpg 50w\" sizes=\"auto, (max-width: 562px) 100vw, 562px\" \/><figcaption class=\"wp-element-caption\">Arte de tapa del \u00e1lbum<br>Foto: Santiago Del Sel<br>Dise\u00f1o: Patronaria<\/figcaption><\/figure>\n<\/div>\n\n\n<p class=\"has-text-align-center\"><strong><u>TRACKLIST<\/u><\/strong><br>1. PARA QUIEN TRABAJAS<br>2. NO QUIEREN M\u00c1S MI ROCANROL<br>3. AUTOESTIMA<br>4. SIGLOS<br>5. BAJAN DE DIA DE NOCHE ESPERAN<br>6. EL GORDO<br>7. POR SIEMPRE ES UN LUGAR<br>8. DE CAZA<br>9. AMANECEN OCASOS<br>10. MONSTRUOS<\/p>\n\n\n\n<p><strong><u>Sobre Marilina Bertoldi<\/u><\/strong><\/p>\n\n\n\n<p>Marilina Bertoldi es una artista multifac\u00e9tica argentina. Compositora, productora, multiinstrumentista y performer. Ganadora del Gardel de oro y m\u00faltiples nominaciones a los Latin GRAMMY. Criada en el under de todo el mapa argentino, actualmente abri\u00e9ndose paso en la escena internacional. Una artista queer que rompe los moldes, que se gu\u00eda s\u00f3lo por lo que le divierte y que nunca se repite. Con m\u00e1s de 10 a\u00f1os de trayectoria, Marilina ha editado cuatro \u00e1lbumes de estudio y, recientemente, un \u00e1lbum en vivo, \u201cLuna en Obras\u201d, que compila dos de sus presentaciones en vivo m\u00e1s emblem\u00e1ticas. Este trabajo fue lanzado junto con un largometraje documental. Su \u00e1lbum \u201cPrender un fuego\u201d le vali\u00f3 el Gardel de Oro en 2019. En 2024 Marilina form\u00f3 parte del programa global Spotify Singles, donde realiz\u00f3 su versi\u00f3n de \u201cMe vuelvo cada d\u00eda m\u00e1s loca\u201d junto a Juliana Gattas.<\/p>\n","protected":false},"excerpt":{"rendered":"","protected":false},"author":5,"featured_media":15159,"comment_status":"open","ping_status":"open","sticky":false,"template":"","format":"standard","meta":{"om_disable_all_campaigns":false,"_uf_show_specific_survey":0,"_uf_disable_surveys":false,"footnotes":""},"categories":[4],"tags":[],"class_list":["post-15158","post","type-post","status-publish","format-standard","has-post-thumbnail","hentry","category-musica"],"_links":{"self":[{"href":"https:\/\/entrenotasyacordes.com\/index.php?rest_route=\/wp\/v2\/posts\/15158","targetHints":{"allow":["GET"]}}],"collection":[{"href":"https:\/\/entrenotasyacordes.com\/index.php?rest_route=\/wp\/v2\/posts"}],"about":[{"href":"https:\/\/entrenotasyacordes.com\/index.php?rest_route=\/wp\/v2\/types\/post"}],"author":[{"embeddable":true,"href":"https:\/\/entrenotasyacordes.com\/index.php?rest_route=\/wp\/v2\/users\/5"}],"replies":[{"embeddable":true,"href":"https:\/\/entrenotasyacordes.com\/index.php?rest_route=%2Fwp%2Fv2%2Fcomments&post=15158"}],"version-history":[{"count":1,"href":"https:\/\/entrenotasyacordes.com\/index.php?rest_route=\/wp\/v2\/posts\/15158\/revisions"}],"predecessor-version":[{"id":15161,"href":"https:\/\/entrenotasyacordes.com\/index.php?rest_route=\/wp\/v2\/posts\/15158\/revisions\/15161"}],"wp:featuredmedia":[{"embeddable":true,"href":"https:\/\/entrenotasyacordes.com\/index.php?rest_route=\/wp\/v2\/media\/15159"}],"wp:attachment":[{"href":"https:\/\/entrenotasyacordes.com\/index.php?rest_route=%2Fwp%2Fv2%2Fmedia&parent=15158"}],"wp:term":[{"taxonomy":"category","embeddable":true,"href":"https:\/\/entrenotasyacordes.com\/index.php?rest_route=%2Fwp%2Fv2%2Fcategories&post=15158"},{"taxonomy":"post_tag","embeddable":true,"href":"https:\/\/entrenotasyacordes.com\/index.php?rest_route=%2Fwp%2Fv2%2Ftags&post=15158"}],"curies":[{"name":"wp","href":"https:\/\/api.w.org\/{rel}","templated":true}]}}