{"id":15162,"date":"2025-05-03T21:09:12","date_gmt":"2025-05-03T21:09:12","guid":{"rendered":"https:\/\/entrenotasyacordes.com\/?p=15162"},"modified":"2025-05-03T21:09:13","modified_gmt":"2025-05-03T21:09:13","slug":"kany-garcia-revalida-su-amor-con-argentina","status":"publish","type":"post","link":"https:\/\/entrenotasyacordes.com\/?p=15162","title":{"rendered":"Kany Garc\u00eda revalida su amor con Argentina"},"content":{"rendered":"\n<!--more-->\n\n\n\n<p class=\"has-text-align-left\">El p\u00fablico argentino se reencontr\u00f3 con la puertorrique\u00f1a con tres noches en el Teatro Gran Rex para sellar este v\u00ednculo de amor, entendimiento y mucha m\u00fasica.<\/p>\n\n\n<div class=\"wp-block-image\">\n<figure class=\"aligncenter size-full\"><img loading=\"lazy\" decoding=\"async\" width=\"1600\" height=\"1066\" src=\"https:\/\/entrenotasyacordes.com\/wp-content\/uploads\/2025\/05\/Imagem-do-WhatsApp-de-2025-05-03-as-17.43.21_8d5ba653.jpg\" alt=\"\" class=\"wp-image-15163\" srcset=\"https:\/\/entrenotasyacordes.com\/wp-content\/uploads\/2025\/05\/Imagem-do-WhatsApp-de-2025-05-03-as-17.43.21_8d5ba653.jpg 1600w, https:\/\/entrenotasyacordes.com\/wp-content\/uploads\/2025\/05\/Imagem-do-WhatsApp-de-2025-05-03-as-17.43.21_8d5ba653-300x200.jpg 300w, https:\/\/entrenotasyacordes.com\/wp-content\/uploads\/2025\/05\/Imagem-do-WhatsApp-de-2025-05-03-as-17.43.21_8d5ba653-1024x682.jpg 1024w, https:\/\/entrenotasyacordes.com\/wp-content\/uploads\/2025\/05\/Imagem-do-WhatsApp-de-2025-05-03-as-17.43.21_8d5ba653-768x512.jpg 768w, https:\/\/entrenotasyacordes.com\/wp-content\/uploads\/2025\/05\/Imagem-do-WhatsApp-de-2025-05-03-as-17.43.21_8d5ba653-1536x1023.jpg 1536w\" sizes=\"auto, (max-width: 1600px) 100vw, 1600px\" \/><\/figure>\n<\/div>\n\n\n<p>Kany Garc\u00eda demostr\u00f3 nuevamente por qu\u00e9 es una de las artistas hispanas m\u00e1s emblem\u00e1ticas.<br>En tres fechas con entradas completamente agotadas, la puertorrique\u00f1a recorri\u00f3 los<br>\u00e9xitos m\u00e1s cautivantes de su carrera y present\u00f3 su reciente \u00e1lbum \u201cGarc\u00eda\u201d.<\/p>\n\n\n<div class=\"wp-block-image\">\n<figure class=\"aligncenter size-full\"><img loading=\"lazy\" decoding=\"async\" width=\"1066\" height=\"1600\" src=\"https:\/\/entrenotasyacordes.com\/wp-content\/uploads\/2025\/05\/Imagem-do-WhatsApp-de-2025-05-03-as-17.43.21_ed47c762.jpg\" alt=\"\" class=\"wp-image-15164\" srcset=\"https:\/\/entrenotasyacordes.com\/wp-content\/uploads\/2025\/05\/Imagem-do-WhatsApp-de-2025-05-03-as-17.43.21_ed47c762.jpg 1066w, https:\/\/entrenotasyacordes.com\/wp-content\/uploads\/2025\/05\/Imagem-do-WhatsApp-de-2025-05-03-as-17.43.21_ed47c762-200x300.jpg 200w, https:\/\/entrenotasyacordes.com\/wp-content\/uploads\/2025\/05\/Imagem-do-WhatsApp-de-2025-05-03-as-17.43.21_ed47c762-682x1024.jpg 682w, https:\/\/entrenotasyacordes.com\/wp-content\/uploads\/2025\/05\/Imagem-do-WhatsApp-de-2025-05-03-as-17.43.21_ed47c762-768x1153.jpg 768w, https:\/\/entrenotasyacordes.com\/wp-content\/uploads\/2025\/05\/Imagem-do-WhatsApp-de-2025-05-03-as-17.43.21_ed47c762-1023x1536.jpg 1023w, https:\/\/entrenotasyacordes.com\/wp-content\/uploads\/2025\/05\/Imagem-do-WhatsApp-de-2025-05-03-as-17.43.21_ed47c762-1024x1537.jpg 1024w\" sizes=\"auto, (max-width: 1066px) 100vw, 1066px\" \/><\/figure>\n<\/div>\n\n\n<p>Desde el primer momento, Kany abri\u00f3 el show habl\u00e1ndole directamente al coraz\u00f3n de su gente \u201cHace un a\u00f1o y medio arrancamos esta gira y ha sido impresionante, pero siempre creo firmemente que hay lugares que tienen memorias a\u00f1adidas, destinos que te revuelven el alma y el coraz\u00f3n\u201d, provocando la primera ovaci\u00f3n de la noche.<\/p>\n\n\n<div class=\"wp-block-image\">\n<figure class=\"aligncenter size-full\"><img loading=\"lazy\" decoding=\"async\" width=\"1066\" height=\"1600\" src=\"https:\/\/entrenotasyacordes.com\/wp-content\/uploads\/2025\/05\/Imagem-do-WhatsApp-de-2025-05-03-as-17.43.21_7fef5929.jpg\" alt=\"\" class=\"wp-image-15165\" srcset=\"https:\/\/entrenotasyacordes.com\/wp-content\/uploads\/2025\/05\/Imagem-do-WhatsApp-de-2025-05-03-as-17.43.21_7fef5929.jpg 1066w, https:\/\/entrenotasyacordes.com\/wp-content\/uploads\/2025\/05\/Imagem-do-WhatsApp-de-2025-05-03-as-17.43.21_7fef5929-200x300.jpg 200w, https:\/\/entrenotasyacordes.com\/wp-content\/uploads\/2025\/05\/Imagem-do-WhatsApp-de-2025-05-03-as-17.43.21_7fef5929-682x1024.jpg 682w, https:\/\/entrenotasyacordes.com\/wp-content\/uploads\/2025\/05\/Imagem-do-WhatsApp-de-2025-05-03-as-17.43.21_7fef5929-768x1153.jpg 768w, https:\/\/entrenotasyacordes.com\/wp-content\/uploads\/2025\/05\/Imagem-do-WhatsApp-de-2025-05-03-as-17.43.21_7fef5929-1023x1536.jpg 1023w, https:\/\/entrenotasyacordes.com\/wp-content\/uploads\/2025\/05\/Imagem-do-WhatsApp-de-2025-05-03-as-17.43.21_7fef5929-1024x1537.jpg 1024w\" sizes=\"auto, (max-width: 1066px) 100vw, 1066px\" \/><\/figure>\n<\/div>\n\n\n<p>Tres noches inolvidables para un p\u00fablico que vivi\u00f3 de pie la propuesta de la artista y que no dej\u00f3 de cantar a todo pulm\u00f3n en\u00a0un\u00a0solo\u00a0tema.<\/p>\n\n\n<div class=\"wp-block-image\">\n<figure class=\"aligncenter size-full\"><img loading=\"lazy\" decoding=\"async\" width=\"1279\" height=\"1600\" src=\"https:\/\/entrenotasyacordes.com\/wp-content\/uploads\/2025\/05\/Imagem-do-WhatsApp-de-2025-05-03-as-17.43.22_76bd55a0.jpg\" alt=\"\" class=\"wp-image-15166\" srcset=\"https:\/\/entrenotasyacordes.com\/wp-content\/uploads\/2025\/05\/Imagem-do-WhatsApp-de-2025-05-03-as-17.43.22_76bd55a0.jpg 1279w, https:\/\/entrenotasyacordes.com\/wp-content\/uploads\/2025\/05\/Imagem-do-WhatsApp-de-2025-05-03-as-17.43.22_76bd55a0-240x300.jpg 240w, https:\/\/entrenotasyacordes.com\/wp-content\/uploads\/2025\/05\/Imagem-do-WhatsApp-de-2025-05-03-as-17.43.22_76bd55a0-819x1024.jpg 819w, https:\/\/entrenotasyacordes.com\/wp-content\/uploads\/2025\/05\/Imagem-do-WhatsApp-de-2025-05-03-as-17.43.22_76bd55a0-768x961.jpg 768w, https:\/\/entrenotasyacordes.com\/wp-content\/uploads\/2025\/05\/Imagem-do-WhatsApp-de-2025-05-03-as-17.43.22_76bd55a0-1228x1536.jpg 1228w, https:\/\/entrenotasyacordes.com\/wp-content\/uploads\/2025\/05\/Imagem-do-WhatsApp-de-2025-05-03-as-17.43.22_76bd55a0-1024x1281.jpg 1024w\" sizes=\"auto, (max-width: 1279px) 100vw, 1279px\" \/><\/figure>\n<\/div>\n\n\n<p><\/p>\n","protected":false},"excerpt":{"rendered":"","protected":false},"author":5,"featured_media":15166,"comment_status":"open","ping_status":"open","sticky":false,"template":"","format":"standard","meta":{"om_disable_all_campaigns":false,"_uf_show_specific_survey":0,"_uf_disable_surveys":false,"footnotes":""},"categories":[34],"tags":[],"class_list":["post-15162","post","type-post","status-publish","format-standard","has-post-thumbnail","hentry","category-ultimas-noticias"],"_links":{"self":[{"href":"https:\/\/entrenotasyacordes.com\/index.php?rest_route=\/wp\/v2\/posts\/15162","targetHints":{"allow":["GET"]}}],"collection":[{"href":"https:\/\/entrenotasyacordes.com\/index.php?rest_route=\/wp\/v2\/posts"}],"about":[{"href":"https:\/\/entrenotasyacordes.com\/index.php?rest_route=\/wp\/v2\/types\/post"}],"author":[{"embeddable":true,"href":"https:\/\/entrenotasyacordes.com\/index.php?rest_route=\/wp\/v2\/users\/5"}],"replies":[{"embeddable":true,"href":"https:\/\/entrenotasyacordes.com\/index.php?rest_route=%2Fwp%2Fv2%2Fcomments&post=15162"}],"version-history":[{"count":1,"href":"https:\/\/entrenotasyacordes.com\/index.php?rest_route=\/wp\/v2\/posts\/15162\/revisions"}],"predecessor-version":[{"id":15167,"href":"https:\/\/entrenotasyacordes.com\/index.php?rest_route=\/wp\/v2\/posts\/15162\/revisions\/15167"}],"wp:featuredmedia":[{"embeddable":true,"href":"https:\/\/entrenotasyacordes.com\/index.php?rest_route=\/wp\/v2\/media\/15166"}],"wp:attachment":[{"href":"https:\/\/entrenotasyacordes.com\/index.php?rest_route=%2Fwp%2Fv2%2Fmedia&parent=15162"}],"wp:term":[{"taxonomy":"category","embeddable":true,"href":"https:\/\/entrenotasyacordes.com\/index.php?rest_route=%2Fwp%2Fv2%2Fcategories&post=15162"},{"taxonomy":"post_tag","embeddable":true,"href":"https:\/\/entrenotasyacordes.com\/index.php?rest_route=%2Fwp%2Fv2%2Ftags&post=15162"}],"curies":[{"name":"wp","href":"https:\/\/api.w.org\/{rel}","templated":true}]}}