{"id":15168,"date":"2025-05-03T21:30:23","date_gmt":"2025-05-03T21:30:23","guid":{"rendered":"https:\/\/entrenotasyacordes.com\/?p=15168"},"modified":"2025-05-03T21:30:24","modified_gmt":"2025-05-03T21:30:24","slug":"kali-uchis-lanza-su-nueva-cancion-ilysmih","status":"publish","type":"post","link":"https:\/\/entrenotasyacordes.com\/?p=15168","title":{"rendered":"KALI UCHIS LANZA SU NUEVA CANCI\u00d3N \u201cILYSMIH\u201d"},"content":{"rendered":"\n<!--more-->\n\n\n\n<p class=\"has-text-align-center\"><strong>SU QUINTO ALBUM\u00a0<em>SINCERELY,<\/em><\/strong> <strong>SALE EL 9 DE MAYO<\/strong><\/p>\n\n\n<div class=\"wp-block-image\">\n<figure class=\"aligncenter size-full is-resized\"><img loading=\"lazy\" decoding=\"async\" width=\"1500\" height=\"1728\" src=\"https:\/\/entrenotasyacordes.com\/wp-content\/uploads\/2025\/05\/1279917_3.webp\" alt=\"\" class=\"wp-image-15169\" style=\"width:654px;height:auto\" srcset=\"https:\/\/entrenotasyacordes.com\/wp-content\/uploads\/2025\/05\/1279917_3.webp 1500w, https:\/\/entrenotasyacordes.com\/wp-content\/uploads\/2025\/05\/1279917_3-260x300.webp 260w, https:\/\/entrenotasyacordes.com\/wp-content\/uploads\/2025\/05\/1279917_3-889x1024.webp 889w, https:\/\/entrenotasyacordes.com\/wp-content\/uploads\/2025\/05\/1279917_3-768x885.webp 768w, https:\/\/entrenotasyacordes.com\/wp-content\/uploads\/2025\/05\/1279917_3-1333x1536.webp 1333w, https:\/\/entrenotasyacordes.com\/wp-content\/uploads\/2025\/05\/1279917_3-1024x1180.webp 1024w\" sizes=\"auto, (max-width: 1500px) 100vw, 1500px\" \/><\/figure>\n<\/div>\n\n\n<p class=\"has-text-align-left\">La artista global ganadora del\u00a0<strong>GRAMMY\u00ae<\/strong>,\u00a0<strong>Kali Uchis<\/strong>, revel\u00f3 su m\u00e1s reciente canci\u00f3n \u201c<strong>ILYSMIH<\/strong>\u201d \u2013 esc\u00fachalo\u00a0<a href=\"https:\/\/ar.umusic-online.com\/c\/AQiFlA4QnuIrGODmsjogi_j0Cr8EFUisKL6HFwD6kV184dB2azpwT0adsW_hBDH7U-7k\">ac\u00e1<\/a>\u00a0v\u00eda\u00a0<strong>Capitol Records<\/strong>. Este lanzamiento es el segundo sencillo de su quinto \u00e1lbum de estudio, titulado\u00a0<strong>\u2018Sincerely,\u2019<\/strong>, que saldr\u00e1 el 9 de mayo.<\/p>\n\n\n\n<p>\u201c<strong>ILYSMIH<\/strong>&nbsp;es compartir un pedazo de mi coraz\u00f3n con el mundo. Vivir una vida rica en amor y paz interior no ha sido f\u00e1cil. Espero que esta canci\u00f3n llegue a quien m\u00e1s la necesite.\u201d \u2013&nbsp;<strong>Kali Uchis<\/strong><\/p>\n\n\n\n<p class=\"has-text-align-left\">Una balada delicada y conmovedora, inspirada en la experiencia profunda de la maternidad y el amor inconmensurable hacia su hijo, \u201c<strong>ILYSMIH<\/strong>\u201d representa uno de los lanzamientos m\u00e1s \u00edntimos y vulnerables hasta la fecha de la artista colombo-estadounidense. A lo largo del tema,\u00a0<strong>Uchis<\/strong>\u00a0captura brillantemente todas las emociones complejas relacionadas con la experiencia de convertirse en madre por primera vez. Con su caracter\u00edstico estilo vocal et\u00e9reo, sobre una base de melod\u00edas exuberantes e instrumentaci\u00f3n suave, \u201c<strong>ILYSMIH<\/strong>\u201d pinta un cuadro de la inmensa alegr\u00eda, la protecci\u00f3n feroz y las emociones transformadoras que surgen de un evento que cambia la vida por completo. Cabe destacar que \u201c<strong>ILYSMIH<\/strong>\u201d fue una de las primeras canciones que\u00a0<strong>Uchis<\/strong>\u00a0escribi\u00f3 tras dar la bienvenida a su hijo al mundo, marcando un cap\u00edtulo profundamente personal y significativo en su arte.<\/p>\n\n\n\n<p class=\"has-text-align-left\">\u201c<strong>ILYSMIH<\/strong>\u201d llega tras el lanzamiento del mes pasado de \u201c<strong>Sunshine &amp; Rain<\/strong>\u201d, el primer sencillo de esta nueva era musical de&nbsp;<strong>Kali Uchis<\/strong>.<\/p>\n\n\n\n<p class=\"has-text-align-left\">Sumando a sus logros recientes,\u00a0<strong>Kali Uchis<\/strong>\u00a0hizo una aparici\u00f3n sorpresa durante el set de\u00a0<strong>JENNIE<\/strong>\u00a0en el\u00a0<strong>Coachella Valley Music &amp; Arts Festival<\/strong>\u00a0durante el primer fin de semana, deleitando al p\u00fablico al unirse a la cantante en el escenario para interpretar su reciente colaboraci\u00f3n \u201c<strong>Damn Right<\/strong>.\u201d Esta actuaci\u00f3n inesperada destac\u00f3 a\u00fan m\u00e1s la versatilidad de\u00a0<strong>Uchis<\/strong>\u00a0y consolid\u00f3 su posici\u00f3n como una fuerza din\u00e1mica e influyente en todos los g\u00e9neros musicales.<\/p>\n\n\n\n<figure class=\"wp-block-embed is-type-video is-provider-youtube wp-block-embed-youtube wp-embed-aspect-16-9 wp-has-aspect-ratio\"><div class=\"wp-block-embed__wrapper\">\n<div class=\"epyt-video-wrapper\"><iframe loading=\"lazy\"  id=\"_ytid_59682\"  width=\"640\" height=\"360\"  data-origwidth=\"640\" data-origheight=\"360\" src=\"https:\/\/www.youtube.com\/embed\/yc8_dYPx4ao?enablejsapi=1&#038;autoplay=0&#038;cc_load_policy=0&#038;cc_lang_pref=&#038;iv_load_policy=1&#038;loop=0&#038;rel=1&#038;fs=1&#038;playsinline=0&#038;autohide=2&#038;theme=dark&#038;color=white&#038;controls=1&#038;\" class=\"__youtube_prefs__  epyt-is-override  no-lazyload\" data-vol=\"50\"  title=\"YouTube player\"  allow=\"fullscreen; accelerometer; autoplay; clipboard-write; encrypted-media; gyroscope; picture-in-picture; web-share\" referrerpolicy=\"strict-origin-when-cross-origin\" allowfullscreen data-no-lazy=\"1\" data-skipgform_ajax_framebjll=\"\"><\/iframe><\/div>\n<\/div><\/figure>\n\n\n\n<p class=\"has-text-align-left\"><strong>SOBRE KALI UCHIS<\/strong><\/p>\n\n\n\n<p class=\"has-text-align-left\"><strong>Kali Uchis<\/strong>\u00a0ha sido reconocida como un talento \u00fanico desde sus inicios, pero su \u00e1lbum\u00a0<strong>ORQU\u00cdDEAS<\/strong>\u00a0llev\u00f3 su carrera a nuevas alturas. Siendo su \u00e1lbum de mayor \u00e9xito en listas hasta la fecha (debutando en el puesto #2 del\u00a0<strong>Billboard 200<\/strong>), el aclamado disco \u2014 su cuarto en total y segundo en espa\u00f1ol \u2014 fue encabezado por sencillos como \u201c<strong>Igual Que un \u00c1ngel<\/strong>\u201d con\u00a0<strong>Peso Pluma<\/strong>\u00a0(certificado Platino, #1 en\u00a0<strong>Hot Latin Songs<\/strong>, #23 en el\u00a0<strong>Hot 100<\/strong>) y \u201c<strong>Labios Mordidos<\/strong>\u201d con\u00a0<strong>KAROL G<\/strong>\u00a0(certificado Oro, #10 en\u00a0<strong>Hot Latin Songs<\/strong>, #97 en el\u00a0<strong>Hot 100<\/strong>).\u00a0<strong>ORQU\u00cdDEAS<\/strong>\u00a0fue nominado a\u00a0<strong>Mejor \u00c1lbum de Pop Latino<\/strong>\u00a0en los\u00a0<strong>GRAMMY\u00ae\u00a02025<\/strong>,\u00a0<strong>Mejor \u00c1lbum Vocal Pop<\/strong>\u00a0en los\u00a0<strong>Latin GRAMMYs<\/strong>, y se llev\u00f3 trofeos en los\u00a0<strong>Billboard Latin Music Awards<\/strong>\u00a0y los\u00a0<strong>Latin American Music Awards<\/strong>. El disco fue incluido en numerosas listas de \u201cMejores \u00c1lbumes del A\u00f1o\u201d, recibiendo elogios de medios como\u00a0<strong>Pitchfork<\/strong>,\u00a0<strong>Rolling Stone<\/strong>,\u00a0<strong>Complex<\/strong>\u00a0y\u00a0<strong>The New York Times<\/strong>.<\/p>\n\n\n\n<p class=\"has-text-align-left\">Con incursiones art\u00edsticas en el&nbsp;<strong>R&amp;B<\/strong>, el pop alternativo, el reguet\u00f3n y los ritmos latinos,&nbsp;<strong>Uchis<\/strong>&nbsp;ha lanzado varios de los \u00e1lbumes m\u00e1s elogiados de la \u00faltima d\u00e9cada: desde su mixtape de 2015&nbsp;<strong>Por Vida<\/strong>, hasta su LP debut de 2018&nbsp;<strong>Isolation<\/strong>, su proyecto en espa\u00f1ol de 2020&nbsp;<strong>Sin Miedo (del Amor y Otros Demonios)<\/strong>, y&nbsp;<strong>Red Moon in Venus<\/strong>&nbsp;de 2023, que incluye el \u00e9xito certificado 2x Platino \u201c<strong>Moonlight<\/strong>,\u201d y fue nombrado por la revista&nbsp;<strong>TIME<\/strong>&nbsp;como el \u2018Mejor \u00c1lbum del A\u00f1o.\u2019<\/p>\n\n\n\n<p class=\"has-text-align-left\">Entre elogios constantes y reconocimientos \u2014incluyendo nueve nominaciones al\u00a0<strong>GRAMMY\u00ae<\/strong>\u00a0y una victoria en 2021 en la categor\u00eda de\u00a0<strong>Mejor Canci\u00f3n Dance<\/strong>\u00a0por su colaboraci\u00f3n con\u00a0<strong>Kaytranada<\/strong>\u00a0en \u201c<strong>10%<\/strong>\u201d\u2014 el gran momento de\u00a0<strong>Uchis<\/strong>\u00a0lleg\u00f3 con su mega\u00e9xito \u201c<strong>telepat\u00eda<\/strong>\u201d en 2021, que ha superado los 2 mil millones de reproducciones hasta la fecha y se convirti\u00f3 en la canci\u00f3n en espa\u00f1ol m\u00e1s duradera en el\u00a0<strong>Hot 100<\/strong>\u00a0por un artista solista en esta d\u00e9cada, con una racha de 23 semanas.\u00a0<strong>Uchis<\/strong>\u00a0est\u00e1 a punto de entrar al\u00a0<strong>Spotify Billions Club<\/strong>\u00a0por tercera vez, gracias al \u00e9xito de \u201c<strong>telepat\u00eda<\/strong>\u201d, \u201c<strong>See You Again<\/strong>\u201d de\u00a0<strong>Tyler, The Creator<\/strong>\u00a0(con la participaci\u00f3n de\u00a0<strong>Kali Uchis<\/strong>), y pr\u00f3ximamente \u201c<strong>Moonlight<\/strong>.\u201d<\/p>\n\n\n\n<p class=\"has-text-align-left\">Criada entre\u00a0<strong>Virginia<\/strong>\u00a0y\u00a0<strong>Colombia<\/strong>,\u00a0<strong>Uchis<\/strong>\u00a0ha colaborado y compartido escenario con artistas como\u00a0<strong>SZA<\/strong>,\u00a0<strong>Tyler the Creator<\/strong>,\u00a0<strong>Lana Del Rey<\/strong>,\u00a0<strong>Gorillaz<\/strong>,\u00a0<strong>Snoop Dogg<\/strong>,\u00a0<strong>Rauw Alejandro<\/strong>, y su pareja de larga data,\u00a0<strong>Don Toliver<\/strong>, con quien dio la bienvenida a su primer hijo el a\u00f1o pasado.\u00a0<strong>Uchis<\/strong>\u00a0ha realizado giras mundiales completamente agotadas, la m\u00e1s reciente en arenas, adem\u00e1s de presentaciones destacadas en festivales como\u00a0<strong>Coachella Valley Music &amp; Arts Festival<\/strong>,\u00a0<strong>Austin City Limits<\/strong>,\u00a0<strong>Tropicalia<\/strong>,\u00a0<strong>Governors Ball<\/strong>,\u00a0<strong>Bonnaroo<\/strong>,\u00a0<strong>Lollapalooza<\/strong>, entre muchos otros.menzar el a\u00f1o, los\u00a0<strong>Jonas Brothers<\/strong>\u00a0lanzaron nuevos sencillos como \u201c<strong>Slow Motion<\/strong>\u201d con el productor\u00a0<strong>Marshmello<\/strong>\u00a0y \u201c<strong>Love Me To Heaven<\/strong>.\u201d<\/p>\n\n\n<div class=\"wp-block-image\">\n<figure class=\"aligncenter size-full\"><img loading=\"lazy\" decoding=\"async\" width=\"1011\" height=\"1530\" src=\"https:\/\/entrenotasyacordes.com\/wp-content\/uploads\/2025\/05\/1279832_1.webp\" alt=\"\" class=\"wp-image-15170\" srcset=\"https:\/\/entrenotasyacordes.com\/wp-content\/uploads\/2025\/05\/1279832_1.webp 1011w, https:\/\/entrenotasyacordes.com\/wp-content\/uploads\/2025\/05\/1279832_1-198x300.webp 198w, https:\/\/entrenotasyacordes.com\/wp-content\/uploads\/2025\/05\/1279832_1-677x1024.webp 677w, https:\/\/entrenotasyacordes.com\/wp-content\/uploads\/2025\/05\/1279832_1-768x1162.webp 768w\" sizes=\"auto, (max-width: 1011px) 100vw, 1011px\" \/><\/figure>\n<\/div>","protected":false},"excerpt":{"rendered":"","protected":false},"author":5,"featured_media":15169,"comment_status":"open","ping_status":"open","sticky":false,"template":"","format":"standard","meta":{"om_disable_all_campaigns":false,"_uf_show_specific_survey":0,"_uf_disable_surveys":false,"footnotes":""},"categories":[4],"tags":[],"class_list":["post-15168","post","type-post","status-publish","format-standard","has-post-thumbnail","hentry","category-musica"],"_links":{"self":[{"href":"https:\/\/entrenotasyacordes.com\/index.php?rest_route=\/wp\/v2\/posts\/15168","targetHints":{"allow":["GET"]}}],"collection":[{"href":"https:\/\/entrenotasyacordes.com\/index.php?rest_route=\/wp\/v2\/posts"}],"about":[{"href":"https:\/\/entrenotasyacordes.com\/index.php?rest_route=\/wp\/v2\/types\/post"}],"author":[{"embeddable":true,"href":"https:\/\/entrenotasyacordes.com\/index.php?rest_route=\/wp\/v2\/users\/5"}],"replies":[{"embeddable":true,"href":"https:\/\/entrenotasyacordes.com\/index.php?rest_route=%2Fwp%2Fv2%2Fcomments&post=15168"}],"version-history":[{"count":1,"href":"https:\/\/entrenotasyacordes.com\/index.php?rest_route=\/wp\/v2\/posts\/15168\/revisions"}],"predecessor-version":[{"id":15171,"href":"https:\/\/entrenotasyacordes.com\/index.php?rest_route=\/wp\/v2\/posts\/15168\/revisions\/15171"}],"wp:featuredmedia":[{"embeddable":true,"href":"https:\/\/entrenotasyacordes.com\/index.php?rest_route=\/wp\/v2\/media\/15169"}],"wp:attachment":[{"href":"https:\/\/entrenotasyacordes.com\/index.php?rest_route=%2Fwp%2Fv2%2Fmedia&parent=15168"}],"wp:term":[{"taxonomy":"category","embeddable":true,"href":"https:\/\/entrenotasyacordes.com\/index.php?rest_route=%2Fwp%2Fv2%2Fcategories&post=15168"},{"taxonomy":"post_tag","embeddable":true,"href":"https:\/\/entrenotasyacordes.com\/index.php?rest_route=%2Fwp%2Fv2%2Ftags&post=15168"}],"curies":[{"name":"wp","href":"https:\/\/api.w.org\/{rel}","templated":true}]}}