{"id":15172,"date":"2025-05-03T21:45:04","date_gmt":"2025-05-03T21:45:04","guid":{"rendered":"https:\/\/entrenotasyacordes.com\/?p=15172"},"modified":"2025-05-07T14:11:03","modified_gmt":"2025-05-07T14:11:03","slug":"cupido-llega-a-la-argentina","status":"publish","type":"post","link":"https:\/\/entrenotasyacordes.com\/?p=15172","title":{"rendered":"CUPIDO LLEGA A LA ARGENTINA"},"content":{"rendered":"\n<!--more-->\n\n\n<div class=\"wp-block-image\">\n<figure class=\"aligncenter size-full is-resized\"><img loading=\"lazy\" decoding=\"async\" width=\"2048\" height=\"2560\" src=\"https:\/\/entrenotasyacordes.com\/wp-content\/uploads\/2025\/05\/1745791295726-cupido_gira-02-scaled.jpg\" alt=\"\" class=\"wp-image-15173\" style=\"width:486px;height:auto\" srcset=\"https:\/\/entrenotasyacordes.com\/wp-content\/uploads\/2025\/05\/1745791295726-cupido_gira-02-scaled.jpg 2048w, https:\/\/entrenotasyacordes.com\/wp-content\/uploads\/2025\/05\/1745791295726-cupido_gira-02-240x300.jpg 240w, https:\/\/entrenotasyacordes.com\/wp-content\/uploads\/2025\/05\/1745791295726-cupido_gira-02-819x1024.jpg 819w, https:\/\/entrenotasyacordes.com\/wp-content\/uploads\/2025\/05\/1745791295726-cupido_gira-02-768x960.jpg 768w, https:\/\/entrenotasyacordes.com\/wp-content\/uploads\/2025\/05\/1745791295726-cupido_gira-02-1229x1536.jpg 1229w, https:\/\/entrenotasyacordes.com\/wp-content\/uploads\/2025\/05\/1745791295726-cupido_gira-02-1639x2048.jpg 1639w, https:\/\/entrenotasyacordes.com\/wp-content\/uploads\/2025\/05\/1745791295726-cupido_gira-02-1024x1280.jpg 1024w\" sizes=\"auto, (max-width: 2048px) 100vw, 2048px\" \/><\/figure>\n<\/div>\n\n\n<p class=\"has-text-align-left\">Los espa\u00f1oles \u00a8Cupido\u00a8 llegan por primera vez a la Argentina.<\/p>\n\n\n\n<p>La banda liderada por el conocido rapero Pimp Flaco desembarca en junio con tres shows en el pa\u00eds.<\/p>\n\n\n\n<p><strong>Junio<\/strong><br><strong>Jueves 19<\/strong>&nbsp;&#8211; Teatro Vorterix &#8211; Buenos Aires &#8211;&nbsp;<a href=\"https:\/\/www.allaccess.com.ar\/event\/cupido-en-buenos-aires?utm_source=perfit&amp;utm_medium=email\" target=\"_blank\" rel=\"noreferrer noopener\">Tickets<\/a><br><strong>S\u00e1bado 21<\/strong>&nbsp; &#8211; C.C G\u00fcemes &#8211; Rosario &#8211;&nbsp;<a href=\"https:\/\/entradaplay.com\/CUPIDO---21-DE-JUNIO-EN-CC-GUEMES\/?utm_source=perfit&amp;utm_medium=email\" target=\"_blank\" rel=\"noreferrer noopener\">Tickets<\/a><br><strong>Domingo 22<\/strong>&nbsp;&#8211; Sala Formosa &#8211; C\u00f3rdoba &#8211;&nbsp;<a href=\"https:\/\/alpogo.com\/evento\/cupido-en-cordoba-19619?utm_source=perfit&amp;utm_medium=email\" target=\"_blank\" rel=\"noreferrer noopener\">Tickets<\/a><\/p>\n\n\n<div class=\"wp-block-image\">\n<figure class=\"aligncenter size-full is-resized\"><img loading=\"lazy\" decoding=\"async\" width=\"2560\" height=\"1707\" src=\"https:\/\/entrenotasyacordes.com\/wp-content\/uploads\/2025\/05\/1745791402533-CUPIDO-THUR-PROMO-462_max-scaled.jpg\" alt=\"\" class=\"wp-image-15174\" style=\"width:486px;height:auto\" srcset=\"https:\/\/entrenotasyacordes.com\/wp-content\/uploads\/2025\/05\/1745791402533-CUPIDO-THUR-PROMO-462_max-scaled.jpg 2560w, https:\/\/entrenotasyacordes.com\/wp-content\/uploads\/2025\/05\/1745791402533-CUPIDO-THUR-PROMO-462_max-300x200.jpg 300w, https:\/\/entrenotasyacordes.com\/wp-content\/uploads\/2025\/05\/1745791402533-CUPIDO-THUR-PROMO-462_max-1024x683.jpg 1024w, https:\/\/entrenotasyacordes.com\/wp-content\/uploads\/2025\/05\/1745791402533-CUPIDO-THUR-PROMO-462_max-768x512.jpg 768w, https:\/\/entrenotasyacordes.com\/wp-content\/uploads\/2025\/05\/1745791402533-CUPIDO-THUR-PROMO-462_max-1536x1024.jpg 1536w, https:\/\/entrenotasyacordes.com\/wp-content\/uploads\/2025\/05\/1745791402533-CUPIDO-THUR-PROMO-462_max-2048x1365.jpg 2048w\" sizes=\"auto, (max-width: 2560px) 100vw, 2560px\" \/><\/figure>\n<\/div>\n\n\n<p>Fue en 2018 cuando el rapero Pimp Flaco se une a la banda canaria Solo Astra para formar Cupido.<\/p>\n\n\n\n<p>Con su primer single \u00a8No sabes mentir\u00a8, estrenado en el Primavera Sound, establecieron una imagen y sonido \u00fanicos, pasaban a ser una \u00a8BoyBand\u00a8 &nbsp;nada tradicional que dieron de lleno con sus flechas cargada de pop movi\u00e9ndose entre el bedroom pop, electro, indie y la psicodelia sin descuidar letras tan rom\u00e1nticas como actuales.<\/p>\n\n\n\n<p>A\u00f1os despu\u00e9s y tr\u00e1s \u00e9xitos como \u00a8La pared\u00a8 y \u00a8Autoestima\u00a8 o colaborar con Feid en \u00a8Privilegios\u00a8 as\u00ed como copar grandes festivales y la publicaci\u00f3n de dos \u00e1lbumes.<\/p>\n\n\n\n<p>Tras dos a\u00f1os de desaparecer por completo del mundo musical, Cupido regres\u00f3 este 14 de febrero con su nuevo EP, Te hago un resumen. Este nuevo EP cuenta con cinco temas que \u201cencapsulan la esencia irreverente y transgresora de la banda\u201d.<\/p>\n\n\n\n<p>Este disco se convierte en una nueva etapa como grupo y nos anticipa un 2025 lleno de nuevos lanzamientos musicales, adem\u00e1s de fechas para su nuevo tour por toda Espa\u00f1a. Junto con el lanzamiento del EP, Cupido comparti\u00f3 la creaci\u00f3n de la portada y cinco visuales complementarios a la narrativa de la canci\u00f3n, amplificando la est\u00e9tica inigualable de los espa\u00f1oles.<\/p>\n","protected":false},"excerpt":{"rendered":"","protected":false},"author":5,"featured_media":15173,"comment_status":"open","ping_status":"open","sticky":false,"template":"","format":"standard","meta":{"om_disable_all_campaigns":false,"_uf_show_specific_survey":0,"_uf_disable_surveys":false,"footnotes":""},"categories":[36],"tags":[],"class_list":["post-15172","post","type-post","status-publish","format-standard","has-post-thumbnail","hentry","category-conciertos"],"_links":{"self":[{"href":"https:\/\/entrenotasyacordes.com\/index.php?rest_route=\/wp\/v2\/posts\/15172","targetHints":{"allow":["GET"]}}],"collection":[{"href":"https:\/\/entrenotasyacordes.com\/index.php?rest_route=\/wp\/v2\/posts"}],"about":[{"href":"https:\/\/entrenotasyacordes.com\/index.php?rest_route=\/wp\/v2\/types\/post"}],"author":[{"embeddable":true,"href":"https:\/\/entrenotasyacordes.com\/index.php?rest_route=\/wp\/v2\/users\/5"}],"replies":[{"embeddable":true,"href":"https:\/\/entrenotasyacordes.com\/index.php?rest_route=%2Fwp%2Fv2%2Fcomments&post=15172"}],"version-history":[{"count":2,"href":"https:\/\/entrenotasyacordes.com\/index.php?rest_route=\/wp\/v2\/posts\/15172\/revisions"}],"predecessor-version":[{"id":15187,"href":"https:\/\/entrenotasyacordes.com\/index.php?rest_route=\/wp\/v2\/posts\/15172\/revisions\/15187"}],"wp:featuredmedia":[{"embeddable":true,"href":"https:\/\/entrenotasyacordes.com\/index.php?rest_route=\/wp\/v2\/media\/15173"}],"wp:attachment":[{"href":"https:\/\/entrenotasyacordes.com\/index.php?rest_route=%2Fwp%2Fv2%2Fmedia&parent=15172"}],"wp:term":[{"taxonomy":"category","embeddable":true,"href":"https:\/\/entrenotasyacordes.com\/index.php?rest_route=%2Fwp%2Fv2%2Fcategories&post=15172"},{"taxonomy":"post_tag","embeddable":true,"href":"https:\/\/entrenotasyacordes.com\/index.php?rest_route=%2Fwp%2Fv2%2Ftags&post=15172"}],"curies":[{"name":"wp","href":"https:\/\/api.w.org\/{rel}","templated":true}]}}