{"id":15191,"date":"2025-05-07T15:40:10","date_gmt":"2025-05-07T15:40:10","guid":{"rendered":"https:\/\/entrenotasyacordes.com\/?p=15191"},"modified":"2025-05-07T15:40:10","modified_gmt":"2025-05-07T15:40:10","slug":"la-delio-valdez-en-el-movistar-arena","status":"publish","type":"post","link":"https:\/\/entrenotasyacordes.com\/?p=15191","title":{"rendered":"La Delio Valdez en el Movistar Arena"},"content":{"rendered":"\n<!--more-->\n\n\n\n<p class=\"has-text-align-center\"><strong>EL DESVELO<\/strong><br><strong>el nuevo disco de la orquesta llega al Movistar Arena<\/strong><\/p>\n\n\n\n<p class=\"has-text-align-center\">Este 27 de noviembre, la orquesta se presentar\u00e1 en el estadio de Villa Crespo para darle<br>vida, por primera vez, a su nuevo y tan esperado disco, El Desvelo, sexto \u00e1lbum de su<br>discograf\u00eda.<\/p>\n\n\n\n<p class=\"has-text-align-center\"><strong>Entradas a la venta desde el mi\u00e9rcoles 07 de Mayo &#8211; 10am<\/strong><\/p>\n\n\n<div class=\"wp-block-image\">\n<figure class=\"aligncenter size-full is-resized\"><img loading=\"lazy\" decoding=\"async\" width=\"1080\" height=\"1350\" src=\"https:\/\/entrenotasyacordes.com\/wp-content\/uploads\/2025\/05\/1746453172274-LDV-MOVISTAR-ARENA-27.11-FEED2.jpg\" alt=\"\" class=\"wp-image-15192\" style=\"width:486px;height:auto\" srcset=\"https:\/\/entrenotasyacordes.com\/wp-content\/uploads\/2025\/05\/1746453172274-LDV-MOVISTAR-ARENA-27.11-FEED2.jpg 1080w, https:\/\/entrenotasyacordes.com\/wp-content\/uploads\/2025\/05\/1746453172274-LDV-MOVISTAR-ARENA-27.11-FEED2-240x300.jpg 240w, https:\/\/entrenotasyacordes.com\/wp-content\/uploads\/2025\/05\/1746453172274-LDV-MOVISTAR-ARENA-27.11-FEED2-819x1024.jpg 819w, https:\/\/entrenotasyacordes.com\/wp-content\/uploads\/2025\/05\/1746453172274-LDV-MOVISTAR-ARENA-27.11-FEED2-768x960.jpg 768w, https:\/\/entrenotasyacordes.com\/wp-content\/uploads\/2025\/05\/1746453172274-LDV-MOVISTAR-ARENA-27.11-FEED2-1024x1280.jpg 1024w\" sizes=\"auto, (max-width: 1080px) 100vw, 1080px\" \/><\/figure>\n<\/div>\n\n\n<p>La\u00a0<strong>Orqueta Delio<\/strong>\u00a0<strong>Valdez<\/strong>, lanza su sexto disco de estudio, con este nuevo trabajo, la banda le da la bienvenida a una nueva etapa en su carrera, marcada por la exploraci\u00f3n de sonidos profundos y letras<br>que combinan lo \u00edntimo con lo trascendental.<\/p>\n\n\n\n<p>Tras un aclamado 2024, en el que celebraron sus 15 a\u00f1os con una gira internacional que los llev\u00f3 por varios pa\u00edses latinoamericanos como Chile, Uruguay, Paraguay, M\u00e9xico, Ecuador y Colombia; y europeos como Espa\u00f1a, Francia, Alemania, Irlanda, Suiza y Portugal; la banda coron\u00f3 esta celebraci\u00f3n con presentaciones en todo el pa\u00eds y una noche inolvidable frente a 25 mil personas en el Estadio Ferro Carril Oeste en noviembre del mismo a\u00f1o.<\/p>\n\n\n\n<p>El nuevo disco,\u00a0<strong>El Desvelo<\/strong>\u00a0, fue lanzado el 29 de abril y est\u00e1 compuesto por 12 canciones originales que exploran tem\u00e1ticas como el amor, el desamor, la lucha personal, la celebraci\u00f3n, el deseo y la frustraci\u00f3n. Con este \u00e1lbum, la banda reafirma su identidad, utilizando la m\u00fasica como refugio y veh\u00edculo para expresar sus vivencias, pasiones y su inquebrantable b\u00fasqueda de libertad.<\/p>\n\n\n<div class=\"wp-block-image\">\n<figure class=\"aligncenter size-full is-resized\"><img loading=\"lazy\" decoding=\"async\" width=\"2560\" height=\"1707\" src=\"https:\/\/entrenotasyacordes.com\/wp-content\/uploads\/2025\/05\/1744255551163-LDV-ELDESVELO-FOTO-scaled.jpg\" alt=\"\" class=\"wp-image-15193\" style=\"width:531px;height:auto\" srcset=\"https:\/\/entrenotasyacordes.com\/wp-content\/uploads\/2025\/05\/1744255551163-LDV-ELDESVELO-FOTO-scaled.jpg 2560w, https:\/\/entrenotasyacordes.com\/wp-content\/uploads\/2025\/05\/1744255551163-LDV-ELDESVELO-FOTO-300x200.jpg 300w, https:\/\/entrenotasyacordes.com\/wp-content\/uploads\/2025\/05\/1744255551163-LDV-ELDESVELO-FOTO-1024x683.jpg 1024w, https:\/\/entrenotasyacordes.com\/wp-content\/uploads\/2025\/05\/1744255551163-LDV-ELDESVELO-FOTO-768x512.jpg 768w, https:\/\/entrenotasyacordes.com\/wp-content\/uploads\/2025\/05\/1744255551163-LDV-ELDESVELO-FOTO-1536x1024.jpg 1536w, https:\/\/entrenotasyacordes.com\/wp-content\/uploads\/2025\/05\/1744255551163-LDV-ELDESVELO-FOTO-2048x1366.jpg 2048w\" sizes=\"auto, (max-width: 2560px) 100vw, 2560px\" \/><\/figure>\n<\/div>\n\n\n<p class=\"has-text-align-left\">El show en el Movistar Arena ser\u00e1 una noche \u00fanica donde los asistentes podr\u00e1n disfrutar de la puesta en escena vibrante y en\u00e9rgica de\u00a0<strong>La Delio Valdez,<\/strong>\u00a0que se ha consolidado como una de las bandas m\u00e1s representativas de la m\u00fasica latina de los \u00faltimos a\u00f1os. La orquesta llevar\u00e1 a su p\u00fablico por un recorrido sonoro que combina la salsa, la cumbia, el jazz, la bachata, sonido andino y un tinte arrabalero, entre otros g\u00e9neros con la caracter\u00edstica impronta de la banda, en la que se destacan la interpretaci\u00f3n emotiva de cada miembro y su conexi\u00f3n con la audiencia.<strong>\u00a0El Desvelo<\/strong>\u00a0es un \u00e1lbum profundamente humano, que refleja la resistencia a trav\u00e9s de la m\u00fasica y la conexi\u00f3n emocional que la banda ha cultivado a lo largo de sus a\u00f1os de carrera. En su presentaci\u00f3n en Buenos Aires,\u00a0<strong>La Delio Valdez\u00a0<\/strong>promete una noche inolvidable llena de emoci\u00f3n, ritmo y magia.<\/p>\n","protected":false},"excerpt":{"rendered":"","protected":false},"author":5,"featured_media":15192,"comment_status":"open","ping_status":"open","sticky":false,"template":"","format":"standard","meta":{"om_disable_all_campaigns":false,"_uf_show_specific_survey":0,"_uf_disable_surveys":false,"footnotes":""},"categories":[36],"tags":[],"class_list":["post-15191","post","type-post","status-publish","format-standard","has-post-thumbnail","hentry","category-conciertos"],"_links":{"self":[{"href":"https:\/\/entrenotasyacordes.com\/index.php?rest_route=\/wp\/v2\/posts\/15191","targetHints":{"allow":["GET"]}}],"collection":[{"href":"https:\/\/entrenotasyacordes.com\/index.php?rest_route=\/wp\/v2\/posts"}],"about":[{"href":"https:\/\/entrenotasyacordes.com\/index.php?rest_route=\/wp\/v2\/types\/post"}],"author":[{"embeddable":true,"href":"https:\/\/entrenotasyacordes.com\/index.php?rest_route=\/wp\/v2\/users\/5"}],"replies":[{"embeddable":true,"href":"https:\/\/entrenotasyacordes.com\/index.php?rest_route=%2Fwp%2Fv2%2Fcomments&post=15191"}],"version-history":[{"count":1,"href":"https:\/\/entrenotasyacordes.com\/index.php?rest_route=\/wp\/v2\/posts\/15191\/revisions"}],"predecessor-version":[{"id":15194,"href":"https:\/\/entrenotasyacordes.com\/index.php?rest_route=\/wp\/v2\/posts\/15191\/revisions\/15194"}],"wp:featuredmedia":[{"embeddable":true,"href":"https:\/\/entrenotasyacordes.com\/index.php?rest_route=\/wp\/v2\/media\/15192"}],"wp:attachment":[{"href":"https:\/\/entrenotasyacordes.com\/index.php?rest_route=%2Fwp%2Fv2%2Fmedia&parent=15191"}],"wp:term":[{"taxonomy":"category","embeddable":true,"href":"https:\/\/entrenotasyacordes.com\/index.php?rest_route=%2Fwp%2Fv2%2Fcategories&post=15191"},{"taxonomy":"post_tag","embeddable":true,"href":"https:\/\/entrenotasyacordes.com\/index.php?rest_route=%2Fwp%2Fv2%2Ftags&post=15191"}],"curies":[{"name":"wp","href":"https:\/\/api.w.org\/{rel}","templated":true}]}}