{"id":15202,"date":"2025-05-07T15:57:57","date_gmt":"2025-05-07T15:57:57","guid":{"rendered":"https:\/\/entrenotasyacordes.com\/?p=15202"},"modified":"2025-05-07T15:57:57","modified_gmt":"2025-05-07T15:57:57","slug":"beret-vuelve-a-lo-esencial-en-si-te-vuelvo-a-llamar-la-balada-que-convierte-el-y-si-en-melodia","status":"publish","type":"post","link":"https:\/\/entrenotasyacordes.com\/?p=15202","title":{"rendered":"Beret vuelve a lo esencial en \u201cSi te vuelvo a llamar\u201d: la balada que convierte el \u201cy si\u201d en melod\u00eda"},"content":{"rendered":"\n<!--more-->\n\n\n<div class=\"wp-block-image\">\n<figure class=\"aligncenter size-full is-resized\"><img loading=\"lazy\" decoding=\"async\" width=\"2048\" height=\"2048\" src=\"https:\/\/entrenotasyacordes.com\/wp-content\/uploads\/2025\/05\/3c.jpg\" alt=\"\" class=\"wp-image-15203\" style=\"width:654px;height:auto\" srcset=\"https:\/\/entrenotasyacordes.com\/wp-content\/uploads\/2025\/05\/3c.jpg 2048w, https:\/\/entrenotasyacordes.com\/wp-content\/uploads\/2025\/05\/3c-300x300.jpg 300w, https:\/\/entrenotasyacordes.com\/wp-content\/uploads\/2025\/05\/3c-1024x1024.jpg 1024w, https:\/\/entrenotasyacordes.com\/wp-content\/uploads\/2025\/05\/3c-150x150.jpg 150w, https:\/\/entrenotasyacordes.com\/wp-content\/uploads\/2025\/05\/3c-768x768.jpg 768w, https:\/\/entrenotasyacordes.com\/wp-content\/uploads\/2025\/05\/3c-1536x1536.jpg 1536w, https:\/\/entrenotasyacordes.com\/wp-content\/uploads\/2025\/05\/3c-50x50.jpg 50w\" sizes=\"auto, (max-width: 2048px) 100vw, 2048px\" \/><\/figure>\n<\/div>\n\n\n<p class=\"has-text-align-left\">El reconocido cantante y compositor sevillano Beret presenta <strong>\u201cSi te vuelvo a llamar\u201d<\/strong>, su m\u00e1s reciente sencillo que se inscribe en el viaje introspectivo que ha marcado su \u00faltima etapa creativa. La canci\u00f3n, que comenz\u00f3 siendo solo una sencilla demo a piano, ha evolucionado hasta tomar la forma de una potente composici\u00f3n que re\u00fane todos los ingredientes necesarios para resonar profundamente con el p\u00fablico.<\/p>\n\n\n\n<p class=\"has-text-align-left\">Con este lanzamiento, Beret apuesta nuevamente por la sinceridad y la cercan\u00eda que caracterizan su estilo, explorando en esta ocasi\u00f3n esas conversaciones pendientes y esas llamadas imaginarias que muchas personas llevan dentro. Sin haber salido a\u00fan oficialmente, el tema presenta todas las cualidades para posicionarse como una canci\u00f3n clave en el repertorio del artista.<\/p>\n\n\n\n<p class=\"has-text-align-center\"><strong>La llamada que nunca llega<\/strong><\/p>\n\n\n\n<p>\u00abSi te vuelvo a llamar\u00bb explora, con un lenguaje sencillo y directo, la sensaci\u00f3n de querer reconectar con alguien que ya no est\u00e1 presente en nuestra vida, sabiendo<\/p>\n\n\n\n<p>claramente que esa reconexi\u00f3n es imposible. Beret capta de forma precisa la contradicci\u00f3n entre el impulso persistente de hacer esa llamada y la certeza absoluta de que no habr\u00e1 respuesta, describiendo ese conflicto que surge cuando nuestra mente insiste en imaginar c\u00f3mo ser\u00eda revivir algo que ya no tiene lugar en el presente.<\/p>\n\n\n\n<p>Sin adornos po\u00e9ticos exagerados, la canci\u00f3n describe situaciones cotidianas que ejemplifican lo irrecuperable de ciertas relaciones. El tema reflexiona sobre c\u00f3mo algunos recuerdos permanecen vivos en la mente, provocando que sigamos fantaseando con posibles reencuentros, aunque sepamos de antemano que no llegar\u00e1n a suceder. De esta forma, Beret aborda desde la honestidad ese constante deseo por recuperar algo que se ha perdido para siempre, con la sencillez de quien simplemente relata lo que siente.<\/p>\n\n\n\n<p class=\"has-text-align-center\"><strong>Un viaje a la introspecci\u00f3n<\/strong><\/p>\n\n\n\n<p>Tras el fen\u00f3meno viral de \u201cCupido\u201d, la acogida de \u201cFran\u201d y la consolidaci\u00f3n de su estilo \u00edntimo con \u201cHola, qu\u00e9 tal?\u201d, canci\u00f3n que suma m\u00e1s de 23 millones de reproducciones en Spotify, Beret refuerza con este lanzamiento la etapa m\u00e1s reflexiva y madura de su carrera.<\/p>\n\n\n\n<p>El artista se encuentra en un momento creativo en el que prefiere apostar por lo esencial, alej\u00e1ndose de grandes arreglos para centrarse en composiciones cercanas y sinceras. \u201cSi te vuelvo a llamar\u201d confirma su habilidad para alternar canciones r\u00edtmicas con baladas profundamente introspectivas, manteniendo siempre la honestidad como denominador com\u00fan. Con m\u00e1s de una d\u00e9cada de trayectoria y una s\u00f3lida base de seguidores en Espa\u00f1a y Latinoam\u00e9rica, Beret contin\u00faa demostrando que su m\u00fasica no solo se escucha, sino que tambi\u00e9n se vive desde adentro.<\/p>\n\n\n\n<p><\/p>\n","protected":false},"excerpt":{"rendered":"","protected":false},"author":5,"featured_media":15203,"comment_status":"open","ping_status":"open","sticky":false,"template":"","format":"standard","meta":{"om_disable_all_campaigns":false,"_uf_show_specific_survey":0,"_uf_disable_surveys":false,"footnotes":""},"categories":[4],"tags":[],"class_list":["post-15202","post","type-post","status-publish","format-standard","has-post-thumbnail","hentry","category-musica"],"_links":{"self":[{"href":"https:\/\/entrenotasyacordes.com\/index.php?rest_route=\/wp\/v2\/posts\/15202","targetHints":{"allow":["GET"]}}],"collection":[{"href":"https:\/\/entrenotasyacordes.com\/index.php?rest_route=\/wp\/v2\/posts"}],"about":[{"href":"https:\/\/entrenotasyacordes.com\/index.php?rest_route=\/wp\/v2\/types\/post"}],"author":[{"embeddable":true,"href":"https:\/\/entrenotasyacordes.com\/index.php?rest_route=\/wp\/v2\/users\/5"}],"replies":[{"embeddable":true,"href":"https:\/\/entrenotasyacordes.com\/index.php?rest_route=%2Fwp%2Fv2%2Fcomments&post=15202"}],"version-history":[{"count":1,"href":"https:\/\/entrenotasyacordes.com\/index.php?rest_route=\/wp\/v2\/posts\/15202\/revisions"}],"predecessor-version":[{"id":15204,"href":"https:\/\/entrenotasyacordes.com\/index.php?rest_route=\/wp\/v2\/posts\/15202\/revisions\/15204"}],"wp:featuredmedia":[{"embeddable":true,"href":"https:\/\/entrenotasyacordes.com\/index.php?rest_route=\/wp\/v2\/media\/15203"}],"wp:attachment":[{"href":"https:\/\/entrenotasyacordes.com\/index.php?rest_route=%2Fwp%2Fv2%2Fmedia&parent=15202"}],"wp:term":[{"taxonomy":"category","embeddable":true,"href":"https:\/\/entrenotasyacordes.com\/index.php?rest_route=%2Fwp%2Fv2%2Fcategories&post=15202"},{"taxonomy":"post_tag","embeddable":true,"href":"https:\/\/entrenotasyacordes.com\/index.php?rest_route=%2Fwp%2Fv2%2Ftags&post=15202"}],"curies":[{"name":"wp","href":"https:\/\/api.w.org\/{rel}","templated":true}]}}