{"id":15212,"date":"2025-05-07T16:12:00","date_gmt":"2025-05-07T16:12:00","guid":{"rendered":"https:\/\/entrenotasyacordes.com\/?p=15212"},"modified":"2025-05-07T16:12:01","modified_gmt":"2025-05-07T16:12:01","slug":"dostrescinco-en-vivo-en-bs-as-%e2%98%9e-la-tangente-honduras-5317-caba-7-de-junio-20-hs","status":"publish","type":"post","link":"https:\/\/entrenotasyacordes.com\/?p=15212","title":{"rendered":"DOSTRESCINCO en vivo en Bs As. \u261e La Tangente &#8211; Honduras 5317 CABA &#8211; 7 de junio 20 hs.\u00a0"},"content":{"rendered":"\n<!--more-->\n\n\n\n<p class=\"has-text-align-left\">La banda uruguaya que lleva casi 20 a\u00f1os en la escena, trae una mezcla \u00fanica de\u00a0<strong>hip hop, funk, soul, reggae y candombe<\/strong>, con letras que te har\u00e1n pensar, sentir y vibrar. En un show \u00fanico, presentar\u00e1n\u00a0<strong>\u00abEsencia\u00bb<\/strong>\u00a0y\u00a0<strong>\u00abSol de Oto\u00f1o\u00bb &#8211;<\/strong>sus dos recientes trabajos- , adem\u00e1s de revisitar lo mejor de su repertorio.<\/p>\n\n\n\n<p class=\"has-text-align-center\"><strong>7 DE JUNIO 20 HS.\u00a0<br>LA TANGENTE &#8211; HONDURAS 5317 (CABA)<\/strong><\/p>\n\n\n<div class=\"wp-block-image\">\n<figure class=\"aligncenter size-full is-resized\"><img loading=\"lazy\" decoding=\"async\" width=\"1081\" height=\"1081\" src=\"https:\/\/entrenotasyacordes.com\/wp-content\/uploads\/2025\/05\/3g.jpg\" alt=\"\" class=\"wp-image-15213\" style=\"width:486px;height:auto\" srcset=\"https:\/\/entrenotasyacordes.com\/wp-content\/uploads\/2025\/05\/3g.jpg 1081w, https:\/\/entrenotasyacordes.com\/wp-content\/uploads\/2025\/05\/3g-300x300.jpg 300w, https:\/\/entrenotasyacordes.com\/wp-content\/uploads\/2025\/05\/3g-1024x1024.jpg 1024w, https:\/\/entrenotasyacordes.com\/wp-content\/uploads\/2025\/05\/3g-150x150.jpg 150w, https:\/\/entrenotasyacordes.com\/wp-content\/uploads\/2025\/05\/3g-768x768.jpg 768w, https:\/\/entrenotasyacordes.com\/wp-content\/uploads\/2025\/05\/3g-50x50.jpg 50w\" sizes=\"auto, (max-width: 1081px) 100vw, 1081px\" \/><\/figure>\n<\/div>\n\n\n<p><strong>Dostrescinco<\/strong>&nbsp;es un colectivo de&nbsp;<strong>rap y hip-hop uruguayo<\/strong>&nbsp;originado en Montevideo en 2005. La banda se destaca por su versatilidad al transitar por una amplia variedad de g\u00e9neros musicales, tales como&nbsp;<strong>rap, funk, soul, reggae, afrobeat, murga, candombe y otros ritmos latinos<\/strong>, todo ello impregnado de una&nbsp;<strong>marcada identidad rioplatense<\/strong>.<br><br>Su m\u00fasica se caracteriza por un especial cuidado en las letras, en las que exploran la magia, la sensibilidad po\u00e9tica y la energ\u00eda creativa relatando experiencias, iron\u00edas de la vida, historias de amor y desamor, as\u00ed como temas de crecimiento y reflexi\u00f3n.<\/p>\n\n\n\n<p>La banda cuenta con&nbsp;<strong>tres discos<\/strong>&nbsp;editados<em>: (los tres discos de estudio, ganadores de premios en su g\u00e9nero):&nbsp;<\/em><\/p>\n\n\n\n<p><strong>\u261e \u00abNueva temporada\u00bb (2015) &#8211;&nbsp;<\/strong>Premios Graffiti a la m\u00fasica uruguaya&nbsp; 2015 \u2013 Mejor disco de Hip Hop.<br><strong><br>\u261e \u00ab<\/strong><strong>Recordis\u00bb (2017)&nbsp;<\/strong><strong>\u2013&nbsp;<\/strong>Premios Graffiti a la m\u00fasica uruguaya&nbsp; 2018 \u2013 Mejor disco de Hip Hop.<strong><\/strong><\/p>\n\n\n\n<p><strong>\u261e \u00ab<a href=\"https:\/\/86415.clicks.goto-9.net\/track\/click?u=3752140&amp;p=38363431353a3935323a3738393a303a313a30&amp;s=c417d3ecf853b67d5a613762b7020b8a&amp;m=4697\" target=\"_blank\" rel=\"noreferrer noopener\">Esencia\u00bb<\/a>&nbsp;(2023) \u2013&nbsp;<\/strong>Premios Graffiti a la m\u00fasica uruguaya&nbsp; 2024 \u2013 Mejor disco de m\u00fasica Urbana.&nbsp;<br><strong><br><\/strong>A sus discos se suman&nbsp;<strong>dos EP\u00b4s: \u00abVoluntad\u00bb&nbsp; (2012) y&nbsp; su m\u00e1s reciente \u00ab<a href=\"https:\/\/86415.clicks.goto-9.net\/track\/click?u=3752141&amp;p=38363431353a3935323a3738393a303a323a30&amp;s=c417d3ecf853b67d5a613762b7020b8a&amp;m=4697\" target=\"_blank\" rel=\"noreferrer noopener\">Sol de oto\u00f1o<\/a>\u00bb (fines de 2024).&nbsp;<br><br><\/strong><strong>Sobre \u00abSol de oto\u00f1o\u00bb<\/strong><br>Las canciones fueron&nbsp;<strong>concebidas en un entorno donde la naturaleza es protagonista<\/strong>&nbsp;<strong>y refugio<\/strong>, lo cual termina de darle sentido al universo que dibuja la narrativa de&nbsp;<em>tracks<\/em>&nbsp;como \u201c<strong>Intimidad<\/strong>\u201d o \u201c<strong>Lo que queda de abril<\/strong>\u201d. La producci\u00f3n musical refleja una b\u00fasqueda cuidadosa de sonidos y melod\u00edas que parece hilar cada vez m\u00e1s fino, y a la vez convive de forma natural con la sensibilidad po\u00e9tica que caracteriza las letras de&nbsp;<strong>Dostrescinco<\/strong>.<br><br>Este trabajo tiene la particularidad de contar con&nbsp;<strong>colaboraciones vocales en cuatro de los cinco tracks<\/strong>, lo cual aporta esa frescura y diversidad que hace m\u00e1s impredecible el recorrido sonoro.&nbsp;<strong>Tambi\u00e9n significa una apertura hacia nuevas audiencias<\/strong>, como se proyecta en \u201c<strong>Todo va Bien<\/strong>\u201d donde el intercambio con&nbsp;<strong>Miguelichi L\u00f3pez<\/strong>&nbsp;los lleva a fusionar con un<strong>&nbsp;flamenco pop<\/strong>,&nbsp;<strong>sin descuidar elementos t\u00edpicos de Dostrescinco.<br><\/strong><br>Cada uno de los invitados se destaca con su impronta: las voces de&nbsp;<strong>BALTA y Zeballos<\/strong>&nbsp;en \u00ab<strong>Cristalina<\/strong>\u00ab,&nbsp;<strong>el toque&nbsp;<em>R&amp;B<\/em>&nbsp;<\/strong>que&nbsp;<strong>Luana&nbsp;<\/strong>le agrega a<strong>&nbsp;\u00abIntimidad\u00bb<\/strong>&nbsp;o&nbsp;<strong>el estilo caracter\u00edstico rioplatense<\/strong>&nbsp;que&nbsp;<strong>Mart\u00edn Buscaglia<\/strong>&nbsp;aporta a \u201c<strong>Estamo en Una<\/strong>\u201d.<br><br>Historias de amor y desencuentros, anhelos y finales abiertos, incertidumbre y optimismo, construyen las historias que, aunque diferentes entre s\u00ed,&nbsp;<strong>todas parecen estar te\u00f1idas por ese c\u00e1lido \u201cSol de Oto\u00f1o\u201d<\/strong>&nbsp;que completa un nuevo ciclo y&nbsp;<strong>renueva energ\u00edas para el futuro de Dostrescinco.<\/strong><\/p>\n\n\n\n<figure class=\"wp-block-embed is-type-video is-provider-youtube wp-block-embed-youtube wp-embed-aspect-16-9 wp-has-aspect-ratio\"><div class=\"wp-block-embed__wrapper\">\n<div class=\"epyt-video-wrapper\"><iframe loading=\"lazy\"  id=\"_ytid_93764\"  width=\"640\" height=\"360\"  data-origwidth=\"640\" data-origheight=\"360\" src=\"https:\/\/www.youtube.com\/embed\/q_z_75rtdJs?enablejsapi=1&#038;autoplay=0&#038;cc_load_policy=0&#038;cc_lang_pref=&#038;iv_load_policy=1&#038;loop=0&#038;rel=1&#038;fs=1&#038;playsinline=0&#038;autohide=2&#038;theme=dark&#038;color=white&#038;controls=1&#038;\" class=\"__youtube_prefs__  epyt-is-override  no-lazyload\" data-vol=\"50\"  title=\"YouTube player\"  allow=\"fullscreen; accelerometer; autoplay; clipboard-write; encrypted-media; gyroscope; picture-in-picture; web-share\" referrerpolicy=\"strict-origin-when-cross-origin\" allowfullscreen data-no-lazy=\"1\" data-skipgform_ajax_framebjll=\"\"><\/iframe><\/div>\n<\/div><\/figure>\n\n\n\n<p class=\"has-text-align-left\"><strong>+ DE DOSTRESCINCO.\u00a0<\/strong><br><br>El grupo est\u00e1 compuesto por\u00a0<strong>tres raperos y cantantes<\/strong>,\u00a0<strong>uno de los cuales tambi\u00e9n se desempe\u00f1a como productor y\u00a0<em>beatmaker<\/em><\/strong>, acompa\u00f1ados por una<strong>\u00a0banda de m\u00fasicos talentosos que aportan a su potente sonido en vivo.<\/strong><\/p>\n\n\n\n<p class=\"has-text-align-left\">A lo largo de su carrera,\u00a0<strong>Dostrescinco ha realizado giras por Colombia y Argentina<\/strong>, y ha participado en los\u00a0<strong>principales festivales de Uruguay, como Montevideo Rock, Antel Fest, La Semana de la Cerveza, y Cosqu\u00edn Rock (en sus ediciones I, IV y en la grilla 2025 en su edici\u00f3n V el s\u00e1bado 24\/05\/25)<\/strong>, entre otros, agotando las salas montevideanas en las que se viene presentando.<\/p>\n\n\n\n<p>Con 20 a\u00f1os de trayectoria en los escenarios,\u00a0<strong>la calidad musical y la energ\u00eda de Dostrescinco se reflejan en cada show,<\/strong>\u00a0donde han logrado mantener una conexi\u00f3n \u00edntima con su p\u00fablico, que abarca todas las edades.\u00a0<br><br>Adem\u00e1s de la discograf\u00eda mencionada, la banda ha lanzado numerosos singles junto a m\u00fasicos amigos:\u00a0<br><strong>&#8211;\u00a0\u00a0<a href=\"https:\/\/86415.clicks.goto-9.net\/track\/click?u=3752216&amp;p=38363431353a3935323a3738393a303a353a30&amp;s=c417d3ecf853b67d5a613762b7020b8a&amp;m=4697\" target=\"_blank\" rel=\"noreferrer noopener\">\u201cSalud, Amor y Plata\u00bb<\/a>\u00a0(2025),\u00a0colaboraci\u00f3n que fusiona el estilo caracter\u00edstico de Dostrescinco con la influencia de\u00a0Nicolai Fella, cantante de la banda colombiana\u00a0LosPetitFellas.<br><br><\/strong>&#8211;\u00a0<strong>\u201c<a href=\"https:\/\/86415.clicks.goto-9.net\/track\/click?u=3752217&amp;p=38363431353a3935323a3738393a303a363a30&amp;s=c417d3ecf853b67d5a613762b7020b8a&amp;m=4697\" target=\"_blank\" rel=\"noreferrer noopener\">Ma\u00f1ana\u201d<\/a>\u00a0(2024);\u00a0<\/strong>aqu\u00ed se\u00a0<strong>fusiona el estilo \u00fanico de Dostrescinco con la propuesta fresca y mel\u00f3dica de Lisandro Skar, creando una atm\u00f3sfera relajada y optimista.\u00a0<\/strong><\/p>\n\n\n\n<p><strong>&#8211; \u201cDiciembre\u201d (2023)\u00a0<\/strong>se caracteriza expresamente por su\u00a0<strong>fusi\u00f3n con el candombe<\/strong>, uno de los g\u00e9neros afro-uruguayos m\u00e1s representativos.\u00a0<\/p>\n\n\n\n<p>Se suman a la lista los singles que han recibido el reconocimiento de los\u00a0<strong>Premios Graffiti a la m\u00fasica uruguaya\u00a0\u00a0<\/strong>en la categor\u00eda\u00a0<strong>Mejor Single de M\u00fasica Urbana.\u00a0<\/strong>\u00ab<strong>Agradecido feat. Fianru<\/strong>\u00ab<strong>\u00a0(2021),\u00a0\u00abNuestra Huella feat. Emiliano Brancciari\u00bb (2022)\u00a0 y\u00a0<\/strong>\u00ab<strong>Dos pasajes\u00bb feat. Agarrate Catalina<\/strong>\u00a0<strong>\u00a0(2024),\u00a0<\/strong>este \u00faltimo fue destacado por\u00a0 la\u00a0<strong>fusi\u00f3n innovadora entre el rap y la murga<\/strong>, g\u00e9neros representativos de la identidad musical uruguaya.<\/p>\n\n\n\n<p><strong>Formaci\u00f3n:\u00a0<\/strong><br>Bruno Camm\u00e1 &#8211;\u00a0<strong>Voz<\/strong><br>Gabino Suanes &#8211;\u00a0<strong>Voz <\/strong><br>Santiago Bouza &#8211;\u00a0<strong>Voz<\/strong><br>Carolina Barreiro \u2013\u00a0<strong>Coros<\/strong><br>Enrique Anselmi\u00a0<strong>&#8211; Bajo<\/strong><br>Joel Capdeville &#8211;\u00a0<strong>Guitarras<\/strong><br>Ramiro Caruso &#8211;\u00a0<strong>Teclados<\/strong><br>Rodrigo Fern\u00e1ndez \u2013\u00a0<strong>Bater\u00eda.\u00a0<\/strong><\/p>\n\n\n<div class=\"wp-block-image\">\n<figure class=\"aligncenter size-full is-resized\"><img loading=\"lazy\" decoding=\"async\" width=\"1400\" height=\"933\" src=\"https:\/\/entrenotasyacordes.com\/wp-content\/uploads\/2025\/05\/3h.jpg\" alt=\"\" class=\"wp-image-15214\" style=\"width:531px;height:auto\" srcset=\"https:\/\/entrenotasyacordes.com\/wp-content\/uploads\/2025\/05\/3h.jpg 1400w, https:\/\/entrenotasyacordes.com\/wp-content\/uploads\/2025\/05\/3h-300x200.jpg 300w, https:\/\/entrenotasyacordes.com\/wp-content\/uploads\/2025\/05\/3h-1024x682.jpg 1024w, https:\/\/entrenotasyacordes.com\/wp-content\/uploads\/2025\/05\/3h-768x512.jpg 768w\" sizes=\"auto, (max-width: 1400px) 100vw, 1400px\" \/><\/figure>\n<\/div>","protected":false},"excerpt":{"rendered":"","protected":false},"author":5,"featured_media":15213,"comment_status":"open","ping_status":"open","sticky":false,"template":"","format":"standard","meta":{"om_disable_all_campaigns":false,"_uf_show_specific_survey":0,"_uf_disable_surveys":false,"footnotes":""},"categories":[36],"tags":[],"class_list":["post-15212","post","type-post","status-publish","format-standard","has-post-thumbnail","hentry","category-conciertos"],"_links":{"self":[{"href":"https:\/\/entrenotasyacordes.com\/index.php?rest_route=\/wp\/v2\/posts\/15212","targetHints":{"allow":["GET"]}}],"collection":[{"href":"https:\/\/entrenotasyacordes.com\/index.php?rest_route=\/wp\/v2\/posts"}],"about":[{"href":"https:\/\/entrenotasyacordes.com\/index.php?rest_route=\/wp\/v2\/types\/post"}],"author":[{"embeddable":true,"href":"https:\/\/entrenotasyacordes.com\/index.php?rest_route=\/wp\/v2\/users\/5"}],"replies":[{"embeddable":true,"href":"https:\/\/entrenotasyacordes.com\/index.php?rest_route=%2Fwp%2Fv2%2Fcomments&post=15212"}],"version-history":[{"count":1,"href":"https:\/\/entrenotasyacordes.com\/index.php?rest_route=\/wp\/v2\/posts\/15212\/revisions"}],"predecessor-version":[{"id":15215,"href":"https:\/\/entrenotasyacordes.com\/index.php?rest_route=\/wp\/v2\/posts\/15212\/revisions\/15215"}],"wp:featuredmedia":[{"embeddable":true,"href":"https:\/\/entrenotasyacordes.com\/index.php?rest_route=\/wp\/v2\/media\/15213"}],"wp:attachment":[{"href":"https:\/\/entrenotasyacordes.com\/index.php?rest_route=%2Fwp%2Fv2%2Fmedia&parent=15212"}],"wp:term":[{"taxonomy":"category","embeddable":true,"href":"https:\/\/entrenotasyacordes.com\/index.php?rest_route=%2Fwp%2Fv2%2Fcategories&post=15212"},{"taxonomy":"post_tag","embeddable":true,"href":"https:\/\/entrenotasyacordes.com\/index.php?rest_route=%2Fwp%2Fv2%2Ftags&post=15212"}],"curies":[{"name":"wp","href":"https:\/\/api.w.org\/{rel}","templated":true}]}}