{"id":15216,"date":"2025-05-08T23:48:38","date_gmt":"2025-05-08T23:48:38","guid":{"rendered":"https:\/\/entrenotasyacordes.com\/?p=15216"},"modified":"2025-05-08T23:48:39","modified_gmt":"2025-05-08T23:48:39","slug":"melendi-regresa-a-la-argentina-con-su-nueva-gira-20-anos","status":"publish","type":"post","link":"https:\/\/entrenotasyacordes.com\/?p=15216","title":{"rendered":"MELENDI REGRESA A LA ARGENTINA CON SU NUEVA GIRA 20 A\u00d1OS\u00a0"},"content":{"rendered":"\n<!--more-->\n\n\n\n<p class=\"has-text-align-left\">Luego de sus exitosos conciertos en 2023 y 2024 en Buenos Aires, Melendi regresa a la Argentina para celebrar dos d\u00e9cadas de historias cantadas.\u00a0<\/p>\n\n\n\n<p class=\"has-text-align-center\"><strong>16 DE NOVIEMBRE &#8211; MOVISTAR ARENA<\/strong><\/p>\n\n\n<div class=\"wp-block-image\">\n<figure class=\"aligncenter size-full is-resized\"><img loading=\"lazy\" decoding=\"async\" width=\"1080\" height=\"1080\" src=\"https:\/\/entrenotasyacordes.com\/wp-content\/uploads\/2025\/05\/image.jpg\" alt=\"\" class=\"wp-image-15217\" style=\"width:486px;height:auto\" srcset=\"https:\/\/entrenotasyacordes.com\/wp-content\/uploads\/2025\/05\/image.jpg 1080w, https:\/\/entrenotasyacordes.com\/wp-content\/uploads\/2025\/05\/image-300x300.jpg 300w, https:\/\/entrenotasyacordes.com\/wp-content\/uploads\/2025\/05\/image-1024x1024.jpg 1024w, https:\/\/entrenotasyacordes.com\/wp-content\/uploads\/2025\/05\/image-150x150.jpg 150w, https:\/\/entrenotasyacordes.com\/wp-content\/uploads\/2025\/05\/image-768x768.jpg 768w, https:\/\/entrenotasyacordes.com\/wp-content\/uploads\/2025\/05\/image-50x50.jpg 50w\" sizes=\"auto, (max-width: 1080px) 100vw, 1080px\" \/><\/figure>\n<\/div>\n\n\n<p class=\"has-text-align-center\"><strong>ENTRADAS A LA VENTA A PARTIR DE 9 DE MAYO<\/strong><br><a href=\"http:\/\/www.movistararena.com.ar\/\"><strong>www.movistararena.com.ar<\/strong><\/a><\/p>\n\n\n\n<p class=\"has-text-align-left\">El 16 de noviembre en el Movistar Arena de Buenos Aires se vivir\u00e1n 20 a\u00f1os en una noche \u00fanica; Melendi presentar\u00e1 un concierto donde, adem\u00e1s de sus \u00e9xitos m\u00e1s emblem\u00e1ticos, sonar\u00e1n los temas m\u00e1s representativos de los inicios de su carrera. El show ser\u00e1 un viaje emocional a trav\u00e9s del tiempo, un puente entre el pasado y el presente.<\/p>\n\n\n\n<p class=\"has-text-align-left\">Sus m\u00e1s reconocidos temas \u201cDestino o casualidad\u201d, \u201cLa Promesa\u201d, \u201cTu jard\u00edn con enanitos\u201d y \u201cCheque al Portamor\u201d, formar\u00e1n parte del repertorio del esperado show que celebra la fidelidad de sus seguidores con la historia del cantautor espa\u00f1ol.<\/p>\n\n\n\n<p>El tour 20 a\u00f1os, que tendr\u00e1 presentaciones en diez ciudades de Estados Unidos y en toda Am\u00e9rica Latina, no s\u00f3lo homenajea la trayectoria de Melendi, sino que proyecta su m\u00fasica hacia el futuro prometiendo ser una experiencia inolvidable.&nbsp;<\/p>\n\n\n\n<p>Las entradas para el esperado show est\u00e1n a la venta a partir del 9 de Mayo ingresando en&nbsp;<a href=\"http:\/\/www.movistararena.com.ar\/\">www.movistararena.com.ar<\/a>&nbsp;<\/p>\n\n\n\n<p>Dos d\u00e9cadas de carrera art\u00edstica avalan a Melendi, consolidado como uno de los artistas de mayor \u00e9xito en Espa\u00f1a y Am\u00e9rica Latina, gracias a la picard\u00eda de sus letras, al talento interpretativo y a su m\u00e1gica conexi\u00f3n con el p\u00fablico. Millones de espectadores han sido testigos a lo largo de su trayectoria de su espectacular puesta en escena donde el artista y su p\u00fablico cantan sus canciones, aut\u00e9nticos himnos que forman parte ya de la historia del pop y el rock de habla hispana. atino y uno de oro. O los premios, que se acumulan en sus vitrinas.<\/p>\n\n\n<div class=\"wp-block-image\">\n<figure class=\"aligncenter size-full is-resized\"><img loading=\"lazy\" decoding=\"async\" width=\"1600\" height=\"1066\" src=\"https:\/\/entrenotasyacordes.com\/wp-content\/uploads\/2025\/05\/image-1.jpg\" alt=\"\" class=\"wp-image-15218\" style=\"width:531px;height:auto\" srcset=\"https:\/\/entrenotasyacordes.com\/wp-content\/uploads\/2025\/05\/image-1.jpg 1600w, https:\/\/entrenotasyacordes.com\/wp-content\/uploads\/2025\/05\/image-1-300x200.jpg 300w, https:\/\/entrenotasyacordes.com\/wp-content\/uploads\/2025\/05\/image-1-1024x682.jpg 1024w, https:\/\/entrenotasyacordes.com\/wp-content\/uploads\/2025\/05\/image-1-768x512.jpg 768w, https:\/\/entrenotasyacordes.com\/wp-content\/uploads\/2025\/05\/image-1-1536x1023.jpg 1536w\" sizes=\"auto, (max-width: 1600px) 100vw, 1600px\" \/><\/figure>\n<\/div>\n\n\n<p><strong>ACERCA DE MELENDI<\/strong><\/p>\n\n\n\n<p>20 a\u00f1os despu\u00e9s de su fulgurante debut discogr\u00e1fico, Sin noticias de Holanda, Melendi se mantiene firme como uno de los grandes protagonistas de la escena musical espa\u00f1ola. Es un logro al alcance de muy pocos, labrado con una combinaci\u00f3n de talento, constancia y buenas canciones. M\u00e1s que buenas:&nbsp;<\/p>\n\n\n\n<p>Del pasado hablan sus n\u00fameros. Melendi suma 24 discos de Platino en Espa\u00f1a y 3,5 millones de ejemplares vendidos en su carrera, con el r\u00e9cord de liderar las ventas en Espa\u00f1a durante tres a\u00f1os consecutivos. Sus canciones acumulan miles de millones de reproducciones en plataformas digitales, lo que le convirti\u00f3 en 2019 en el artista espa\u00f1ol m\u00e1s escuchado de todos los tiempos en nuestro pa\u00eds en Spotify, pero tambi\u00e9n en el m\u00e1s buscado en Amazon. Cuenta con siete millones de oyentes mensuales en Spotify. Fuera de nuestras fronteras, la nominaci\u00f3n a los Latin Grammy a Mejor Canci\u00f3n del A\u00f1o en 2017 por Desde que estamos juntos confirm\u00f3 su perfil internacional.<\/p>\n\n\n\n<p>Su disco \u201c20 a\u00f1os sin noticias\u201d lanzado en 2023 pone en valor ese bagaje y, en especial, aquel primer \u00e1lbum que dio el pistoletazo de salida a su trayectoria como Melendi y le otorg\u00f3 un reconocimiento sellado con cuatro discos de platino.&nbsp;Comenzaba una carrera que ya hab\u00eda tenido un experimento incipiente en el grupo El bosque de Sherwood, pero que a partir de ah\u00ed se transformar\u00eda en algo muy serio.<\/p>\n\n\n\n<p>Si triunf\u00f3 con Sin noticias de Holanda, no menos \u00e9xito lograr\u00eda con sus siguientes \u00e1lbumes: Que el cielo espere sentao (2005), Mientras no cueste trabajo (2006), Curiosa la cara de tu padre(2008) o Volvamos a empezar, un disco que marca un antes y un despu\u00e9s en su carrera musical. Ya en 2012, recuperar\u00eda su lado m\u00e1s rockero en L\u00e1grimas desordenadas, para dar un giro de tuerca con el m\u00e1s maduro Un alumno m\u00e1s(2014).<\/p>\n","protected":false},"excerpt":{"rendered":"","protected":false},"author":5,"featured_media":15217,"comment_status":"open","ping_status":"open","sticky":false,"template":"","format":"standard","meta":{"om_disable_all_campaigns":false,"_uf_show_specific_survey":0,"_uf_disable_surveys":false,"footnotes":""},"categories":[36],"tags":[],"class_list":["post-15216","post","type-post","status-publish","format-standard","has-post-thumbnail","hentry","category-conciertos"],"_links":{"self":[{"href":"https:\/\/entrenotasyacordes.com\/index.php?rest_route=\/wp\/v2\/posts\/15216","targetHints":{"allow":["GET"]}}],"collection":[{"href":"https:\/\/entrenotasyacordes.com\/index.php?rest_route=\/wp\/v2\/posts"}],"about":[{"href":"https:\/\/entrenotasyacordes.com\/index.php?rest_route=\/wp\/v2\/types\/post"}],"author":[{"embeddable":true,"href":"https:\/\/entrenotasyacordes.com\/index.php?rest_route=\/wp\/v2\/users\/5"}],"replies":[{"embeddable":true,"href":"https:\/\/entrenotasyacordes.com\/index.php?rest_route=%2Fwp%2Fv2%2Fcomments&post=15216"}],"version-history":[{"count":1,"href":"https:\/\/entrenotasyacordes.com\/index.php?rest_route=\/wp\/v2\/posts\/15216\/revisions"}],"predecessor-version":[{"id":15219,"href":"https:\/\/entrenotasyacordes.com\/index.php?rest_route=\/wp\/v2\/posts\/15216\/revisions\/15219"}],"wp:featuredmedia":[{"embeddable":true,"href":"https:\/\/entrenotasyacordes.com\/index.php?rest_route=\/wp\/v2\/media\/15217"}],"wp:attachment":[{"href":"https:\/\/entrenotasyacordes.com\/index.php?rest_route=%2Fwp%2Fv2%2Fmedia&parent=15216"}],"wp:term":[{"taxonomy":"category","embeddable":true,"href":"https:\/\/entrenotasyacordes.com\/index.php?rest_route=%2Fwp%2Fv2%2Fcategories&post=15216"},{"taxonomy":"post_tag","embeddable":true,"href":"https:\/\/entrenotasyacordes.com\/index.php?rest_route=%2Fwp%2Fv2%2Ftags&post=15216"}],"curies":[{"name":"wp","href":"https:\/\/api.w.org\/{rel}","templated":true}]}}