{"id":15220,"date":"2025-05-09T00:12:59","date_gmt":"2025-05-09T00:12:59","guid":{"rendered":"https:\/\/entrenotasyacordes.com\/?p=15220"},"modified":"2025-05-09T00:13:00","modified_gmt":"2025-05-09T00:13:00","slug":"luego-de-su-gira-por-chile-agus-dettbarn-regresa-a-la-argentina","status":"publish","type":"post","link":"https:\/\/entrenotasyacordes.com\/?p=15220","title":{"rendered":"LUEGO DE SU GIRA POR CHILE, AGUS DETTBARN REGRESA A LA ARGENTINA"},"content":{"rendered":"\n<!--more-->\n\n\n<div class=\"wp-block-image\">\n<figure class=\"aligncenter size-full is-resized\"><img loading=\"lazy\" decoding=\"async\" width=\"1081\" height=\"1081\" src=\"https:\/\/entrenotasyacordes.com\/wp-content\/uploads\/2025\/05\/1746040579700-CUADRADO_NICETOBAR_DETTBARN.jpg\" alt=\"\" class=\"wp-image-15221\" style=\"width:486px;height:auto\" srcset=\"https:\/\/entrenotasyacordes.com\/wp-content\/uploads\/2025\/05\/1746040579700-CUADRADO_NICETOBAR_DETTBARN.jpg 1081w, https:\/\/entrenotasyacordes.com\/wp-content\/uploads\/2025\/05\/1746040579700-CUADRADO_NICETOBAR_DETTBARN-300x300.jpg 300w, https:\/\/entrenotasyacordes.com\/wp-content\/uploads\/2025\/05\/1746040579700-CUADRADO_NICETOBAR_DETTBARN-1024x1024.jpg 1024w, https:\/\/entrenotasyacordes.com\/wp-content\/uploads\/2025\/05\/1746040579700-CUADRADO_NICETOBAR_DETTBARN-150x150.jpg 150w, https:\/\/entrenotasyacordes.com\/wp-content\/uploads\/2025\/05\/1746040579700-CUADRADO_NICETOBAR_DETTBARN-768x768.jpg 768w, https:\/\/entrenotasyacordes.com\/wp-content\/uploads\/2025\/05\/1746040579700-CUADRADO_NICETOBAR_DETTBARN-50x50.jpg 50w\" sizes=\"auto, (max-width: 1081px) 100vw, 1081px\" \/><\/figure>\n<\/div>\n\n\n<p class=\"has-text-align-left\">Luego de su gira por Chile, Agust\u00edn Dettbarn vuelve a Buenos Aires con&nbsp; banda completa y un show totalmente renovado, la cita ser\u00e1 el viernes 6 de junio &#8211; 20hs. Niceto (Cnel Niceto Vega 5507, CABA)<\/p>\n\n\n\n<p class=\"has-text-align-left\">Este show contar\u00e1 con un set list basado en las canciones de DETTBARN, su \u00faltimo disco, y un repaso por toda su discograf\u00eda, asi como tambi\u00e9n la presentaci\u00f3n de nuevas canciones in\u00e9ditas que formar\u00e1n parte de su pr\u00f3ximo trabajo discogr\u00e1fico.&nbsp;<a href=\"https:\/\/www.passline.com\/eventos\/dettbarn-y-nicola-carrarapor-primera-vez-juntos-en-niceto-bar?utm_source=perfit&amp;utm_medium=email\" rel=\"noreferrer noopener\" target=\"_blank\">Entradas anticipadas a la venta<\/a>.&nbsp;<strong>Artista invitado: Nicola Carrara<\/strong><\/p>\n\n\n<div class=\"wp-block-image\">\n<figure class=\"aligncenter size-full is-resized\"><img loading=\"lazy\" decoding=\"async\" width=\"2560\" height=\"1707\" src=\"https:\/\/entrenotasyacordes.com\/wp-content\/uploads\/2025\/05\/1746041150165-unnamed-1-scaled.jpg\" alt=\"\" class=\"wp-image-15222\" style=\"width:531px;height:auto\" srcset=\"https:\/\/entrenotasyacordes.com\/wp-content\/uploads\/2025\/05\/1746041150165-unnamed-1-scaled.jpg 2560w, https:\/\/entrenotasyacordes.com\/wp-content\/uploads\/2025\/05\/1746041150165-unnamed-1-300x200.jpg 300w, https:\/\/entrenotasyacordes.com\/wp-content\/uploads\/2025\/05\/1746041150165-unnamed-1-1024x683.jpg 1024w, https:\/\/entrenotasyacordes.com\/wp-content\/uploads\/2025\/05\/1746041150165-unnamed-1-768x512.jpg 768w, https:\/\/entrenotasyacordes.com\/wp-content\/uploads\/2025\/05\/1746041150165-unnamed-1-1536x1024.jpg 1536w, https:\/\/entrenotasyacordes.com\/wp-content\/uploads\/2025\/05\/1746041150165-unnamed-1-2048x1365.jpg 2048w\" sizes=\"auto, (max-width: 2560px) 100vw, 2560px\" \/><\/figure>\n<\/div>\n\n\n<p><strong>\u00a8 Dettbarn\u00a8 es el \u00faltimo disco editado por Agust\u00edn<\/strong>, el cual cuenta con 8 canciones propias en las cuales se encuentra acompa\u00f1ado por una exquisita selecci\u00f3n de m\u00fasicos argentinos.<\/p>\n\n\n\n<p><strong>Ficha T\u00e9cnica<\/strong><\/p>\n\n\n\n<p>Producci\u00f3n y arreglos: Matias J Olmedo y Agust\u00edn Dettbarn<br>Grabado y mezclado en Estudio El Zumbido , por Mat\u00edas J olmedo<br>Excepto \u201cMandarine\u201d, producido por Gabriel Luch y Agust\u00edn Dettbarn, Grabado y mezclado por Gabriel Luch<br>Bater\u00edas grabadas en Mirifico por Facundo Lizondo<br>Mezclado por Matias J Olmedo<br>Masterizado por Lucas Gomez<br>Arte de tapa DETTBARN, flyers, videos promocionales: Pau Vazquez Presta<br>Arte de tapa singles: Agu Alcora<br>Videos promocionales, Canvas Spotify: Julian Olmedo<br>Fotograf\u00eda: Mariano Su\u00e1rez &#8211; &nbsp;Marcos Francese &#8211; Brian Apa<\/p>\n\n\n\n<p>Registrado por Agata Medin<br>Distribuido por Ojo Emergente a trav\u00e9s de Ditto Music<\/p>\n\n\n<div class=\"wp-block-image\">\n<figure class=\"aligncenter size-full is-resized\"><img loading=\"lazy\" decoding=\"async\" width=\"1707\" height=\"2560\" src=\"https:\/\/entrenotasyacordes.com\/wp-content\/uploads\/2025\/05\/1746054333993-Copia-de-_DSC5595-1-scaled.jpg\" alt=\"\" class=\"wp-image-15223\" style=\"width:531px;height:auto\" srcset=\"https:\/\/entrenotasyacordes.com\/wp-content\/uploads\/2025\/05\/1746054333993-Copia-de-_DSC5595-1-scaled.jpg 1707w, https:\/\/entrenotasyacordes.com\/wp-content\/uploads\/2025\/05\/1746054333993-Copia-de-_DSC5595-1-200x300.jpg 200w, https:\/\/entrenotasyacordes.com\/wp-content\/uploads\/2025\/05\/1746054333993-Copia-de-_DSC5595-1-683x1024.jpg 683w, https:\/\/entrenotasyacordes.com\/wp-content\/uploads\/2025\/05\/1746054333993-Copia-de-_DSC5595-1-768x1152.jpg 768w, https:\/\/entrenotasyacordes.com\/wp-content\/uploads\/2025\/05\/1746054333993-Copia-de-_DSC5595-1-1024x1536.jpg 1024w, https:\/\/entrenotasyacordes.com\/wp-content\/uploads\/2025\/05\/1746054333993-Copia-de-_DSC5595-1-1365x2048.jpg 1365w\" sizes=\"auto, (max-width: 1707px) 100vw, 1707px\" \/><\/figure>\n<\/div>\n\n\n<p><strong>Acerca de Agust\u00edn Dettbarn<\/strong><\/p>\n\n\n\n<p>Agust\u00edn Dettbarn inici\u00f3 su carrera solista en 2021 y en mismo a\u00f1o fue finalista del Primer Festival de la Canci\u00f3n Argentina. Su proyecto como cantautor surge despu\u00e9s de 18 a\u00f1os de recorrido en el circuito musical platense como integrante de bandas como Cinem\u00e1tica, In- Side y Esa Extra\u00f1a Forma.<\/p>\n\n\n\n<p>Su primer lanzamiento fue \u201cVestido\u201d, contiene composiciones propias influenciadas por el rock, el pop y la m\u00fasica urbana, que lo llevaron a presentarse en el Teatro Astral de la Calle Corrientes.<\/p>\n\n\n\n<p>En 2022, edita \u201cDesnudo\u201d, una colecci\u00f3n de canciones ac\u00fasticas, que complementan su material anterior y que cuenta con la participaci\u00f3n de figuras reconocidas de la canci\u00f3n platense, como Pablo Matias Vidal y Francisco Cadierno.<\/p>\n\n\n\n<p>Los materiales reflejan la versatilidad del artista y de su propuesta en vivo: por un lado, el formato el\u00e9ctrico, en\u00e9rgico, en banda; y por el otro, la propuesta intimista, cl\u00e1sica del cantautor: guitarra y voz. Con su doble formato recorri\u00f3 escenarios de La Plata, CABA y alrededores.<\/p>\n\n\n\n<p>En 2023, para terminar de reflejar su propuesta en vivo en el formato digital, lanza dos videoclips de las canciones \u201cMarcos\u201d y \u201cEl Camino a Casa\u201d. Tambi\u00e9n edita \u201cEn Vivo en Teatro Abierto\u201d, grabado durante la presentaci\u00f3n oficial de \u201cVestido\u201d. Adem\u00e1s lanza dos singles nuevos \u00a8Emma\u00a8 y \u00a8Muy mal de la cabecita\u00a8 ambos con gran repercusi\u00f3n en los medios.<\/p>\n\n\n\n<p>5 Minutos es el nuevo single, tercer y \u00faltimo adelanto de su tercer \u00e1lbum de estudio. Cuenta con un Feat. con Superpiba, banda platense de gran trayectoria, adem\u00e1s de la colaboraci\u00f3n de reconocidos m\u00fasicos de la escena local e internacional como Caro Conzonno, Pablo Murgier y Juli\u00e1n Cofini.<\/p>\n\n\n\n<p>Actualmente se encuentra realizando las presentaciones en vivo de su nuevo disco titulado \u00a8Dettbarn\u00a8<\/p>\n","protected":false},"excerpt":{"rendered":"","protected":false},"author":5,"featured_media":15221,"comment_status":"open","ping_status":"open","sticky":false,"template":"","format":"standard","meta":{"om_disable_all_campaigns":false,"_uf_show_specific_survey":0,"_uf_disable_surveys":false,"footnotes":""},"categories":[36],"tags":[],"class_list":["post-15220","post","type-post","status-publish","format-standard","has-post-thumbnail","hentry","category-conciertos"],"_links":{"self":[{"href":"https:\/\/entrenotasyacordes.com\/index.php?rest_route=\/wp\/v2\/posts\/15220","targetHints":{"allow":["GET"]}}],"collection":[{"href":"https:\/\/entrenotasyacordes.com\/index.php?rest_route=\/wp\/v2\/posts"}],"about":[{"href":"https:\/\/entrenotasyacordes.com\/index.php?rest_route=\/wp\/v2\/types\/post"}],"author":[{"embeddable":true,"href":"https:\/\/entrenotasyacordes.com\/index.php?rest_route=\/wp\/v2\/users\/5"}],"replies":[{"embeddable":true,"href":"https:\/\/entrenotasyacordes.com\/index.php?rest_route=%2Fwp%2Fv2%2Fcomments&post=15220"}],"version-history":[{"count":1,"href":"https:\/\/entrenotasyacordes.com\/index.php?rest_route=\/wp\/v2\/posts\/15220\/revisions"}],"predecessor-version":[{"id":15224,"href":"https:\/\/entrenotasyacordes.com\/index.php?rest_route=\/wp\/v2\/posts\/15220\/revisions\/15224"}],"wp:featuredmedia":[{"embeddable":true,"href":"https:\/\/entrenotasyacordes.com\/index.php?rest_route=\/wp\/v2\/media\/15221"}],"wp:attachment":[{"href":"https:\/\/entrenotasyacordes.com\/index.php?rest_route=%2Fwp%2Fv2%2Fmedia&parent=15220"}],"wp:term":[{"taxonomy":"category","embeddable":true,"href":"https:\/\/entrenotasyacordes.com\/index.php?rest_route=%2Fwp%2Fv2%2Fcategories&post=15220"},{"taxonomy":"post_tag","embeddable":true,"href":"https:\/\/entrenotasyacordes.com\/index.php?rest_route=%2Fwp%2Fv2%2Ftags&post=15220"}],"curies":[{"name":"wp","href":"https:\/\/api.w.org\/{rel}","templated":true}]}}