{"id":15225,"date":"2025-05-09T00:19:16","date_gmt":"2025-05-09T00:19:16","guid":{"rendered":"https:\/\/entrenotasyacordes.com\/?p=15225"},"modified":"2025-05-09T00:19:17","modified_gmt":"2025-05-09T00:19:17","slug":"oriana-transforma-el-desamor-en-poder-con-su-nuevo-sencillo-querida-yo","status":"publish","type":"post","link":"https:\/\/entrenotasyacordes.com\/?p=15225","title":{"rendered":"ORIANA TRANSFORMA EL DESAMOR EN PODER CON SU NUEVO SENCILLO \u201cQUERIDA YO\u201d"},"content":{"rendered":"\n<!--more-->\n\n\n<div class=\"wp-block-image\">\n<figure class=\"aligncenter size-full is-resized\"><img loading=\"lazy\" decoding=\"async\" width=\"760\" height=\"760\" src=\"https:\/\/entrenotasyacordes.com\/wp-content\/uploads\/2025\/05\/1283921_unnamed.webp\" alt=\"\" class=\"wp-image-15226\" style=\"width:654px;height:auto\" srcset=\"https:\/\/entrenotasyacordes.com\/wp-content\/uploads\/2025\/05\/1283921_unnamed.webp 760w, https:\/\/entrenotasyacordes.com\/wp-content\/uploads\/2025\/05\/1283921_unnamed-300x300.webp 300w, https:\/\/entrenotasyacordes.com\/wp-content\/uploads\/2025\/05\/1283921_unnamed-150x150.webp 150w, https:\/\/entrenotasyacordes.com\/wp-content\/uploads\/2025\/05\/1283921_unnamed-50x50.webp 50w\" sizes=\"auto, (max-width: 760px) 100vw, 760px\" \/><\/figure>\n<\/div>\n\n\n<p class=\"has-text-align-left\">Hoy, la reconocida cantautora&nbsp;<strong>Oriana<\/strong>&nbsp;lanza su nuevo sencillo,&nbsp;<strong><em>\u201cQuerida Yo\u201d<\/em><\/strong>, un rock atrevido y emocional que lleva a los oyentes en un viaje desde el desamor hacia el empoderamiento. En \u201c<em>Querida Yo\u201d,&nbsp;<\/em>Oriana escribe una carta a su yo del pasado, advirti\u00e9ndole de los amores t\u00f3xicos, narcisistas y las mentiras que le dejaron lecciones.<\/p>\n\n\n\n<p>Lo que comienza como un cuento sobre una aventura veraniega enga\u00f1osa se transforma en un poderoso mensaje de resiliencia, en el que Oriana se recuerda a s\u00ed misma, y a sus fans, que el amor verdadero y la autoestima merecen la espera. \u201c<em>Querida yo\u201d<\/em>&nbsp;es una monta\u00f1a rusa de emociones, transmitidas a trav\u00e9s de letras pegajosas y la fuerza vocal de Oriana.<\/p>\n\n\n\n<p class=\"has-text-align-left\">El nuevo tema de Oriana es la mezcla perfecta de rebeld\u00eda y esperanza, un himno para cualquiera que haya tenido que levantarse, sacudirse de una ruptura y seguir adelante con m\u00e1s fuerza que antes. Con este \u00faltimo lanzamiento, Oriana se consolida como una voz intr\u00e9pida en la m\u00fasica latina, sin miedo de mostrar su alma e inspirar a otros a trav\u00e9s de su arte.<\/p>\n\n\n\n<figure class=\"wp-block-embed is-type-video is-provider-youtube wp-block-embed-youtube wp-embed-aspect-16-9 wp-has-aspect-ratio\"><div class=\"wp-block-embed__wrapper\">\n<div class=\"epyt-video-wrapper\"><iframe loading=\"lazy\"  id=\"_ytid_70694\"  width=\"640\" height=\"360\"  data-origwidth=\"640\" data-origheight=\"360\" src=\"https:\/\/www.youtube.com\/embed\/00IoQ-JgOI4?enablejsapi=1&#038;autoplay=0&#038;cc_load_policy=0&#038;cc_lang_pref=&#038;iv_load_policy=1&#038;loop=0&#038;rel=1&#038;fs=1&#038;playsinline=0&#038;autohide=2&#038;theme=dark&#038;color=white&#038;controls=1&#038;\" class=\"__youtube_prefs__  epyt-is-override  no-lazyload\" data-vol=\"50\"  title=\"YouTube player\"  allow=\"fullscreen; accelerometer; autoplay; clipboard-write; encrypted-media; gyroscope; picture-in-picture; web-share\" referrerpolicy=\"strict-origin-when-cross-origin\" allowfullscreen data-no-lazy=\"1\" data-skipgform_ajax_framebjll=\"\"><\/iframe><\/div>\n<\/div><\/figure>\n","protected":false},"excerpt":{"rendered":"","protected":false},"author":5,"featured_media":15226,"comment_status":"open","ping_status":"open","sticky":false,"template":"","format":"standard","meta":{"om_disable_all_campaigns":false,"_uf_show_specific_survey":0,"_uf_disable_surveys":false,"footnotes":""},"categories":[4],"tags":[],"class_list":["post-15225","post","type-post","status-publish","format-standard","has-post-thumbnail","hentry","category-musica"],"_links":{"self":[{"href":"https:\/\/entrenotasyacordes.com\/index.php?rest_route=\/wp\/v2\/posts\/15225","targetHints":{"allow":["GET"]}}],"collection":[{"href":"https:\/\/entrenotasyacordes.com\/index.php?rest_route=\/wp\/v2\/posts"}],"about":[{"href":"https:\/\/entrenotasyacordes.com\/index.php?rest_route=\/wp\/v2\/types\/post"}],"author":[{"embeddable":true,"href":"https:\/\/entrenotasyacordes.com\/index.php?rest_route=\/wp\/v2\/users\/5"}],"replies":[{"embeddable":true,"href":"https:\/\/entrenotasyacordes.com\/index.php?rest_route=%2Fwp%2Fv2%2Fcomments&post=15225"}],"version-history":[{"count":1,"href":"https:\/\/entrenotasyacordes.com\/index.php?rest_route=\/wp\/v2\/posts\/15225\/revisions"}],"predecessor-version":[{"id":15227,"href":"https:\/\/entrenotasyacordes.com\/index.php?rest_route=\/wp\/v2\/posts\/15225\/revisions\/15227"}],"wp:featuredmedia":[{"embeddable":true,"href":"https:\/\/entrenotasyacordes.com\/index.php?rest_route=\/wp\/v2\/media\/15226"}],"wp:attachment":[{"href":"https:\/\/entrenotasyacordes.com\/index.php?rest_route=%2Fwp%2Fv2%2Fmedia&parent=15225"}],"wp:term":[{"taxonomy":"category","embeddable":true,"href":"https:\/\/entrenotasyacordes.com\/index.php?rest_route=%2Fwp%2Fv2%2Fcategories&post=15225"},{"taxonomy":"post_tag","embeddable":true,"href":"https:\/\/entrenotasyacordes.com\/index.php?rest_route=%2Fwp%2Fv2%2Ftags&post=15225"}],"curies":[{"name":"wp","href":"https:\/\/api.w.org\/{rel}","templated":true}]}}