{"id":15228,"date":"2025-05-09T00:23:20","date_gmt":"2025-05-09T00:23:20","guid":{"rendered":"https:\/\/entrenotasyacordes.com\/?p=15228"},"modified":"2025-05-09T00:23:21","modified_gmt":"2025-05-09T00:23:21","slug":"the-amy-winehouse-band-domingo-11-de-mayo-teatro-vorterix","status":"publish","type":"post","link":"https:\/\/entrenotasyacordes.com\/?p=15228","title":{"rendered":"THE AMY WINEHOUSE BAND | Domingo 11 de Mayo Teatro Vorterix"},"content":{"rendered":"\n<!--more-->\n\n\n\n<p class=\"has-text-align-left\">LA BANDA ORIGINAL DE AMY WINEHOUSE LLEGA POR PRIMERA VEZ A LA ARGENTINA PARA CELEBRAR SU VIDA MUSICAL Y SU LEGADO<\/p>\n\n\n\n<p class=\"has-text-align-center\"><strong>DOMINGO 11 DE MAYO, 19HS\u00a0<\/strong><br><strong>TEATRO VORTERIX<\/strong><br>entradas a la venta \u00fanicamente en\u00a0<a href=\"https:\/\/www.allaccess.com.ar\/event\/the-amy-winehouse-band-celebration\" target=\"_blank\" rel=\"noreferrer noopener\">allaccess.com.ar<\/a><\/p>\n\n\n<div class=\"wp-block-image\">\n<figure class=\"aligncenter size-full is-resized\"><img loading=\"lazy\" decoding=\"async\" width=\"702\" height=\"536\" src=\"https:\/\/entrenotasyacordes.com\/wp-content\/uploads\/2025\/05\/unnamed-2.jpg\" alt=\"\" class=\"wp-image-15229\" style=\"width:486px;height:auto\" srcset=\"https:\/\/entrenotasyacordes.com\/wp-content\/uploads\/2025\/05\/unnamed-2.jpg 702w, https:\/\/entrenotasyacordes.com\/wp-content\/uploads\/2025\/05\/unnamed-2-300x229.jpg 300w\" sizes=\"auto, (max-width: 702px) 100vw, 702px\" \/><\/figure>\n<\/div>\n\n\n<p class=\"has-text-align-left\"><strong>The Amy Winehouse Band<\/strong>, la banda original de Amy Winehouse, liderada por su director musical, bajista e \u00edntimo amigo, Dale Davis, se presenta este&nbsp;<strong>domingo 11 de mayo en Teatro Vorterix<\/strong>. Por primera vez llega a Argentina con un espect\u00e1culo excepcional y \u00fanico.&nbsp;<\/p>\n\n\n\n<p>El concierto es una celebraci\u00f3n de su m\u00fasica, manteniendo vivo su esp\u00edritu, su legado y el sonido de una era marcada por la voz inconfundible de Amy. Con la vocalista Bronte Shand\u00e9 y con im\u00e1genes en pantalla y metraje \u00fanico, el show se ha convertido en una experiencia inolvidable para el p\u00fablico de todas las edades, con entradas agotadas en el Reino Unido y Europa. Este a\u00f1o llega a Sudam\u00e9rica y se embarcar\u00e1 en una gira por Estados Unidos.<\/p>\n\n\n\n<p class=\"has-text-align-left\">Amy Winehouse fue la mejor voz femenina que haya surgido del Reino Unido, un tesoro nacional y para muchos la mejor artista de su generaci\u00f3n, extra\u00f1ada por todos los que la amaban a ella y a su m\u00fasica.\u00a0<\/p>\n\n\n\n<p class=\"has-text-align-left\"><strong>The Amy Winehouse Band<\/strong>&nbsp;es un viaje alegre y emotivo que celebra el incre\u00edble cancionero de Amy con los m\u00fasicos y la banda que mejor la conocieron, que estuvieron junto a ella en los escenarios de todo el mundo y ayudaron a crear su sonido atemporal, tanto en vivo como en el estudio.&nbsp;<\/p>\n\n\n\n<p class=\"has-text-align-left\">El repertorio incluye todos los \u00e9xitos y obras maestras de Amy, de los \u00e1lbumes ganadores de m\u00faltiples premios, Back To Black, Frank and Lioness&#8230; &#8216;Rehab&#8217;, &#8216;Valerie&#8217;, &#8216;Back To Black&#8217;, &#8216;Love Is A Losing Game&#8217;, &#8216;Tears Dry On Their Own&#8217;, &#8216;I&#8217;m No Good&#8217; y muchos m\u00e1s.<\/p>\n\n\n<div class=\"wp-block-image\">\n<figure class=\"aligncenter size-full is-resized\"><img loading=\"lazy\" decoding=\"async\" width=\"1554\" height=\"1351\" src=\"https:\/\/entrenotasyacordes.com\/wp-content\/uploads\/2025\/05\/unnamed.png\" alt=\"\" class=\"wp-image-15230\" style=\"width:531px;height:auto\" srcset=\"https:\/\/entrenotasyacordes.com\/wp-content\/uploads\/2025\/05\/unnamed.png 1554w, https:\/\/entrenotasyacordes.com\/wp-content\/uploads\/2025\/05\/unnamed-300x261.png 300w, https:\/\/entrenotasyacordes.com\/wp-content\/uploads\/2025\/05\/unnamed-1024x890.png 1024w, https:\/\/entrenotasyacordes.com\/wp-content\/uploads\/2025\/05\/unnamed-768x668.png 768w, https:\/\/entrenotasyacordes.com\/wp-content\/uploads\/2025\/05\/unnamed-1536x1335.png 1536w\" sizes=\"auto, (max-width: 1554px) 100vw, 1554px\" \/><\/figure>\n<\/div>\n\n\n<p><strong>THE AMY WINEHOUSE BAND<\/strong><br>MD\/BAJO: DALE DAVIS<br>GUITARRA: HAWIE GONDWE<br>BATER\u00cdA: NATHAN ALLEN \u2013 STUART ANNING<br>SAXOF\u00d3N: DAVE TEMPLE \u2013 FRANK WALDEN<br>TROMPETA: HENRY COLLINS \u2013 DOMINIC GLOVER \u2013 BEN EDWARDS <br>VOCAL: BRONTE SHAND\u00c9<\/p>\n","protected":false},"excerpt":{"rendered":"","protected":false},"author":5,"featured_media":15229,"comment_status":"open","ping_status":"open","sticky":false,"template":"","format":"standard","meta":{"om_disable_all_campaigns":false,"_uf_show_specific_survey":0,"_uf_disable_surveys":false,"footnotes":""},"categories":[36],"tags":[],"class_list":["post-15228","post","type-post","status-publish","format-standard","has-post-thumbnail","hentry","category-conciertos"],"_links":{"self":[{"href":"https:\/\/entrenotasyacordes.com\/index.php?rest_route=\/wp\/v2\/posts\/15228","targetHints":{"allow":["GET"]}}],"collection":[{"href":"https:\/\/entrenotasyacordes.com\/index.php?rest_route=\/wp\/v2\/posts"}],"about":[{"href":"https:\/\/entrenotasyacordes.com\/index.php?rest_route=\/wp\/v2\/types\/post"}],"author":[{"embeddable":true,"href":"https:\/\/entrenotasyacordes.com\/index.php?rest_route=\/wp\/v2\/users\/5"}],"replies":[{"embeddable":true,"href":"https:\/\/entrenotasyacordes.com\/index.php?rest_route=%2Fwp%2Fv2%2Fcomments&post=15228"}],"version-history":[{"count":1,"href":"https:\/\/entrenotasyacordes.com\/index.php?rest_route=\/wp\/v2\/posts\/15228\/revisions"}],"predecessor-version":[{"id":15231,"href":"https:\/\/entrenotasyacordes.com\/index.php?rest_route=\/wp\/v2\/posts\/15228\/revisions\/15231"}],"wp:featuredmedia":[{"embeddable":true,"href":"https:\/\/entrenotasyacordes.com\/index.php?rest_route=\/wp\/v2\/media\/15229"}],"wp:attachment":[{"href":"https:\/\/entrenotasyacordes.com\/index.php?rest_route=%2Fwp%2Fv2%2Fmedia&parent=15228"}],"wp:term":[{"taxonomy":"category","embeddable":true,"href":"https:\/\/entrenotasyacordes.com\/index.php?rest_route=%2Fwp%2Fv2%2Fcategories&post=15228"},{"taxonomy":"post_tag","embeddable":true,"href":"https:\/\/entrenotasyacordes.com\/index.php?rest_route=%2Fwp%2Fv2%2Ftags&post=15228"}],"curies":[{"name":"wp","href":"https:\/\/api.w.org\/{rel}","templated":true}]}}