{"id":15232,"date":"2025-05-09T00:26:50","date_gmt":"2025-05-09T00:26:50","guid":{"rendered":"https:\/\/entrenotasyacordes.com\/?p=15232"},"modified":"2025-05-09T00:26:51","modified_gmt":"2025-05-09T00:26:51","slug":"creamfields-argentina-fecha-confirmada-y-tickets-a-la-venta","status":"publish","type":"post","link":"https:\/\/entrenotasyacordes.com\/?p=15232","title":{"rendered":"CREAMFIELDS ARGENTINA &#8211; FECHA CONFIRMADA Y TICKETS A LA VENTA"},"content":{"rendered":"\n<!--more-->\n\n\n\n<p class=\"has-text-align-left\"><strong>11 DE OCTUBRE &#8211; PARQUE DE LA CIUDAD<\/strong><\/p>\n\n\n\n<p class=\"has-text-align-left\"><em>Luego de un exitoso regreso en 2024, el 11 de octubre vuelve al Parque de la Ciudad el festival que re\u00fane a los mayores exponentes de la m\u00fasica electr\u00f3nica de todo el mundo. L<\/em><em>os tickets&nbsp;se podr\u00e1n conseguir a partir del jueves 8 de mayo a las 12 hs, a trav\u00e9s de&nbsp;<\/em><a href=\"http:\/\/www.entradauno.com\/\"><em>Entrada Uno<\/em><\/a><em>.<\/em><\/p>\n\n\n<div class=\"wp-block-image\">\n<figure class=\"aligncenter size-full is-resized\"><img loading=\"lazy\" decoding=\"async\" width=\"1600\" height=\"1066\" src=\"https:\/\/entrenotasyacordes.com\/wp-content\/uploads\/2025\/05\/image-3.jpg\" alt=\"\" class=\"wp-image-15233\" style=\"width:486px;height:auto\" srcset=\"https:\/\/entrenotasyacordes.com\/wp-content\/uploads\/2025\/05\/image-3.jpg 1600w, https:\/\/entrenotasyacordes.com\/wp-content\/uploads\/2025\/05\/image-3-300x200.jpg 300w, https:\/\/entrenotasyacordes.com\/wp-content\/uploads\/2025\/05\/image-3-1024x682.jpg 1024w, https:\/\/entrenotasyacordes.com\/wp-content\/uploads\/2025\/05\/image-3-768x512.jpg 768w, https:\/\/entrenotasyacordes.com\/wp-content\/uploads\/2025\/05\/image-3-1536x1023.jpg 1536w\" sizes=\"auto, (max-width: 1600px) 100vw, 1600px\" \/><\/figure>\n<\/div>\n\n\n<p class=\"has-text-align-left\">Ciudad de Buenos Aires,&nbsp;6 de mayo&nbsp;de 2025 &#8211; Tras su exitoso regreso el a\u00f1o pasado,&nbsp;<strong>Creamfields Argentina<\/strong>&nbsp;vuelve al Parque de la Ciudad de Buenos Aires. El 11 de octubre, uno de los festivales m\u00e1s importantes del mundo aterrizar\u00e1 nuevamente en nuestro pa\u00eds, con producci\u00f3n de Fenix Entertainment. Las entradas se podr\u00e1n conseguir a partir del jueves 8 de mayo a las 12 hs, a trav\u00e9s de Entrada Uno.<\/p>\n\n\n\n<p><strong>Creamfields Argentina contin\u00faa proponiendo una experiencia inolvidable que trasciende generaciones y estilos y que, edici\u00f3n a edici\u00f3n, re\u00fane en su line-up a DJs, productores, bandas y mayores exponentes de la m\u00fasica electr\u00f3nica de todo el mundo.<\/strong><\/p>\n\n\n\n<p>En 2024, Creamfields volvi\u00f3 a desembarcar en Argentina con una exitosa edici\u00f3n que funcion\u00f3 de reencuentro con el p\u00fablico local, al aire libre, de d\u00eda y noche y en un entorno dise\u00f1ado para ofrecer comodidad y seguridad. El p\u00fablico disfrut\u00f3 de una grilla conformada por importantes artistas internacionales y nacionales como Swedish House Mafia, Alesso, Steve Aoki, Fisher, Nina Kraviz, Richie Hawtin, Pawsa, Alan Walker, Don Diablo, DJ Tennis, Paco Osuna, K\u00f6lsch, Marcel Dettman, Helena Hauff, Tiga, Anfisa Letyago, Green Velvet, Babas\u00f3nicos, Peces Raros y Sol Ortega.<\/p>\n\n\n\n<p class=\"has-text-align-left\">Fueron m\u00e1s de 65 mil las personas que participaron del encuentro, entreg\u00e1ndose al baile bajo el sol del d\u00eda, y bajo el brillo de la luna de noche, en sinton\u00eda con las impactantes puestas visuales en una experiencia musical y est\u00e9tica inmersiva e inolvidable.<\/p>\n\n\n<div class=\"wp-block-image\">\n<figure class=\"aligncenter size-full is-resized\"><img loading=\"lazy\" decoding=\"async\" width=\"1600\" height=\"1066\" src=\"https:\/\/entrenotasyacordes.com\/wp-content\/uploads\/2025\/05\/image-4.jpg\" alt=\"\" class=\"wp-image-15234\" style=\"width:531px;height:auto\" srcset=\"https:\/\/entrenotasyacordes.com\/wp-content\/uploads\/2025\/05\/image-4.jpg 1600w, https:\/\/entrenotasyacordes.com\/wp-content\/uploads\/2025\/05\/image-4-300x200.jpg 300w, https:\/\/entrenotasyacordes.com\/wp-content\/uploads\/2025\/05\/image-4-1024x682.jpg 1024w, https:\/\/entrenotasyacordes.com\/wp-content\/uploads\/2025\/05\/image-4-768x512.jpg 768w, https:\/\/entrenotasyacordes.com\/wp-content\/uploads\/2025\/05\/image-4-1536x1023.jpg 1536w\" sizes=\"auto, (max-width: 1600px) 100vw, 1600px\" \/><\/figure>\n<\/div>\n\n\n<p>La propuesta integral incluy\u00f3 adem\u00e1s gastronom\u00eda de lujo y un sistema&nbsp;<em>cashless<\/em>&nbsp;que simplific\u00f3 las compras dentro del predio. Los puestos de hidrataci\u00f3n y las \u00e1reas de descanso permitieron que el p\u00fablico disfrutara de la jornada de manera c\u00f3moda y segura. De ese modo,&nbsp;el festival reafirm\u00f3 su posici\u00f3n como uno de los eventos de m\u00fasica electr\u00f3nica m\u00e1s importantes del mundo.<\/p>\n\n\n\n<p>Este a\u00f1o, el evento se realizar\u00e1 el s\u00e1bado 11 de octubre, en el mismo formato de una sola jornada que tuvieron 15 ediciones consecutivas de Creamfields en Argentina. Nuevamente, ofrecer\u00e1 mixturas entre talentos internacionales y locales, y entre los cl\u00e1sicos de siempre y las m\u00e1s novedosas tendencias de la m\u00fasica electr\u00f3nica.<\/p>\n\n\n\n<p><strong>Un festival con historia<\/strong><\/p>\n\n\n\n<p>El festival naci\u00f3 en 1998 en Winchester, Reino Unido, y en noviembre de 2001 desembarc\u00f3 en Buenos Aires como plataforma de lanzamiento para Am\u00e9rica Latina. Desde entonces, cada edici\u00f3n de Creamfields en Argentina ha sido epicentro de fan\u00e1ticos de todo el mundo. Un festival que ha sido elegido por DJs de la talla de David Guetta, como el mejor de todos. El evento tambi\u00e9n logr\u00f3 posicionar&nbsp;a Buenos Aires como una de las capitales m\u00e1s importantes para la m\u00fasica electr\u00f3nica en Am\u00e9rica Latina.<\/p>\n\n\n<div class=\"wp-block-image\">\n<figure class=\"aligncenter size-full is-resized\"><img loading=\"lazy\" decoding=\"async\" width=\"1600\" height=\"1066\" src=\"https:\/\/entrenotasyacordes.com\/wp-content\/uploads\/2025\/05\/image-5.jpg\" alt=\"\" class=\"wp-image-15235\" style=\"width:531px;height:auto\" srcset=\"https:\/\/entrenotasyacordes.com\/wp-content\/uploads\/2025\/05\/image-5.jpg 1600w, https:\/\/entrenotasyacordes.com\/wp-content\/uploads\/2025\/05\/image-5-300x200.jpg 300w, https:\/\/entrenotasyacordes.com\/wp-content\/uploads\/2025\/05\/image-5-1024x682.jpg 1024w, https:\/\/entrenotasyacordes.com\/wp-content\/uploads\/2025\/05\/image-5-768x512.jpg 768w, https:\/\/entrenotasyacordes.com\/wp-content\/uploads\/2025\/05\/image-5-1536x1023.jpg 1536w\" sizes=\"auto, (max-width: 1600px) 100vw, 1600px\" \/><\/figure>\n<\/div>","protected":false},"excerpt":{"rendered":"","protected":false},"author":5,"featured_media":15233,"comment_status":"open","ping_status":"open","sticky":false,"template":"","format":"standard","meta":{"om_disable_all_campaigns":false,"_uf_show_specific_survey":0,"_uf_disable_surveys":false,"footnotes":""},"categories":[36],"tags":[],"class_list":["post-15232","post","type-post","status-publish","format-standard","has-post-thumbnail","hentry","category-conciertos"],"_links":{"self":[{"href":"https:\/\/entrenotasyacordes.com\/index.php?rest_route=\/wp\/v2\/posts\/15232","targetHints":{"allow":["GET"]}}],"collection":[{"href":"https:\/\/entrenotasyacordes.com\/index.php?rest_route=\/wp\/v2\/posts"}],"about":[{"href":"https:\/\/entrenotasyacordes.com\/index.php?rest_route=\/wp\/v2\/types\/post"}],"author":[{"embeddable":true,"href":"https:\/\/entrenotasyacordes.com\/index.php?rest_route=\/wp\/v2\/users\/5"}],"replies":[{"embeddable":true,"href":"https:\/\/entrenotasyacordes.com\/index.php?rest_route=%2Fwp%2Fv2%2Fcomments&post=15232"}],"version-history":[{"count":1,"href":"https:\/\/entrenotasyacordes.com\/index.php?rest_route=\/wp\/v2\/posts\/15232\/revisions"}],"predecessor-version":[{"id":15236,"href":"https:\/\/entrenotasyacordes.com\/index.php?rest_route=\/wp\/v2\/posts\/15232\/revisions\/15236"}],"wp:featuredmedia":[{"embeddable":true,"href":"https:\/\/entrenotasyacordes.com\/index.php?rest_route=\/wp\/v2\/media\/15233"}],"wp:attachment":[{"href":"https:\/\/entrenotasyacordes.com\/index.php?rest_route=%2Fwp%2Fv2%2Fmedia&parent=15232"}],"wp:term":[{"taxonomy":"category","embeddable":true,"href":"https:\/\/entrenotasyacordes.com\/index.php?rest_route=%2Fwp%2Fv2%2Fcategories&post=15232"},{"taxonomy":"post_tag","embeddable":true,"href":"https:\/\/entrenotasyacordes.com\/index.php?rest_route=%2Fwp%2Fv2%2Ftags&post=15232"}],"curies":[{"name":"wp","href":"https:\/\/api.w.org\/{rel}","templated":true}]}}