{"id":15237,"date":"2025-05-09T00:31:14","date_gmt":"2025-05-09T00:31:14","guid":{"rendered":"https:\/\/entrenotasyacordes.com\/?p=15237"},"modified":"2025-05-09T00:31:15","modified_gmt":"2025-05-09T00:31:15","slug":"morat-anuncia-su-regreso-a-argentina-en-el-marco-de-su-gira-asuntos-pendientes-2025","status":"publish","type":"post","link":"https:\/\/entrenotasyacordes.com\/?p=15237","title":{"rendered":"MORAT ANUNCIA SU REGRESO A ARGENTINA EN EL MARCO DE SU GIRA \u201cASUNTOS PENDIENTES 2025\u201d"},"content":{"rendered":"\n<!--more-->\n\n\n\n<p class=\"has-text-align-left\">La banda colombiana m\u00e1s importante del pop en espa\u00f1ol regresa al pa\u00eds con shows imperdibles en C\u00f3rdoba, Mendoza y Rosario<\/p>\n\n\n\n<p><strong>C\u00d3RDOBA \u2013 24 DE SEPTIEMBRE &#8211; PLAZA DE LA M\u00daSICA<\/strong><\/p>\n\n\n\n<p><strong>MENDOZA \u2013 26 DE SEPTIEMBRE &#8211; ARENA ACONCAGUA<\/strong><\/p>\n\n\n\n<p class=\"has-text-align-left\"><strong>ROSARIO \u2013 28 DE SEPTIEMBRE &#8211; METROPOLITANO ROSARIO<\/strong><\/p>\n\n\n\n<p class=\"has-text-align-left\"><strong>INFORMACI\u00d3N SOBRE VENTA DE ENTRADAS EN ARGENTINA<\/strong><br>Mi\u00e9rcoles 7 de mayo a las 13:00hs comienza la preventa Galicia Visa con 6 cuotas sin inter\u00e9s.<br>Jueves 8 de mayo a las 13:00hs comienza la venta general con todos los medios de pago<\/p>\n\n\n\n<p>Disfruta de 6 cuotas sin inter\u00e9s con Galicia Visa<br>Venta de entradas: <a href=\"https:\/\/delivery.hipermailer.com.ar\/do\/trkln.php?index=1024083402AZD&amp;id=wotuseqoosepptesree&amp;url=aHR0cHM6Ly9saW5rdHIuZWUvR2lyYU1vcmF0QXJnZW50aW5h\">https:\/\/linktr.ee\/GiraMoratArgentina<\/a><\/p>\n\n\n<div class=\"wp-block-image\">\n<figure class=\"aligncenter size-full is-resized\"><img loading=\"lazy\" decoding=\"async\" width=\"1080\" height=\"1350\" src=\"https:\/\/entrenotasyacordes.com\/wp-content\/uploads\/2025\/05\/GIRA_MORAT_2025-_PREVENTA_-_GALICIA_NARANJA-01.jpg\" alt=\"\" class=\"wp-image-15238\" style=\"width:486px;height:auto\" srcset=\"https:\/\/entrenotasyacordes.com\/wp-content\/uploads\/2025\/05\/GIRA_MORAT_2025-_PREVENTA_-_GALICIA_NARANJA-01.jpg 1080w, https:\/\/entrenotasyacordes.com\/wp-content\/uploads\/2025\/05\/GIRA_MORAT_2025-_PREVENTA_-_GALICIA_NARANJA-01-240x300.jpg 240w, https:\/\/entrenotasyacordes.com\/wp-content\/uploads\/2025\/05\/GIRA_MORAT_2025-_PREVENTA_-_GALICIA_NARANJA-01-819x1024.jpg 819w, https:\/\/entrenotasyacordes.com\/wp-content\/uploads\/2025\/05\/GIRA_MORAT_2025-_PREVENTA_-_GALICIA_NARANJA-01-768x960.jpg 768w, https:\/\/entrenotasyacordes.com\/wp-content\/uploads\/2025\/05\/GIRA_MORAT_2025-_PREVENTA_-_GALICIA_NARANJA-01-1024x1280.jpg 1024w\" sizes=\"auto, (max-width: 1080px) 100vw, 1080px\" \/><\/figure>\n<\/div>\n\n\n<p class=\"has-text-align-left\">Luego de un consagrado a\u00f1o, que incluy\u00f3 una hist\u00f3rica gira de estadios y una inolvidable presentaci\u00f3n en el Festival de Vi\u00f1a del Mar, Morat vuelve a la Argentina para reencontrarse con su p\u00fablico del interior del pa\u00eds. La banda colombiana anuncia tres esperadas fechas en el marco de su nueva gira<em> \u201cAsuntos Pendientes 2025\u201d<\/em>, un tour que los llevar\u00e1 por los escenarios m\u00e1s importantes de Am\u00e9rica y Europa.<\/p>\n\n\n\n<p>Con m\u00e1s de una d\u00e9cada de trayectoria, Morat se ha consolidado como uno de los grandes referentes del pop latino a nivel global. Su combinaci\u00f3n de letras honestas, energ\u00eda en vivo y una conexi\u00f3n \u00fanica con sus fans ha convertido a cada show en una experiencia inolvidable. La banda viene de protagonizar una de las giras m\u00e1s ambiciosas del continente, con m\u00e1s de un mill\u00f3n de personas en 24 estadios, y de sumar a su carrera las Gaviotas de Plata y de Oro en Vi\u00f1a del Mar 2025.<\/p>\n\n\n\n<p>En este nuevo espect\u00e1culo musical, Morat promete repasar sus grandes \u00e9xitos como <em>\u201cC\u00f3mo Te Atreves\u201d<\/em>, <em>\u201cBesos en Guerra\u201d<\/em>, <em>\u201cNo Se Va\u201d<\/em> y <em>\u201c506\u201d<\/em>, adem\u00e1s de presentar lo nuevo de su pr\u00f3xima producci\u00f3n discogr\u00e1fica, con temas como <em>\u201cFaltas T\u00fa\u201d<\/em>, <em>\u201cLa Polic\u00eda\u201d<\/em> y <em>\u201cMe Toca A M\u00ed\u201d<\/em>, su reciente colaboraci\u00f3n con Camilo.<\/p>\n\n\n\n<p class=\"has-text-align-left\">La gira<em> \u201cAsuntos Pendientes 2025\u201d<\/em> ser\u00e1 la oportunidad perfecta para reencontrarse con una banda en su mejor momento art\u00edstico, lista para seguir escribiendo historia junto a su p\u00fablico.<\/p>\n\n\n<div class=\"wp-block-image\">\n<figure class=\"aligncenter size-full is-resized\"><img loading=\"lazy\" decoding=\"async\" width=\"1024\" height=\"682\" src=\"https:\/\/entrenotasyacordes.com\/wp-content\/uploads\/2025\/05\/Morat_prensa_3.jpg\" alt=\"\" class=\"wp-image-15239\" style=\"width:531px;height:auto\" srcset=\"https:\/\/entrenotasyacordes.com\/wp-content\/uploads\/2025\/05\/Morat_prensa_3.jpg 1024w, https:\/\/entrenotasyacordes.com\/wp-content\/uploads\/2025\/05\/Morat_prensa_3-300x200.jpg 300w, https:\/\/entrenotasyacordes.com\/wp-content\/uploads\/2025\/05\/Morat_prensa_3-768x512.jpg 768w\" sizes=\"auto, (max-width: 1024px) 100vw, 1024px\" \/><\/figure>\n<\/div>\n\n\n<p><strong>ACERCA DE MORAT<\/strong><\/p>\n\n\n\n<p>Morat es una de las bandas m\u00e1s exitosas y reconocidas del pop rock en espa\u00f1ol. Formada en Bogot\u00e1 en 2011 por Juan Pablo Isaza, Juan Pablo Villamil, Mart\u00edn Vargas y Sim\u00f3n Vargas, la banda ha conquistado al p\u00fablico con su autenticidad y talento. Con cuatro \u00e1lbumes de estudio y un EP: \u201cSobre El Amor Y Sus Efectos Secundarios\u201d (2016), \u201cBalas Perdidas\u201d (2018), \u201c\u00bfA D\u00f3nde Vamos?\u201d (2021), \u201cSi Ayer Fuera Hoy\u201d (2022), y \u201cAntes De Que Amanezca\u201d (2023), Morat ha alcanzado grandes hitos musicales. Temas como \u201cC\u00f3mo Te Atreves\u201d y \u201cNo Se Va\u201d que se han convertido en himnos generacionales.<\/p>\n\n\n\n<p>En 2024, la banda realiz\u00f3 su hist\u00f3rica gira \u201cMorat: Los Estadios. Antes De Que Amanezca\u201d, que los llev\u00f3 a 24 estadios en 14 pa\u00edses y reuni\u00f3 a m\u00e1s de un mill\u00f3n de asistentes (+1M). En febrero de 2025, debutaron en el prestigioso Festival de Vi\u00f1a del Mar, donde recibieron las Gaviotas de Plata y de Oro.<\/p>\n\n\n\n<p>Durante su trayectoria, Morat ha logrado alcanzar 20 billones de streams convirti\u00e9ndose en la primera banda de pop en espa\u00f1ol en Spotify Global. Con 2 Discos de Diamante y 55 Discos de Platino, la banda ha demostrado su \u00e9xito no solo en el escenario, sino tambi\u00e9n en el \u00e1mbito digital. Ha colaborado con artistas de renombre como Duki, Feid, Juanes, Aitana, Sebasti\u00e1n Yatra y Camilo, entre otros.<\/p>\n\n\n\n<p>Actualmente, Morat trabaja en su quinta producci\u00f3n discogr\u00e1fica, en la que sigue apostando por la evoluci\u00f3n sin perder su sello distintivo. Temas recientes como \u201cFaltas T\u00fa\u201d, \u201cPor Si No Te Vuelvo A Ver\u201d, \u201cLa Polic\u00eda\u201d y \u201cMe Toca A M\u00ed\u201d con Camilo ofrecen un vistazo de lo que ser\u00e1 una nueva era en la historia de la banda.<\/p>\n\n\n<div class=\"wp-block-image\">\n<figure class=\"aligncenter size-full is-resized\"><img loading=\"lazy\" decoding=\"async\" width=\"1024\" height=\"682\" src=\"https:\/\/entrenotasyacordes.com\/wp-content\/uploads\/2025\/05\/Morat_prensa_1.jpg\" alt=\"\" class=\"wp-image-15240\" style=\"width:531px;height:auto\" srcset=\"https:\/\/entrenotasyacordes.com\/wp-content\/uploads\/2025\/05\/Morat_prensa_1.jpg 1024w, https:\/\/entrenotasyacordes.com\/wp-content\/uploads\/2025\/05\/Morat_prensa_1-300x200.jpg 300w, https:\/\/entrenotasyacordes.com\/wp-content\/uploads\/2025\/05\/Morat_prensa_1-768x512.jpg 768w\" sizes=\"auto, (max-width: 1024px) 100vw, 1024px\" \/><\/figure>\n<\/div>","protected":false},"excerpt":{"rendered":"","protected":false},"author":5,"featured_media":15238,"comment_status":"open","ping_status":"open","sticky":false,"template":"","format":"standard","meta":{"om_disable_all_campaigns":false,"_uf_show_specific_survey":0,"_uf_disable_surveys":false,"footnotes":""},"categories":[36],"tags":[],"class_list":["post-15237","post","type-post","status-publish","format-standard","has-post-thumbnail","hentry","category-conciertos"],"_links":{"self":[{"href":"https:\/\/entrenotasyacordes.com\/index.php?rest_route=\/wp\/v2\/posts\/15237","targetHints":{"allow":["GET"]}}],"collection":[{"href":"https:\/\/entrenotasyacordes.com\/index.php?rest_route=\/wp\/v2\/posts"}],"about":[{"href":"https:\/\/entrenotasyacordes.com\/index.php?rest_route=\/wp\/v2\/types\/post"}],"author":[{"embeddable":true,"href":"https:\/\/entrenotasyacordes.com\/index.php?rest_route=\/wp\/v2\/users\/5"}],"replies":[{"embeddable":true,"href":"https:\/\/entrenotasyacordes.com\/index.php?rest_route=%2Fwp%2Fv2%2Fcomments&post=15237"}],"version-history":[{"count":1,"href":"https:\/\/entrenotasyacordes.com\/index.php?rest_route=\/wp\/v2\/posts\/15237\/revisions"}],"predecessor-version":[{"id":15241,"href":"https:\/\/entrenotasyacordes.com\/index.php?rest_route=\/wp\/v2\/posts\/15237\/revisions\/15241"}],"wp:featuredmedia":[{"embeddable":true,"href":"https:\/\/entrenotasyacordes.com\/index.php?rest_route=\/wp\/v2\/media\/15238"}],"wp:attachment":[{"href":"https:\/\/entrenotasyacordes.com\/index.php?rest_route=%2Fwp%2Fv2%2Fmedia&parent=15237"}],"wp:term":[{"taxonomy":"category","embeddable":true,"href":"https:\/\/entrenotasyacordes.com\/index.php?rest_route=%2Fwp%2Fv2%2Fcategories&post=15237"},{"taxonomy":"post_tag","embeddable":true,"href":"https:\/\/entrenotasyacordes.com\/index.php?rest_route=%2Fwp%2Fv2%2Ftags&post=15237"}],"curies":[{"name":"wp","href":"https:\/\/api.w.org\/{rel}","templated":true}]}}