{"id":15242,"date":"2025-05-09T00:33:18","date_gmt":"2025-05-09T00:33:18","guid":{"rendered":"https:\/\/entrenotasyacordes.com\/?p=15242"},"modified":"2025-05-09T00:33:34","modified_gmt":"2025-05-09T00:33:34","slug":"miranda-y-tini-presentan-me-gusta-su-esperada-colaboracion","status":"publish","type":"post","link":"https:\/\/entrenotasyacordes.com\/?p=15242","title":{"rendered":"MIRANDA! Y TINI\u00a0PRESENTAN\u00a0\u201cME GUSTA\u201d SU ESPERADA COLABORACI\u00d3N"},"content":{"rendered":"\n<!--more-->\n\n\n<div class=\"wp-block-image\">\n<figure class=\"aligncenter size-full is-resized\"><img loading=\"lazy\" decoding=\"async\" width=\"547\" height=\"542\" src=\"https:\/\/entrenotasyacordes.com\/wp-content\/uploads\/2025\/05\/69f25190-32be-4928-9cb2-233200f43a04.jpeg\" alt=\"\" class=\"wp-image-15243\" style=\"width:654px;height:auto\" srcset=\"https:\/\/entrenotasyacordes.com\/wp-content\/uploads\/2025\/05\/69f25190-32be-4928-9cb2-233200f43a04.jpeg 547w, https:\/\/entrenotasyacordes.com\/wp-content\/uploads\/2025\/05\/69f25190-32be-4928-9cb2-233200f43a04-300x297.jpeg 300w, https:\/\/entrenotasyacordes.com\/wp-content\/uploads\/2025\/05\/69f25190-32be-4928-9cb2-233200f43a04-150x150.jpeg 150w, https:\/\/entrenotasyacordes.com\/wp-content\/uploads\/2025\/05\/69f25190-32be-4928-9cb2-233200f43a04-50x50.jpeg 50w\" sizes=\"auto, (max-width: 547px) 100vw, 547px\" \/><\/figure>\n<\/div>\n\n\n<p>El ic\u00f3nico d\u00fao del pop lanza el \u00faltimo y explosivo adelanto de su pr\u00f3ximo \u00e1lbum&nbsp;<strong>\u201cNuevo Hotel Miranda!\u201d<\/strong>, esta vez junto a una de las artistas m\u00e1s destacadas del pop actual:&nbsp;<strong>TINI<\/strong>. La esperada colaboraci\u00f3n ya est\u00e1 disponible en todas las plataformas digitales y marca un nuevo hito en la carrera del grupo.<\/p>\n\n\n\n<p>Con una energ\u00eda renovada y la combinaci\u00f3n perfecta entre el estilo \u00fanico de&nbsp;<strong>Miranda!<\/strong>&nbsp;y el magnetismo de&nbsp;<strong>TINI<\/strong>, este single producido por&nbsp;<strong>Big One<\/strong>&nbsp;promete ser un \u00e9xito inmediato, encendiendo la expectativa de fans de ambas partes que ven\u00edan reclamando este encuentro art\u00edstico hace tiempo.<\/p>\n\n\n\n<p>Despu\u00e9s de reinventar su historia con el exitoso&nbsp;<strong>Hotel Miranda!<\/strong>, el d\u00fao pop m\u00e1s emblem\u00e1tico de la escena argentina vuelve a sorprender con<strong>&nbsp;Nuevo Hotel Miranda!<\/strong>, un \u00e1lbum de canciones in\u00e9ditas que mantiene el esp\u00edritu teatral, pop y festivo de su antecesor, pero con material completamente nuevo y un enfoque art\u00edstico a\u00fan m\u00e1s ambicioso junto a grandes colaboraciones en una fusi\u00f3n \u00fanica de estilos y generaciones que expande el universo&nbsp;<strong>Miranda!&nbsp;<\/strong>sin perder su esencia.<\/p>\n\n\n\n<p>El \u00e1lbum completo&nbsp;<strong>Nuevo Hotel Miranda!&nbsp;<\/strong>estar\u00e1 disponible este jueves 8 de mayo a las 21 hs ARG y ya se puede<strong><a href=\"https:\/\/click.emails.sonymusicfans.com\/?qs=98f4877fea8fd11224638b84f35d4579485f2245045ecb82e0a79665339cb726d82e67c6dcf1a1a38c477a52a331a90948ad8660e19e5fb2\">&nbsp;pre-guardar en Spotify<\/a><\/strong><strong>.&nbsp;<\/strong>Ese d\u00eda dar\u00e1n a conocer la obra completa, el&nbsp;nuevo trabajo que llega como sucesor del exitoso&nbsp;<strong>Hotel Miranda!<\/strong>, el cual les vali\u00f3 el prestigioso Premio Gardel de Oro,&nbsp;se completa con 4 canciones m\u00e1s con artistas de renombre como&nbsp;<strong>Fito Paez, Vicentico, Leo Rizzi y Young Cister.<\/strong><\/p>\n\n\n\n<p>El tema viene acompa\u00f1ado por un videoclip cinematogr\u00e1fico en el que los protagonistas se convierten en rehenes de alien\u00edgenas que han tomado el control del ya m\u00edtico hotel. En esta nueva entrega, el universo visual de&nbsp;<strong>Nuevo Hotel Miranda!&nbsp;<\/strong>da un giro est\u00e9tico total, sumergi\u00e9ndose en un escenario futurista y dist\u00f3pico. Tras ser forzados a correr en una plataforma giratoria, el cl\u00edmax llega con la explosi\u00f3n del hotel, cuyas ruinas marcan el cierre simb\u00f3lico de esta etapa.<\/p>\n\n\n\n<p><strong>Miranda!\u00a0<\/strong>se prepara para presentarlo en vivo el pr\u00f3ximo 22 de noviembre, en un show imperdible en el Estadio Ferro, donde como siempre se vivir\u00e1 una fiesta al mejor estilo\u00a0<strong>Miranda!<\/strong><\/p>\n\n\n\n<p><\/p>\n","protected":false},"excerpt":{"rendered":"","protected":false},"author":5,"featured_media":15243,"comment_status":"open","ping_status":"open","sticky":false,"template":"","format":"standard","meta":{"om_disable_all_campaigns":false,"_uf_show_specific_survey":0,"_uf_disable_surveys":false,"footnotes":""},"categories":[4],"tags":[],"class_list":["post-15242","post","type-post","status-publish","format-standard","has-post-thumbnail","hentry","category-musica"],"_links":{"self":[{"href":"https:\/\/entrenotasyacordes.com\/index.php?rest_route=\/wp\/v2\/posts\/15242","targetHints":{"allow":["GET"]}}],"collection":[{"href":"https:\/\/entrenotasyacordes.com\/index.php?rest_route=\/wp\/v2\/posts"}],"about":[{"href":"https:\/\/entrenotasyacordes.com\/index.php?rest_route=\/wp\/v2\/types\/post"}],"author":[{"embeddable":true,"href":"https:\/\/entrenotasyacordes.com\/index.php?rest_route=\/wp\/v2\/users\/5"}],"replies":[{"embeddable":true,"href":"https:\/\/entrenotasyacordes.com\/index.php?rest_route=%2Fwp%2Fv2%2Fcomments&post=15242"}],"version-history":[{"count":2,"href":"https:\/\/entrenotasyacordes.com\/index.php?rest_route=\/wp\/v2\/posts\/15242\/revisions"}],"predecessor-version":[{"id":15245,"href":"https:\/\/entrenotasyacordes.com\/index.php?rest_route=\/wp\/v2\/posts\/15242\/revisions\/15245"}],"wp:featuredmedia":[{"embeddable":true,"href":"https:\/\/entrenotasyacordes.com\/index.php?rest_route=\/wp\/v2\/media\/15243"}],"wp:attachment":[{"href":"https:\/\/entrenotasyacordes.com\/index.php?rest_route=%2Fwp%2Fv2%2Fmedia&parent=15242"}],"wp:term":[{"taxonomy":"category","embeddable":true,"href":"https:\/\/entrenotasyacordes.com\/index.php?rest_route=%2Fwp%2Fv2%2Fcategories&post=15242"},{"taxonomy":"post_tag","embeddable":true,"href":"https:\/\/entrenotasyacordes.com\/index.php?rest_route=%2Fwp%2Fv2%2Ftags&post=15242"}],"curies":[{"name":"wp","href":"https:\/\/api.w.org\/{rel}","templated":true}]}}