{"id":15246,"date":"2025-05-09T00:40:14","date_gmt":"2025-05-09T00:40:14","guid":{"rendered":"https:\/\/entrenotasyacordes.com\/?p=15246"},"modified":"2025-05-09T00:40:15","modified_gmt":"2025-05-09T00:40:15","slug":"pedro-capo-en-la-tapa-de-billboard-argentina","status":"publish","type":"post","link":"https:\/\/entrenotasyacordes.com\/?p=15246","title":{"rendered":"PEDRO CAP\u00d3 EN LA TAPA DE BILLBOARD ARGENTINA"},"content":{"rendered":"\n<!--more-->\n\n\n<div class=\"wp-block-image\">\n<figure class=\"aligncenter size-full\"><img loading=\"lazy\" decoding=\"async\" width=\"600\" height=\"790\" src=\"https:\/\/entrenotasyacordes.com\/wp-content\/uploads\/2025\/05\/Pv_qcCZpniRA.jpg\" alt=\"\" class=\"wp-image-15247\" srcset=\"https:\/\/entrenotasyacordes.com\/wp-content\/uploads\/2025\/05\/Pv_qcCZpniRA.jpg 600w, https:\/\/entrenotasyacordes.com\/wp-content\/uploads\/2025\/05\/Pv_qcCZpniRA-228x300.jpg 228w\" sizes=\"auto, (max-width: 600px) 100vw, 600px\" \/><\/figure>\n<\/div>\n\n\n<p class=\"has-text-align-left\"><em><strong>Antes de subirse a La Carretera para comenzar su tour en Argentina, Pedro Cap\u00f3 protagoniza la portada del mes de mayo en Billboard.\u00a0<\/strong><\/em><\/p>\n\n\n\n<p>Durante su reciente visita a Buenos Aires,&nbsp;<strong>Pedro Cap\u00f3&nbsp;<\/strong>se anim\u00f3 a recorrer la ciudad junto a&nbsp;<strong>Billboard&nbsp;<\/strong>y disfrutar de los detalles de&nbsp;<em>La Carretera<\/em>, el \u00e1lbum que edit\u00f3 en este 2025.&nbsp;<em>&nbsp;\u201cCreo que esta es una buena oportunidad de entrar de manera minuciosa al disco y compartir la experiencia de donde viene\u201d<\/em>, opina Cap\u00f3 antes de subirse a un mustang negro y comenzar con esta experiencia.<\/p>\n\n\n\n<p><em>\u201cLa Carretera es una analog\u00eda de la vida misma. Un punto de comienzo y un destino final, pero lo que pasa en el medio es lo interesante: los obst\u00e1culos, el perderte, los giros inesperados y el aprendizaje que viene con todo eso. Vengo de un divorcio y mi hijo mayor se va de la casa, ya vol\u00f3 del nido. Entonces, trabajando con todas estas nuevas emociones en esta etapa de mi vida, auto observ\u00e1ndome y utilizando mi expresi\u00f3n como catarsis. Creo que este ha sido el proceso m\u00e1s vulnerable en la composici\u00f3n de un disco como concepto. Y estoy muy, muy contento con el resultado\u201d.<\/em><\/p>\n\n\n<div class=\"wp-block-image\">\n<figure class=\"aligncenter size-full\"><img loading=\"lazy\" decoding=\"async\" width=\"600\" height=\"900\" src=\"https:\/\/entrenotasyacordes.com\/wp-content\/uploads\/2025\/05\/KYHfu_eTu5q5.jpg\" alt=\"\" class=\"wp-image-15248\" srcset=\"https:\/\/entrenotasyacordes.com\/wp-content\/uploads\/2025\/05\/KYHfu_eTu5q5.jpg 600w, https:\/\/entrenotasyacordes.com\/wp-content\/uploads\/2025\/05\/KYHfu_eTu5q5-200x300.jpg 200w\" sizes=\"auto, (max-width: 600px) 100vw, 600px\" \/><\/figure>\n<\/div>\n\n\n<p>El pr\u00f3ximo mes de septiembre, Pedro Cap\u00f3 inicia su tour en Argentina en el cual presentar\u00e1 oficialmente las canciones de su reciente \u00e1lbum, adem\u00e1s de todas aquellas canciones con las que ha conquistado al p\u00fablico local. Las entradas para #LaCarreteraTour ya se encuentran a la venta\u00a0<a href=\"https:\/\/aafop.r.sp1-brevo.net\/mk\/cl\/f\/sh\/6rqJfgq8dIPRQm7UlO3tXz7Yk45\/FWD8yFEDuubl\" target=\"_blank\" rel=\"noreferrer noopener\">ac\u00e1<\/a><\/p>\n\n\n\n<p><em><u>LA CARRETERA LATAM TOUR 2025<\/u><\/em><\/p>\n\n\n\n<p><strong>28 AGO<\/strong>\u00a0|\u00a0Teatro San Gabriel |\u00a0<strong>Quito<\/strong><br><strong>5 SEP<\/strong>\u00a0| Teatro Mercedes Sosa |\u00a0<strong>Tucuman<\/strong>\u00a0<br><strong>6 SEP<\/strong>\u00a0| Quality Espacio |\u00a0<strong>C\u00f3rdoba<\/strong><br><strong>7 SEP<\/strong>\u00a0| HUB |\u00a0<strong>Santa Fe<\/strong><br><strong>10 SEP<\/strong>\u00a0| Teatro Sarmiento |\u00a0<strong>San Juan<\/strong><br><strong>11 SEP<\/strong>\u00a0|\u00a0 Teatro Mendoza |\u00a0<strong>Mendoza<\/strong><br><strong>13 SEP<\/strong>\u00a0| Teatro Gran Rex |\u00a0<strong>Buenos Aires<\/strong><br><strong>14 SEP<\/strong>\u00a0| Bioceres Arena |\u00a0<strong>Rosario<\/strong><br><strong>18 SEP<\/strong>\u00a0| MMBOX |\u00a0<strong>Montevideo<\/strong><\/p>\n\n\n\n<p>En su \u00faltima visita a la regi\u00f3n en 2024, Pedro Cap\u00f3 se present\u00f3 con shows agotados en el Teatro \u00d3pera de Buenos Aires, C\u00f3rdoba y Rosario, adem\u00e1s de su visita a Buenos Aires en 2023, con 2 shows completamente agotados en La Trastienda.<\/p>\n\n\n\n<p>Tras dos a\u00f1os desde su \u00faltima producci\u00f3n oficial,&nbsp;<strong>Pedro Cap\u00f3<\/strong>&nbsp;volvi\u00f3 a la escena musical con su nuevo \u00e1lbum de estudio,&nbsp;<strong>La Carretera<\/strong>, un proyecto que el artista define como el m\u00e1s significativo de su carrera. El \u00e1lbum refleja una versi\u00f3n honesta y personal de su arte consolidando su lugar como una de las voces m\u00e1s relevantes de la m\u00fasica latina actual.<\/p>\n\n\n\n<p>El \u00e1lbum incluye 14 temas, tres de los cuales ya han sido presentados al p\u00fablico: Sabe Bien, Esto Se Jodi\u00f3 y Existo, una exitosa colaboraci\u00f3n con el artista mexicano Car\u00edn Le\u00f3n. Una de las nuevas colaboraciones ya se perfila como una de las favoritas y es el tema Aprender a Vivir con Jorge Drexler &amp; Chambao.<\/p>\n\n\n\n<p>edro Cap\u00f3 es un \u00edcono en la m\u00fasica hispanohablante a nivel global. Con m\u00e1s de diez millones de seguidores en todas sus plataformas digitales y m\u00e1s de nueve millones de oyentes mensuales, el creador de hits como&nbsp;<a href=\"https:\/\/aafop.r.sp1-brevo.net\/mk\/cl\/f\/sh\/6rqJfgq8dISlVghnk0szPBNQ0g9\/k2Izmd5jhH6B\"><u>La Fiesta<\/u><\/a>&nbsp;y&nbsp;<a href=\"https:\/\/aafop.r.sp1-brevo.net\/mk\/cl\/f\/sh\/6rqJfgq8dIUQY8zxEKIXKmVLdzB\/-0MPU-7rUqlT\"><u>Calma<\/u><\/a>, entre otros, presentar\u00e1 en vivo su nuevo \u00e1lbum y&nbsp; har\u00e1 un repaso por todas sus canciones.<\/p>\n\n\n\n<p>Pedro Cap\u00f3 ha sido nominado recientemente en los Premio Lo Nuestro en la categor\u00eda&nbsp;<strong>Artista Pop Masculino Del A\u00f1o, adem\u00e1s de recibir en 2024 la nominaci\u00f3n&nbsp;<\/strong>en los premios&nbsp;<strong>Grammy 2024&nbsp;<\/strong>en la categor\u00eda de&nbsp;<em>\u201cMejor \u00c1lbum de Pop Latino\u201d&nbsp;<\/em>con su obra maestra, \u201cLa Neta\u201d. Este \u00e1lbum, lanzado en 2022, ha resonado globalmente con m\u00e1s de 58 millones de reproducciones, consolid\u00e1ndose como un hito en la carrera del artista.&nbsp;<\/p>\n\n\n\n<p><\/p>\n","protected":false},"excerpt":{"rendered":"","protected":false},"author":5,"featured_media":15247,"comment_status":"open","ping_status":"open","sticky":false,"template":"","format":"standard","meta":{"om_disable_all_campaigns":false,"_uf_show_specific_survey":0,"_uf_disable_surveys":false,"footnotes":""},"categories":[34],"tags":[],"class_list":["post-15246","post","type-post","status-publish","format-standard","has-post-thumbnail","hentry","category-ultimas-noticias"],"_links":{"self":[{"href":"https:\/\/entrenotasyacordes.com\/index.php?rest_route=\/wp\/v2\/posts\/15246","targetHints":{"allow":["GET"]}}],"collection":[{"href":"https:\/\/entrenotasyacordes.com\/index.php?rest_route=\/wp\/v2\/posts"}],"about":[{"href":"https:\/\/entrenotasyacordes.com\/index.php?rest_route=\/wp\/v2\/types\/post"}],"author":[{"embeddable":true,"href":"https:\/\/entrenotasyacordes.com\/index.php?rest_route=\/wp\/v2\/users\/5"}],"replies":[{"embeddable":true,"href":"https:\/\/entrenotasyacordes.com\/index.php?rest_route=%2Fwp%2Fv2%2Fcomments&post=15246"}],"version-history":[{"count":1,"href":"https:\/\/entrenotasyacordes.com\/index.php?rest_route=\/wp\/v2\/posts\/15246\/revisions"}],"predecessor-version":[{"id":15249,"href":"https:\/\/entrenotasyacordes.com\/index.php?rest_route=\/wp\/v2\/posts\/15246\/revisions\/15249"}],"wp:featuredmedia":[{"embeddable":true,"href":"https:\/\/entrenotasyacordes.com\/index.php?rest_route=\/wp\/v2\/media\/15247"}],"wp:attachment":[{"href":"https:\/\/entrenotasyacordes.com\/index.php?rest_route=%2Fwp%2Fv2%2Fmedia&parent=15246"}],"wp:term":[{"taxonomy":"category","embeddable":true,"href":"https:\/\/entrenotasyacordes.com\/index.php?rest_route=%2Fwp%2Fv2%2Fcategories&post=15246"},{"taxonomy":"post_tag","embeddable":true,"href":"https:\/\/entrenotasyacordes.com\/index.php?rest_route=%2Fwp%2Fv2%2Ftags&post=15246"}],"curies":[{"name":"wp","href":"https:\/\/api.w.org\/{rel}","templated":true}]}}