{"id":15255,"date":"2025-05-09T00:48:13","date_gmt":"2025-05-09T00:48:13","guid":{"rendered":"https:\/\/entrenotasyacordes.com\/?p=15255"},"modified":"2025-05-09T00:48:14","modified_gmt":"2025-05-09T00:48:14","slug":"estelares-anuncia-un-nuevo-show-en-la-plata-2","status":"publish","type":"post","link":"https:\/\/entrenotasyacordes.com\/?p=15255","title":{"rendered":"Estelares anuncia un nuevo show en La Plata"},"content":{"rendered":"\n<!--more-->\n\n\n\n<p class=\"has-text-align-center\"><strong>Estelares regresa al Teatro Argentino<\/strong><\/p>\n\n\n<div class=\"wp-block-image\">\n<figure class=\"aligncenter size-full is-resized\"><img loading=\"lazy\" decoding=\"async\" width=\"1080\" height=\"1080\" src=\"https:\/\/entrenotasyacordes.com\/wp-content\/uploads\/2025\/05\/1746043302440-1080x1080-copy-1.jpg\" alt=\"\" class=\"wp-image-15256\" style=\"width:486px;height:auto\" srcset=\"https:\/\/entrenotasyacordes.com\/wp-content\/uploads\/2025\/05\/1746043302440-1080x1080-copy-1.jpg 1080w, https:\/\/entrenotasyacordes.com\/wp-content\/uploads\/2025\/05\/1746043302440-1080x1080-copy-1-300x300.jpg 300w, https:\/\/entrenotasyacordes.com\/wp-content\/uploads\/2025\/05\/1746043302440-1080x1080-copy-1-1024x1024.jpg 1024w, https:\/\/entrenotasyacordes.com\/wp-content\/uploads\/2025\/05\/1746043302440-1080x1080-copy-1-150x150.jpg 150w, https:\/\/entrenotasyacordes.com\/wp-content\/uploads\/2025\/05\/1746043302440-1080x1080-copy-1-768x768.jpg 768w, https:\/\/entrenotasyacordes.com\/wp-content\/uploads\/2025\/05\/1746043302440-1080x1080-copy-1-50x50.jpg 50w\" sizes=\"auto, (max-width: 1080px) 100vw, 1080px\" \/><\/figure>\n<\/div>\n\n\n<p class=\"has-text-align-left\">Luego de su presentaci\u00f3n en el Teatro \u00d3pera La Plata, con localidades agotadas,&nbsp;<strong>Estelares<\/strong>&nbsp;anuncia un nuevo show en su ciudad.<\/p>\n\n\n\n<p>La&nbsp;<strong>Sala Ginastera&nbsp;<\/strong>del&nbsp;<strong>Teatro Argentino&nbsp;<\/strong>nuevamente recibir\u00e1 a la bamda liderada por Manuel Moretti para desplegar toda su usina de canciones.<\/p>\n\n\n\n<p>La cita ser\u00e1<strong>\u00a0viernes 31 de octubre<\/strong>\u00a021hs.<br><strong>Entradas a la venta por sistema\u00a0<a href=\"https:\/\/livepass.com.ar\/events\/estelares-en-la-sala-ginastera-teatro-argentino-la-plata?utm_source=perfit&amp;utm_medium=email\" target=\"_blank\" rel=\"noreferrer noopener\">Livepass<\/a><\/strong><\/p>\n\n\n\n<p>Comprando tus entradas Con tarjetas Visa y MasterCard del Banco Provincia ten\u00e9s 4 cuotas sin inter\u00e9s.<\/p>\n\n\n<div class=\"wp-block-image\">\n<figure class=\"aligncenter size-full is-resized\"><img loading=\"lazy\" decoding=\"async\" width=\"2560\" height=\"1707\" src=\"https:\/\/entrenotasyacordes.com\/wp-content\/uploads\/2025\/05\/1746043662109-Estelares-2025-85-scaled.jpg\" alt=\"\" class=\"wp-image-15257\" style=\"width:531px;height:auto\" srcset=\"https:\/\/entrenotasyacordes.com\/wp-content\/uploads\/2025\/05\/1746043662109-Estelares-2025-85-scaled.jpg 2560w, https:\/\/entrenotasyacordes.com\/wp-content\/uploads\/2025\/05\/1746043662109-Estelares-2025-85-300x200.jpg 300w, https:\/\/entrenotasyacordes.com\/wp-content\/uploads\/2025\/05\/1746043662109-Estelares-2025-85-1024x683.jpg 1024w, https:\/\/entrenotasyacordes.com\/wp-content\/uploads\/2025\/05\/1746043662109-Estelares-2025-85-768x512.jpg 768w, https:\/\/entrenotasyacordes.com\/wp-content\/uploads\/2025\/05\/1746043662109-Estelares-2025-85-1536x1024.jpg 1536w, https:\/\/entrenotasyacordes.com\/wp-content\/uploads\/2025\/05\/1746043662109-Estelares-2025-85-2048x1365.jpg 2048w\" sizes=\"auto, (max-width: 2560px) 100vw, 2560px\" \/><\/figure>\n<\/div>\n\n\n<p>D\u00edas atr\u00e1s, la banda, lanz\u00f3 el tercer adelanto de lo que ser\u00e1 su nuevo disco, \u201cuna canci\u00f3n hecha para bailar, liviana y festiva\u201d fueron algunas de las palabras elegidas por Moretti para describir el tema.<br>Como sugiere el nombre \u201cEmperifollada\u201d, es momento de ponernos coquetos para recibir y festejar \u00e9ste nuevo adelanto. \u201cEn tiempos dif\u00edciles, a veces, es bueno estar en peque\u00f1as celebraciones. Tenemos una melod\u00eda y un ritmo al cual aferrarnos, pues all\u00ed estamos con nuestros cuerpos bailando nuestro ritual protector\u201d. Agreg\u00f3 el cantante.\u00a0<\/p>\n","protected":false},"excerpt":{"rendered":"","protected":false},"author":5,"featured_media":15256,"comment_status":"open","ping_status":"open","sticky":false,"template":"","format":"standard","meta":{"om_disable_all_campaigns":false,"_uf_show_specific_survey":0,"_uf_disable_surveys":false,"footnotes":""},"categories":[36],"tags":[],"class_list":["post-15255","post","type-post","status-publish","format-standard","has-post-thumbnail","hentry","category-conciertos"],"_links":{"self":[{"href":"https:\/\/entrenotasyacordes.com\/index.php?rest_route=\/wp\/v2\/posts\/15255","targetHints":{"allow":["GET"]}}],"collection":[{"href":"https:\/\/entrenotasyacordes.com\/index.php?rest_route=\/wp\/v2\/posts"}],"about":[{"href":"https:\/\/entrenotasyacordes.com\/index.php?rest_route=\/wp\/v2\/types\/post"}],"author":[{"embeddable":true,"href":"https:\/\/entrenotasyacordes.com\/index.php?rest_route=\/wp\/v2\/users\/5"}],"replies":[{"embeddable":true,"href":"https:\/\/entrenotasyacordes.com\/index.php?rest_route=%2Fwp%2Fv2%2Fcomments&post=15255"}],"version-history":[{"count":1,"href":"https:\/\/entrenotasyacordes.com\/index.php?rest_route=\/wp\/v2\/posts\/15255\/revisions"}],"predecessor-version":[{"id":15258,"href":"https:\/\/entrenotasyacordes.com\/index.php?rest_route=\/wp\/v2\/posts\/15255\/revisions\/15258"}],"wp:featuredmedia":[{"embeddable":true,"href":"https:\/\/entrenotasyacordes.com\/index.php?rest_route=\/wp\/v2\/media\/15256"}],"wp:attachment":[{"href":"https:\/\/entrenotasyacordes.com\/index.php?rest_route=%2Fwp%2Fv2%2Fmedia&parent=15255"}],"wp:term":[{"taxonomy":"category","embeddable":true,"href":"https:\/\/entrenotasyacordes.com\/index.php?rest_route=%2Fwp%2Fv2%2Fcategories&post=15255"},{"taxonomy":"post_tag","embeddable":true,"href":"https:\/\/entrenotasyacordes.com\/index.php?rest_route=%2Fwp%2Fv2%2Ftags&post=15255"}],"curies":[{"name":"wp","href":"https:\/\/api.w.org\/{rel}","templated":true}]}}