{"id":15259,"date":"2025-05-09T00:52:19","date_gmt":"2025-05-09T00:52:19","guid":{"rendered":"https:\/\/entrenotasyacordes.com\/?p=15259"},"modified":"2025-05-09T00:52:20","modified_gmt":"2025-05-09T00:52:20","slug":"ysy-a-anuncia-su-primer-show-en-el-movistar-arena-%c2%a8trampa-al-tiempo-tour%c2%a8","status":"publish","type":"post","link":"https:\/\/entrenotasyacordes.com\/?p=15259","title":{"rendered":"YSY A ANUNCIA SU PRIMER SHOW EN EL MOVISTAR ARENA \u00a8TRAMPA AL TIEMPO TOUR\u00a8"},"content":{"rendered":"\n<!--more-->\n\n\n\n<p class=\"has-text-align-center\"><strong>ANUNCIA SU PRIMER SHOW EN EL MOVISTAR ARENA TRAS EL \u00c9XITO DE SU GIRA INTERNACIONAL Y NACIONAL \u201cTRAMPA AL TIEMPO TOUR\u201d<\/strong><\/p>\n\n\n\n<p>YSY A se presenta por primera vez en el Movistar Arena el 29 de junio, coronando su gira \u201cTrampa al Tiempo Tour\u201d, que lo llev\u00f3 por Europa, Latinoam\u00e9rica y el interior del pa\u00eds. En cada show, sorprende con un segmento especial que fusiona trap y tango, en una celebraci\u00f3n de las ra\u00edces culturales argentinas desde una mirada moderna.<\/p>\n\n\n<div class=\"wp-block-image\">\n<figure class=\"aligncenter size-full is-resized\"><img loading=\"lazy\" decoding=\"async\" width=\"1096\" height=\"1366\" src=\"https:\/\/entrenotasyacordes.com\/wp-content\/uploads\/2025\/05\/1746533791345-Captura-de-pantalla-2025-05-06-a-las-9.16.22\u202fa.-m.png\" alt=\"\" class=\"wp-image-15260\" style=\"width:486px;height:auto\" srcset=\"https:\/\/entrenotasyacordes.com\/wp-content\/uploads\/2025\/05\/1746533791345-Captura-de-pantalla-2025-05-06-a-las-9.16.22\u202fa.-m.png 1096w, https:\/\/entrenotasyacordes.com\/wp-content\/uploads\/2025\/05\/1746533791345-Captura-de-pantalla-2025-05-06-a-las-9.16.22\u202fa.-m-241x300.png 241w, https:\/\/entrenotasyacordes.com\/wp-content\/uploads\/2025\/05\/1746533791345-Captura-de-pantalla-2025-05-06-a-las-9.16.22\u202fa.-m-822x1024.png 822w, https:\/\/entrenotasyacordes.com\/wp-content\/uploads\/2025\/05\/1746533791345-Captura-de-pantalla-2025-05-06-a-las-9.16.22\u202fa.-m-768x957.png 768w, https:\/\/entrenotasyacordes.com\/wp-content\/uploads\/2025\/05\/1746533791345-Captura-de-pantalla-2025-05-06-a-las-9.16.22\u202fa.-m-1024x1276.png 1024w\" sizes=\"auto, (max-width: 1096px) 100vw, 1096px\" \/><\/figure>\n<\/div>\n\n\n<p class=\"has-text-align-left\"><strong>Entradas a la venta desde el\u00a0 viernes 9 de Mayo a las 16\u00a0 h. en<\/strong> <strong><a href=\"https:\/\/mariapeluffo.tr.pemsv11.net\/c\/eyJhIjoibWFyaWFwZWx1ZmZvIiwibSI6Im1haWxfY21hZWZ0N2tjaDAxZTA4MDV2MWpkZ3lkdyIsImwiOiJsaW5rXzcxZGZlNmIzMjJiYmJhOWE5YTlmODk3MmM5N2NlZGRhZGEyNmFmM2FfZDA0M2Y1IiwiaSI6W10sInUiOiJodHRwczovL3d3dy5tb3Zpc3RhcmFyZW5hLmNvbS5hci8_dXRtX3NvdXJjZT1wZXJmaXQmdXRtX21lZGl1bT1lbWFpbCZ1dG1fY2FtcGFpZ249Q29waWElMjBkZSUyMFlTWSUyMEElMjAtJTIwTU9WSVNUQVIiLCJjIjoiIiwiaCI6ImZmYzkzYSJ9\" target=\"_blank\" rel=\"noreferrer noopener\">www.movitararena.com.ar<\/a><\/strong><\/p>\n\n\n\n<figure class=\"wp-block-embed is-type-video is-provider-youtube wp-block-embed-youtube wp-embed-aspect-4-3 wp-has-aspect-ratio\"><div class=\"wp-block-embed__wrapper\">\n<div class=\"epyt-video-wrapper\"><iframe loading=\"lazy\"  id=\"_ytid_10661\"  width=\"640\" height=\"360\"  data-origwidth=\"640\" data-origheight=\"360\" src=\"https:\/\/www.youtube.com\/embed\/zPYFrJ7nZjs?enablejsapi=1&#038;autoplay=0&#038;cc_load_policy=0&#038;cc_lang_pref=&#038;iv_load_policy=1&#038;loop=0&#038;rel=1&#038;fs=1&#038;playsinline=0&#038;autohide=2&#038;theme=dark&#038;color=white&#038;controls=1&#038;\" class=\"__youtube_prefs__  epyt-is-override  no-lazyload\" data-vol=\"50\"  title=\"YouTube player\"  allow=\"fullscreen; accelerometer; autoplay; clipboard-write; encrypted-media; gyroscope; picture-in-picture; web-share\" referrerpolicy=\"strict-origin-when-cross-origin\" allowfullscreen data-no-lazy=\"1\" data-skipgform_ajax_framebjll=\"\"><\/iframe><\/div>\n<\/div><\/figure>\n\n\n\n<p>Tras romperla en Europa con una gira que lo llev\u00f3 a presentarse en ciudades como Madrid, Barcelona, Par\u00eds y Z\u00farich, y luego de pasar por M\u00e9xico, Per\u00fa y varias ciudades del interior de Argentina como Rosario, Mendoza y Mar del Plata, YSY A vuelve a pisar fuerte en Buenos Aires con un anuncio hist\u00f3rico: el pr\u00f3ximo 29 de junio se presentar\u00e1 por primera vez en el Movistar Arena.<\/p>\n\n\n\n<p>La gira \u201cTrampa al Tiempo Tour\u201d fue un hito en su carrera. No solo reafirm\u00f3 su proyecci\u00f3n internacional, sino que consolid\u00f3 su figura como referente del movimiento urbano en espa\u00f1ol. Cada show fue una fiesta, con entradas agotadas y un p\u00fablico que core\u00f3 de principio a fin los tracks de su disco Trampa al tiempo, adem\u00e1s de sus cl\u00e1sicos m\u00e1s ic\u00f3nicos.<\/p>\n\n\n\n<p>Adem\u00e1s, la gira incluye un segmento especial que rinde homenaje al tango y a sus ra\u00edces, con una propuesta esc\u00e9nica que fusiona esa tradici\u00f3n cultural con el pulso contempor\u00e1neo del trap. Una postal sonora y visual que emociona tanto a nuevas generaciones como a quienes reconocen en YSY A a un artista capaz de dialogar con la historia sin perder frescura.<\/p>\n\n\n\n<p>Este 2025, YSY A vuelve a su ciudad natal con un show que promete ser inolvidable. Ser\u00e1 su primer Movistar Arena, un escenario reservado para los m\u00e1s grandes, donde desplegar\u00e1 toda su potencia l\u00edrica y sonora acompa\u00f1ado de una puesta en escena a la altura del momento m\u00e1s alto de su carrera.<\/p>\n\n\n\n<p>Con una propuesta art\u00edstica que siempre se reinventa, YSY A no solo es uno de los artistas m\u00e1s influyentes del rap argentino, sino tambi\u00e9n un s\u00edmbolo de independencia y autenticidad. Su movida trasciende la m\u00fasica: es cultura, es barrio, es visi\u00f3n de futuro.<\/p>\n\n\n<div class=\"wp-block-image\">\n<figure class=\"aligncenter size-full is-resized\"><img loading=\"lazy\" decoding=\"async\" width=\"1818\" height=\"1222\" src=\"https:\/\/entrenotasyacordes.com\/wp-content\/uploads\/2025\/05\/1734373322638-Captura-de-pantalla-2024-12-16-a-las-3.18.57\u202fp.-m.png\" alt=\"\" class=\"wp-image-15261\" style=\"width:531px;height:auto\" srcset=\"https:\/\/entrenotasyacordes.com\/wp-content\/uploads\/2025\/05\/1734373322638-Captura-de-pantalla-2024-12-16-a-las-3.18.57\u202fp.-m.png 1818w, https:\/\/entrenotasyacordes.com\/wp-content\/uploads\/2025\/05\/1734373322638-Captura-de-pantalla-2024-12-16-a-las-3.18.57\u202fp.-m-300x202.png 300w, https:\/\/entrenotasyacordes.com\/wp-content\/uploads\/2025\/05\/1734373322638-Captura-de-pantalla-2024-12-16-a-las-3.18.57\u202fp.-m-1024x688.png 1024w, https:\/\/entrenotasyacordes.com\/wp-content\/uploads\/2025\/05\/1734373322638-Captura-de-pantalla-2024-12-16-a-las-3.18.57\u202fp.-m-768x516.png 768w, https:\/\/entrenotasyacordes.com\/wp-content\/uploads\/2025\/05\/1734373322638-Captura-de-pantalla-2024-12-16-a-las-3.18.57\u202fp.-m-1536x1032.png 1536w\" sizes=\"auto, (max-width: 1818px) 100vw, 1818px\" \/><\/figure>\n<\/div>\n\n\n<p><strong>TRAMPA AL TIEMPO<\/strong><\/p>\n\n\n\n<p>Este trabajo no es solo un \u00e1lbum; es un acto de honestidad radical en el que\u00a0<strong>YSY A<\/strong>\u00a0se muestra en su esencia m\u00e1s pura. Un disco de car\u00e1cter \u00edntimo. \u00a0La producci\u00f3n art\u00edstica general estuvo a cargo\u00a0<strong>Oniria<\/strong>, y fue creado junto a productores \u00a0que forman parte de Sponsor Dios<strong>\u00a0Baxian\u00a0<\/strong>y\u00a0<strong>Koki LS<\/strong>\u00a0y el hist\u00f3rico\u00a0<strong>OroDembow<\/strong>. Para este disco fueron especialmente invitados por el artista y descubiertos durante su gira por las provincias argentinas:\u00a0<strong>Emirsito<\/strong>\u00a0de R\u00edo Gallegos,\u00a0<strong>Naim<\/strong>\u00a0de Salta,\u00a0<strong>Chiru!<\/strong>\u00a0de San Luis, y\u00a0<strong>Gllato<\/strong>\u00a0de Neuqu\u00e9n, talentos \u00fanicos en quienes\u00a0<strong>YSY A<\/strong>\u00a0conf\u00eda plenamente como joyas de una nueva era musical.<\/p>\n\n\n\n<p>En este disco sus ra\u00edces se ven m\u00e1s asentadas, en una realidad atemporal fiel y agradecido a sus demoledores por lograr juntos este camino.<\/p>\n\n\n\n<p>Adem\u00e1s, deja su arte en la v\u00eda p\u00fablica, con frases que gritan desde las paredes, que se incrustan en la memoria de sus \u00a8demoledores\u00a8, quienes entienden el mensaje oculto en cada palabra. Este es un disco que desaf\u00eda al tiempo, que desaf\u00eda todo l\u00edmite y que, una vez m\u00e1s, nos recuerda por qu\u00e9&nbsp;<strong>YSY A&nbsp;<\/strong>es quien es.<\/p>\n","protected":false},"excerpt":{"rendered":"","protected":false},"author":5,"featured_media":15260,"comment_status":"open","ping_status":"open","sticky":false,"template":"","format":"standard","meta":{"om_disable_all_campaigns":false,"_uf_show_specific_survey":0,"_uf_disable_surveys":false,"footnotes":""},"categories":[36],"tags":[],"class_list":["post-15259","post","type-post","status-publish","format-standard","has-post-thumbnail","hentry","category-conciertos"],"_links":{"self":[{"href":"https:\/\/entrenotasyacordes.com\/index.php?rest_route=\/wp\/v2\/posts\/15259","targetHints":{"allow":["GET"]}}],"collection":[{"href":"https:\/\/entrenotasyacordes.com\/index.php?rest_route=\/wp\/v2\/posts"}],"about":[{"href":"https:\/\/entrenotasyacordes.com\/index.php?rest_route=\/wp\/v2\/types\/post"}],"author":[{"embeddable":true,"href":"https:\/\/entrenotasyacordes.com\/index.php?rest_route=\/wp\/v2\/users\/5"}],"replies":[{"embeddable":true,"href":"https:\/\/entrenotasyacordes.com\/index.php?rest_route=%2Fwp%2Fv2%2Fcomments&post=15259"}],"version-history":[{"count":1,"href":"https:\/\/entrenotasyacordes.com\/index.php?rest_route=\/wp\/v2\/posts\/15259\/revisions"}],"predecessor-version":[{"id":15262,"href":"https:\/\/entrenotasyacordes.com\/index.php?rest_route=\/wp\/v2\/posts\/15259\/revisions\/15262"}],"wp:featuredmedia":[{"embeddable":true,"href":"https:\/\/entrenotasyacordes.com\/index.php?rest_route=\/wp\/v2\/media\/15260"}],"wp:attachment":[{"href":"https:\/\/entrenotasyacordes.com\/index.php?rest_route=%2Fwp%2Fv2%2Fmedia&parent=15259"}],"wp:term":[{"taxonomy":"category","embeddable":true,"href":"https:\/\/entrenotasyacordes.com\/index.php?rest_route=%2Fwp%2Fv2%2Fcategories&post=15259"},{"taxonomy":"post_tag","embeddable":true,"href":"https:\/\/entrenotasyacordes.com\/index.php?rest_route=%2Fwp%2Fv2%2Ftags&post=15259"}],"curies":[{"name":"wp","href":"https:\/\/api.w.org\/{rel}","templated":true}]}}