{"id":15263,"date":"2025-05-09T00:54:57","date_gmt":"2025-05-09T00:54:57","guid":{"rendered":"https:\/\/entrenotasyacordes.com\/?p=15263"},"modified":"2025-05-09T00:54:58","modified_gmt":"2025-05-09T00:54:58","slug":"babasonicos-en-el-hipodromo-de-la-plata","status":"publish","type":"post","link":"https:\/\/entrenotasyacordes.com\/?p=15263","title":{"rendered":"BABASONICOS EN EL HIP\u00d3DROMO DE LA PLATA"},"content":{"rendered":"\n<!--more-->\n\n\n<div class=\"wp-block-image\">\n<figure class=\"aligncenter size-full is-resized\"><img loading=\"lazy\" decoding=\"async\" width=\"2250\" height=\"2250\" src=\"https:\/\/entrenotasyacordes.com\/wp-content\/uploads\/2025\/05\/1746652108225-babasonicos_LP-livepass-01.jpg\" alt=\"\" class=\"wp-image-15264\" style=\"width:486px;height:auto\" srcset=\"https:\/\/entrenotasyacordes.com\/wp-content\/uploads\/2025\/05\/1746652108225-babasonicos_LP-livepass-01.jpg 2250w, https:\/\/entrenotasyacordes.com\/wp-content\/uploads\/2025\/05\/1746652108225-babasonicos_LP-livepass-01-300x300.jpg 300w, https:\/\/entrenotasyacordes.com\/wp-content\/uploads\/2025\/05\/1746652108225-babasonicos_LP-livepass-01-1024x1024.jpg 1024w, https:\/\/entrenotasyacordes.com\/wp-content\/uploads\/2025\/05\/1746652108225-babasonicos_LP-livepass-01-150x150.jpg 150w, https:\/\/entrenotasyacordes.com\/wp-content\/uploads\/2025\/05\/1746652108225-babasonicos_LP-livepass-01-768x768.jpg 768w, https:\/\/entrenotasyacordes.com\/wp-content\/uploads\/2025\/05\/1746652108225-babasonicos_LP-livepass-01-1536x1536.jpg 1536w, https:\/\/entrenotasyacordes.com\/wp-content\/uploads\/2025\/05\/1746652108225-babasonicos_LP-livepass-01-2048x2048.jpg 2048w, https:\/\/entrenotasyacordes.com\/wp-content\/uploads\/2025\/05\/1746652108225-babasonicos_LP-livepass-01-50x50.jpg 50w\" sizes=\"auto, (max-width: 2250px) 100vw, 2250px\" \/><\/figure>\n<\/div>\n\n\n<p class=\"has-text-align-left\">Babasonicos no para de sorprender con sus shows en vivo por sus grandes puestas y enormes convocatorias tanto en Argentina, como Europa y Latinoam\u00e9rica.<\/p>\n\n\n\n<p>Ahora, la banda, anuncia un nuevo show en La Plata, esta vez, a cielo abierto el s\u00e1bado 4 de octubre en el Hip\u00f3dromo.<\/p>\n\n\n\n<p class=\"has-text-align-left\">Las entradas se encuentran a la venta\u00a0por sistema\u00a0<a href=\"https:\/\/livepass.com.ar\/events\/babasonicos-en-hipodromo-de-la-plata?utm_source=perfit&amp;utm_medium=email\" target=\"_blank\" rel=\"noreferrer noopener\">Livepass<\/a>\u00a0y boleter\u00eda del Teatro \u00d3pera La Plata.<br>Comprando con tarjetas Visa y MasterCard del Banco Provincia tenes 4 cuotas sin inter\u00e9s.<\/p>\n\n\n<div class=\"wp-block-image\">\n<figure class=\"aligncenter size-full is-resized\"><img loading=\"lazy\" decoding=\"async\" width=\"2560\" height=\"1697\" src=\"https:\/\/entrenotasyacordes.com\/wp-content\/uploads\/2025\/05\/1746652208920-BABASONICOS-FOTO-GRAFICAS-scaled.jpg\" alt=\"\" class=\"wp-image-15265\" style=\"width:531px;height:auto\" srcset=\"https:\/\/entrenotasyacordes.com\/wp-content\/uploads\/2025\/05\/1746652208920-BABASONICOS-FOTO-GRAFICAS-scaled.jpg 2560w, https:\/\/entrenotasyacordes.com\/wp-content\/uploads\/2025\/05\/1746652208920-BABASONICOS-FOTO-GRAFICAS-300x200.jpg 300w, https:\/\/entrenotasyacordes.com\/wp-content\/uploads\/2025\/05\/1746652208920-BABASONICOS-FOTO-GRAFICAS-1024x679.jpg 1024w, https:\/\/entrenotasyacordes.com\/wp-content\/uploads\/2025\/05\/1746652208920-BABASONICOS-FOTO-GRAFICAS-768x509.jpg 768w, https:\/\/entrenotasyacordes.com\/wp-content\/uploads\/2025\/05\/1746652208920-BABASONICOS-FOTO-GRAFICAS-1536x1018.jpg 1536w, https:\/\/entrenotasyacordes.com\/wp-content\/uploads\/2025\/05\/1746652208920-BABASONICOS-FOTO-GRAFICAS-2048x1358.jpg 2048w\" sizes=\"auto, (max-width: 2560px) 100vw, 2560px\" \/><\/figure>\n<\/div>\n\n\n<p>Babasonicos sigue a\u00f1o tras a\u00f1o sorprendiendo.<\/p>\n\n\n\n<p>Grandes artistas del rock, el trap y el pop nacional se pueden encontrar en sus shows.<\/p>\n\n\n\n<p>Sus grandes convocatorias los ha llevado a agotar varios Movistar Arena tanto en Argentina como en Chile, adem\u00e1s realizaron dos auditorios sold out en M\u00e9xico<\/p>\n\n\n\n<p>Se han presentado en tiempo r\u00e9cord de p\u00fablico en los principales festivales del pa\u00eds y latinoam\u00e9rica: Cosqu\u00edn Rock (Argentina), Vive Latino (M\u00e9xico), Festival Bandera (Rosario), Festival Cordillera (Colombia), Creamfiels (BSAS), entre otros.<\/p>\n\n\n\n<p>Realizaron una exitosa gira por toda Europa y este a\u00f1o volver\u00e1n a presentarse en venues de mayor capacidad.<\/p>\n\n\n\n<p>Estrenaron el documental \u00a8El Abstracto de la m\u00fasica\u00a8 realizado por Julian Lona<\/p>\n\n\n\n<p>Adem\u00e1s fueron de los artistas m\u00e1s escuchados del a\u00f1o en las plataformas digitales.<\/p>\n","protected":false},"excerpt":{"rendered":"","protected":false},"author":5,"featured_media":15264,"comment_status":"open","ping_status":"open","sticky":false,"template":"","format":"standard","meta":{"om_disable_all_campaigns":false,"_uf_show_specific_survey":0,"_uf_disable_surveys":false,"footnotes":""},"categories":[36],"tags":[],"class_list":["post-15263","post","type-post","status-publish","format-standard","has-post-thumbnail","hentry","category-conciertos"],"_links":{"self":[{"href":"https:\/\/entrenotasyacordes.com\/index.php?rest_route=\/wp\/v2\/posts\/15263","targetHints":{"allow":["GET"]}}],"collection":[{"href":"https:\/\/entrenotasyacordes.com\/index.php?rest_route=\/wp\/v2\/posts"}],"about":[{"href":"https:\/\/entrenotasyacordes.com\/index.php?rest_route=\/wp\/v2\/types\/post"}],"author":[{"embeddable":true,"href":"https:\/\/entrenotasyacordes.com\/index.php?rest_route=\/wp\/v2\/users\/5"}],"replies":[{"embeddable":true,"href":"https:\/\/entrenotasyacordes.com\/index.php?rest_route=%2Fwp%2Fv2%2Fcomments&post=15263"}],"version-history":[{"count":1,"href":"https:\/\/entrenotasyacordes.com\/index.php?rest_route=\/wp\/v2\/posts\/15263\/revisions"}],"predecessor-version":[{"id":15266,"href":"https:\/\/entrenotasyacordes.com\/index.php?rest_route=\/wp\/v2\/posts\/15263\/revisions\/15266"}],"wp:featuredmedia":[{"embeddable":true,"href":"https:\/\/entrenotasyacordes.com\/index.php?rest_route=\/wp\/v2\/media\/15264"}],"wp:attachment":[{"href":"https:\/\/entrenotasyacordes.com\/index.php?rest_route=%2Fwp%2Fv2%2Fmedia&parent=15263"}],"wp:term":[{"taxonomy":"category","embeddable":true,"href":"https:\/\/entrenotasyacordes.com\/index.php?rest_route=%2Fwp%2Fv2%2Fcategories&post=15263"},{"taxonomy":"post_tag","embeddable":true,"href":"https:\/\/entrenotasyacordes.com\/index.php?rest_route=%2Fwp%2Fv2%2Ftags&post=15263"}],"curies":[{"name":"wp","href":"https:\/\/api.w.org\/{rel}","templated":true}]}}