{"id":15327,"date":"2025-05-11T15:31:26","date_gmt":"2025-05-11T15:31:26","guid":{"rendered":"https:\/\/entrenotasyacordes.com\/?p=15327"},"modified":"2025-05-11T15:31:27","modified_gmt":"2025-05-11T15:31:27","slug":"lauty-gram-presenta-su-nuevo-single-y-videoclip-gatita-oficial","status":"publish","type":"post","link":"https:\/\/entrenotasyacordes.com\/?p=15327","title":{"rendered":"LAUTY GRAM PRESENTA SU NUEVO SINGLE Y VIDEOCLIP GATITA OFICIAL"},"content":{"rendered":"\n<!--more-->\n\n\n<div class=\"wp-block-image\">\n<figure class=\"aligncenter size-full is-resized\"><img loading=\"lazy\" decoding=\"async\" width=\"2048\" height=\"2048\" src=\"https:\/\/entrenotasyacordes.com\/wp-content\/uploads\/2025\/05\/3i.jpg\" alt=\"\" class=\"wp-image-15328\" style=\"width:654px;height:auto\" srcset=\"https:\/\/entrenotasyacordes.com\/wp-content\/uploads\/2025\/05\/3i.jpg 2048w, https:\/\/entrenotasyacordes.com\/wp-content\/uploads\/2025\/05\/3i-300x300.jpg 300w, https:\/\/entrenotasyacordes.com\/wp-content\/uploads\/2025\/05\/3i-1024x1024.jpg 1024w, https:\/\/entrenotasyacordes.com\/wp-content\/uploads\/2025\/05\/3i-150x150.jpg 150w, https:\/\/entrenotasyacordes.com\/wp-content\/uploads\/2025\/05\/3i-768x768.jpg 768w, https:\/\/entrenotasyacordes.com\/wp-content\/uploads\/2025\/05\/3i-1536x1536.jpg 1536w, https:\/\/entrenotasyacordes.com\/wp-content\/uploads\/2025\/05\/3i-50x50.jpg 50w\" sizes=\"auto, (max-width: 2048px) 100vw, 2048px\" \/><\/figure>\n<\/div>\n\n\n<p>Luego del \u00e9xito de <a href=\"https:\/\/lnk.to\/QUECABRONA\"><strong>\u00abQU\u00c9 CABRONA\u00bb<\/strong><\/a><strong>,<\/strong> que se posiciona dentro de las canciones m\u00e1s escuchadas de <strong>Spotify<\/strong>, en el <strong>top 50<\/strong>, <strong>Lauty Gram<\/strong> presenta <strong>\u00abGATITA OFICIAL\u00bb, <\/strong>el segundo sencillo de su pr\u00f3ximo EP: <strong><em>\u201cLas que te dedico\u201d.<\/em><\/strong> Este proyecto contar\u00e1 con cuatro canciones: <strong>\u00abQU\u00c9 CABRONA\u00bb, \u00abGATITA OFICIAL\u00bb,<\/strong> y dos colaboraciones sorpresa y explosivas que definir\u00e1n esta nueva era del artista. Adem\u00e1s, este EP tiene nombre y apellido, ya que est\u00e1 dedicado a <strong>Luchi Patro<\/strong>, actual participante del reality show argentino <strong>Gran Hermano<\/strong> y novia de <strong>Lauty Gram.<\/strong><\/p>\n\n\n\n<p><strong>\u00abGATITA OFICIAL\u00bb <\/strong>sigue la l\u00ednea est\u00e9tica y musical de <strong>\u00abQU\u00c9 CABRONA\u00bb.<\/strong> Es un reggaet\u00f3n producido por <strong>Mart\u00edn Vegas<\/strong> que captura la esencia del reggaet\u00f3n chileno, con referencias de grandes artistas como<em> Cris MJ, Lenny Tavarez, y Anuel, <\/em>continuando con el estilo distintivo de esta etapa art\u00edstica.<\/p>\n\n\n\n<p>En el videoclip, dirigido por <em>Joa Sosa,<\/em> podemos observar a <strong>Lauty Gram<\/strong> en una especie de museo, donde las obras m\u00e1s reconocidas, como <em>La Mona Lisa,<\/em> son distintas versiones de fotos de <strong>LUCHI.<\/strong> Este videoclip mezcla lo sofisticado y moderno de la nueva era de <strong>Lauty Gram<\/strong> sin perder la picard\u00eda y gracia que tanto lo caracteriza.<\/p>\n\n\n<div class=\"wp-block-image\">\n<figure class=\"aligncenter size-full is-resized\"><img loading=\"lazy\" decoding=\"async\" width=\"1365\" height=\"2048\" src=\"https:\/\/entrenotasyacordes.com\/wp-content\/uploads\/2025\/05\/3j.jpg\" alt=\"\" class=\"wp-image-15329\" style=\"width:654px;height:auto\" srcset=\"https:\/\/entrenotasyacordes.com\/wp-content\/uploads\/2025\/05\/3j.jpg 1365w, https:\/\/entrenotasyacordes.com\/wp-content\/uploads\/2025\/05\/3j-200x300.jpg 200w, https:\/\/entrenotasyacordes.com\/wp-content\/uploads\/2025\/05\/3j-683x1024.jpg 683w, https:\/\/entrenotasyacordes.com\/wp-content\/uploads\/2025\/05\/3j-768x1152.jpg 768w, https:\/\/entrenotasyacordes.com\/wp-content\/uploads\/2025\/05\/3j-1024x1536.jpg 1024w\" sizes=\"auto, (max-width: 1365px) 100vw, 1365px\" \/><\/figure>\n<\/div>\n\n\n<p><strong><u>Acerca de Lauty Gram<\/u><\/strong><\/p>\n\n\n\n<p><strong>Lauty Gram<\/strong> es Lautaro Gonz\u00e1lez Cad\u00edcamo, de 23 a\u00f1os y nacido el 27 de diciembre de 2001 en Buenos Aires. Antes de acomodarse en el nuevo firmamento de la escena urbana, era un popular influencer de Instagram y TikTok, due\u00f1o de un carisma y un humor que supo atravesar millones y millones de pantallas. Desde esa masividad, en 2022 comenz\u00f3 a enganchar a sus seguidores a trav\u00e9s del sentido del o\u00eddo pero, principalmente, una propuesta de baile fren\u00e9tico. Y comenz\u00f3 a fabricar esas bombas infecciosas que son sus canciones: desde la inicial \u00abBlam\u00bb hasta otras que ya son \u00e9xitos en todas las fiestas, como <strong>\u00abLlegue Yo\u00bb, \u201cSI O NO\u00bb y \u00abRubia o morocha\u00bb.<\/strong><\/p>\n","protected":false},"excerpt":{"rendered":"","protected":false},"author":5,"featured_media":15328,"comment_status":"open","ping_status":"open","sticky":false,"template":"","format":"standard","meta":{"om_disable_all_campaigns":false,"_uf_show_specific_survey":0,"_uf_disable_surveys":false,"footnotes":""},"categories":[4],"tags":[],"class_list":["post-15327","post","type-post","status-publish","format-standard","has-post-thumbnail","hentry","category-musica"],"_links":{"self":[{"href":"https:\/\/entrenotasyacordes.com\/index.php?rest_route=\/wp\/v2\/posts\/15327","targetHints":{"allow":["GET"]}}],"collection":[{"href":"https:\/\/entrenotasyacordes.com\/index.php?rest_route=\/wp\/v2\/posts"}],"about":[{"href":"https:\/\/entrenotasyacordes.com\/index.php?rest_route=\/wp\/v2\/types\/post"}],"author":[{"embeddable":true,"href":"https:\/\/entrenotasyacordes.com\/index.php?rest_route=\/wp\/v2\/users\/5"}],"replies":[{"embeddable":true,"href":"https:\/\/entrenotasyacordes.com\/index.php?rest_route=%2Fwp%2Fv2%2Fcomments&post=15327"}],"version-history":[{"count":1,"href":"https:\/\/entrenotasyacordes.com\/index.php?rest_route=\/wp\/v2\/posts\/15327\/revisions"}],"predecessor-version":[{"id":15330,"href":"https:\/\/entrenotasyacordes.com\/index.php?rest_route=\/wp\/v2\/posts\/15327\/revisions\/15330"}],"wp:featuredmedia":[{"embeddable":true,"href":"https:\/\/entrenotasyacordes.com\/index.php?rest_route=\/wp\/v2\/media\/15328"}],"wp:attachment":[{"href":"https:\/\/entrenotasyacordes.com\/index.php?rest_route=%2Fwp%2Fv2%2Fmedia&parent=15327"}],"wp:term":[{"taxonomy":"category","embeddable":true,"href":"https:\/\/entrenotasyacordes.com\/index.php?rest_route=%2Fwp%2Fv2%2Fcategories&post=15327"},{"taxonomy":"post_tag","embeddable":true,"href":"https:\/\/entrenotasyacordes.com\/index.php?rest_route=%2Fwp%2Fv2%2Ftags&post=15327"}],"curies":[{"name":"wp","href":"https:\/\/api.w.org\/{rel}","templated":true}]}}