{"id":15341,"date":"2025-05-13T17:18:27","date_gmt":"2025-05-13T17:18:27","guid":{"rendered":"https:\/\/entrenotasyacordes.com\/?p=15341"},"modified":"2025-05-13T17:18:28","modified_gmt":"2025-05-13T17:18:28","slug":"il-divo-regresa-a-buenos-airescon-by-candlelight","status":"publish","type":"post","link":"https:\/\/entrenotasyacordes.com\/?p=15341","title":{"rendered":"IL DIVO Regresa a Buenos Airescon \u201cBy Candlelight\u201d"},"content":{"rendered":"\n<!--more-->\n\n\n<div class=\"wp-block-image\">\n<figure class=\"aligncenter size-full is-resized\"><img loading=\"lazy\" decoding=\"async\" width=\"673\" height=\"841\" src=\"https:\/\/entrenotasyacordes.com\/wp-content\/uploads\/2025\/05\/8907a8b4-3571-4d70-942e-8d4270df7b6a.png\" alt=\"\" class=\"wp-image-15342\" style=\"width:486px;height:auto\" srcset=\"https:\/\/entrenotasyacordes.com\/wp-content\/uploads\/2025\/05\/8907a8b4-3571-4d70-942e-8d4270df7b6a.png 673w, https:\/\/entrenotasyacordes.com\/wp-content\/uploads\/2025\/05\/8907a8b4-3571-4d70-942e-8d4270df7b6a-240x300.png 240w\" sizes=\"auto, (max-width: 673px) 100vw, 673px\" \/><\/figure>\n<\/div>\n\n\n<p class=\"has-text-align-left\">IL Divo, el legendario cuarteto internacional, se presentar\u00e1 el 7 de septiembre en el Teatro Gran Rex de Buenos Aires con su gira mundial \u00abBy Candlelight\u00bb.<br><br>El show forma parte de una ambiciosa gira latinoamericana que recorrer\u00e1 las principales ciudades de la regi\u00f3n como Buenos Aires, C\u00f3rdoba, Mendoza, Rosario, Montevideo, Lima, Bogot\u00e1, Santa Cruz y Asunci\u00f3n.<\/p>\n\n\n\n<p class=\"has-text-align-left\">Luego de recorrer los escenarios m\u00e1s importantes del mundo, IL Divo regresa a la Argentina para presentar su nuevo espect\u00e1culo con una propuesta \u00edntima, elegante y emotiva.<\/p>\n\n\n\n<p>Las entradas ya estar\u00e1n disponibles a trav\u00e9s de\u00a0<a href=\"http:\/\/www.tuentrada.com\/\">www.tuentrada.com<\/a>\u00a0a partir del viernes 16 de mayo<br>Redes: @ildivo<\/p>\n\n\n\n<p class=\"has-text-align-center\"><strong>Fechas confirmadas:<\/strong><br>6 de septiembre \u2013 Asunci\u00f3n, Paraguay \u2013 Yacht y Golf Club Paraguayo &#8211; <em>Entradas en TodoTicke<\/em>t<br>7 de septiembre \u2013 Buenos Aires, Argentina \u2013 Teatro Gran Rex<em> &#8211; Entradas en\u00a0<a href=\"https:\/\/tuentrada.com\/\">Tuentrada.com<\/a><\/em><br>10 de septiembre \u2013 C\u00f3rdoba, Argentina \u2013 Quality Espacio &#8211; <em>Entradas en Ticketek<\/em><br>12 de septiembre \u2013 Mendoza, Argentina<br>13 de septiembre \u2013 Rosario, Argentina<br>15 de septiembre \u2013 Montevideo, Uruguay<br>17 de septiembre \u2013 Santa Cruz, Bolivia<br>19 de septiembre \u2013 Lima, Per\u00fa<br>20 de septiembre \u2013 Bogot\u00e1, Colombia<\/p>\n\n\n\n<p><strong>Biograf\u00eda<br><\/strong>Durante m\u00e1s de 20 a\u00f1os, IL Divo ha sido sin\u00f3nimo del poder de la m\u00fasica, la hermandad y la evoluci\u00f3n art\u00edstica. Desde su debut en 2004, el cuarteto \u2014hoy integrado por Urs B\u00fchler (tenor, Suiza), S\u00e9bastien Izambard (tenor, Francia), David Miller (tenor, EE. UU.) y Steven LaBrie (bar\u00edtono, EE. UU.)\u2014 ha redefinido el g\u00e9nero\u00a0<em>crossover cl\u00e1sico<\/em>, cautivando al p\u00fablico con sus impresionantes voces y presentaciones electrizantes.<\/p>\n\n\n\n<p>Con m\u00e1s de 30 millones de \u00e1lbumes vendidos, 50 hits #1 y 160 discos de Oro y Platino en 35 pa\u00edses, su impacto es incuestionable. Han actuado en eventos hist\u00f3ricos como los Juegos Ol\u00edmpicos, la Copa Mundial de la FIFA y el Jubileo de Diamante de la Reina Isabel II.<\/p>\n\n\n\n<p>En 2021, enfrentaron la dolorosa p\u00e9rdida de su cofundador Carlos Mar\u00edn, v\u00edctima del COVID-19. En su memoria, iniciaron la gira&nbsp;<em>Greatest Hits Tour<\/em>, donde Steven LaBrie se incorpor\u00f3 inicialmente como invitado y, en 2023, como miembro permanente.<\/p>\n\n\n\n<p>Ese mismo a\u00f1o grabaron su d\u00e9cimo \u00e1lbum, \u201cXX: 20th Anniversary Album\u201d, el primero editado de manera independiente bajo su propio sello IL Divo Music, producido junto a Carlos Fernando L\u00f3pez. El disco marc\u00f3 un nuevo comienzo para la agrupaci\u00f3n, donde adem\u00e1s oficiaron como productores ejecutivos.<\/p>\n\n\n\n<p><strong><em>\u201cQueremos que el p\u00fablico sienta un viaje entre la m\u00fasica moderna y la \u00f3pera\u201d, dice S\u00e9bastien.<br>&nbsp;\u201cQueremos que la m\u00fasica hable por s\u00ed sola\u201d, agrega Steven.<\/em><\/strong><strong><em><\/em><\/strong><\/p>\n\n\n\n<p>La gira IL Divo By Candlelight busca reconectar con su audiencia en teatros y escenarios \u00edntimos, con un repertorio que repasa dos d\u00e9cadas de romance, desamor y alegr\u00eda. En sus fechas por EE. UU., contar\u00e1n con la participaci\u00f3n especial del tr\u00edo de cuerdas Simply Three como teloneros.<\/p>\n","protected":false},"excerpt":{"rendered":"","protected":false},"author":5,"featured_media":15342,"comment_status":"open","ping_status":"open","sticky":false,"template":"","format":"standard","meta":{"om_disable_all_campaigns":false,"_uf_show_specific_survey":0,"_uf_disable_surveys":false,"footnotes":""},"categories":[36],"tags":[],"class_list":["post-15341","post","type-post","status-publish","format-standard","has-post-thumbnail","hentry","category-conciertos"],"_links":{"self":[{"href":"https:\/\/entrenotasyacordes.com\/index.php?rest_route=\/wp\/v2\/posts\/15341","targetHints":{"allow":["GET"]}}],"collection":[{"href":"https:\/\/entrenotasyacordes.com\/index.php?rest_route=\/wp\/v2\/posts"}],"about":[{"href":"https:\/\/entrenotasyacordes.com\/index.php?rest_route=\/wp\/v2\/types\/post"}],"author":[{"embeddable":true,"href":"https:\/\/entrenotasyacordes.com\/index.php?rest_route=\/wp\/v2\/users\/5"}],"replies":[{"embeddable":true,"href":"https:\/\/entrenotasyacordes.com\/index.php?rest_route=%2Fwp%2Fv2%2Fcomments&post=15341"}],"version-history":[{"count":1,"href":"https:\/\/entrenotasyacordes.com\/index.php?rest_route=\/wp\/v2\/posts\/15341\/revisions"}],"predecessor-version":[{"id":15343,"href":"https:\/\/entrenotasyacordes.com\/index.php?rest_route=\/wp\/v2\/posts\/15341\/revisions\/15343"}],"wp:featuredmedia":[{"embeddable":true,"href":"https:\/\/entrenotasyacordes.com\/index.php?rest_route=\/wp\/v2\/media\/15342"}],"wp:attachment":[{"href":"https:\/\/entrenotasyacordes.com\/index.php?rest_route=%2Fwp%2Fv2%2Fmedia&parent=15341"}],"wp:term":[{"taxonomy":"category","embeddable":true,"href":"https:\/\/entrenotasyacordes.com\/index.php?rest_route=%2Fwp%2Fv2%2Fcategories&post=15341"},{"taxonomy":"post_tag","embeddable":true,"href":"https:\/\/entrenotasyacordes.com\/index.php?rest_route=%2Fwp%2Fv2%2Ftags&post=15341"}],"curies":[{"name":"wp","href":"https:\/\/api.w.org\/{rel}","templated":true}]}}