{"id":15344,"date":"2025-05-13T17:33:30","date_gmt":"2025-05-13T17:33:30","guid":{"rendered":"https:\/\/entrenotasyacordes.com\/?p=15344"},"modified":"2025-05-13T17:33:31","modified_gmt":"2025-05-13T17:33:31","slug":"proximos-eventos-en-la-trastienda-3","status":"publish","type":"post","link":"https:\/\/entrenotasyacordes.com\/?p=15344","title":{"rendered":"Pr\u00f3ximos eventos en La Trastienda"},"content":{"rendered":"\n<!--more-->\n\n\n\n<div class=\"wp-block-columns is-layout-flex wp-container-core-columns-is-layout-28f84493 wp-block-columns-is-layout-flex\">\n<div class=\"wp-block-column is-layout-flow wp-block-column-is-layout-flow\">\n<figure class=\"wp-block-image size-full\"><img loading=\"lazy\" decoding=\"async\" width=\"900\" height=\"800\" src=\"https:\/\/entrenotasyacordes.com\/wp-content\/uploads\/2025\/05\/679bdc3d8e6b4.webp\" alt=\"\" class=\"wp-image-15345\" srcset=\"https:\/\/entrenotasyacordes.com\/wp-content\/uploads\/2025\/05\/679bdc3d8e6b4.webp 900w, https:\/\/entrenotasyacordes.com\/wp-content\/uploads\/2025\/05\/679bdc3d8e6b4-300x267.webp 300w, https:\/\/entrenotasyacordes.com\/wp-content\/uploads\/2025\/05\/679bdc3d8e6b4-768x683.webp 768w\" sizes=\"auto, (max-width: 900px) 100vw, 900px\" \/><\/figure>\n\n\n\n<p><strong>JUEVES 15 DE MAYO<\/strong>\u00a0<\/p>\n\n\n\n<p>JOAQUINA<br>JUEVES 15 DE MAYO \u2013 20:30HS<br>LA TRASTIENDA \u2013 BALCARCE 460<br>ENTRADAS A LA VENTA EN\u00a0<a href=\"http:\/\/www.tuentrada.com\/\">WWW.TUENTRADA.COM<\/a><\/p>\n<\/div>\n\n\n\n<div class=\"wp-block-column is-layout-flow wp-block-column-is-layout-flow\">\n<figure class=\"wp-block-image size-full\"><img loading=\"lazy\" decoding=\"async\" width=\"900\" height=\"800\" src=\"https:\/\/entrenotasyacordes.com\/wp-content\/uploads\/2025\/05\/67cb1fa35e1bd.webp\" alt=\"\" class=\"wp-image-15346\" srcset=\"https:\/\/entrenotasyacordes.com\/wp-content\/uploads\/2025\/05\/67cb1fa35e1bd.webp 900w, https:\/\/entrenotasyacordes.com\/wp-content\/uploads\/2025\/05\/67cb1fa35e1bd-300x267.webp 300w, https:\/\/entrenotasyacordes.com\/wp-content\/uploads\/2025\/05\/67cb1fa35e1bd-768x683.webp 768w\" sizes=\"auto, (max-width: 900px) 100vw, 900px\" \/><\/figure>\n\n\n\n<p><strong>VIERNES 16 MAYO<\/strong><\/p>\n\n\n\n<p>CARAFEA<br>VIERNES 16 DE MAYO \u2013 20:30HS<br>LA TRASTIENDA \u2013 BALCARCE 460<br>ENTRADAS A LA VENTA EN\u00a0<a href=\"http:\/\/www.tuentrada.com\/\">WWW.TUENTRADA.COM<\/a><\/p>\n<\/div>\n\n\n\n<div class=\"wp-block-column is-layout-flow wp-block-column-is-layout-flow\">\n<figure class=\"wp-block-image size-full\"><img loading=\"lazy\" decoding=\"async\" width=\"900\" height=\"800\" src=\"https:\/\/entrenotasyacordes.com\/wp-content\/uploads\/2025\/05\/67d98fabda08c.webp\" alt=\"\" class=\"wp-image-15347\" srcset=\"https:\/\/entrenotasyacordes.com\/wp-content\/uploads\/2025\/05\/67d98fabda08c.webp 900w, https:\/\/entrenotasyacordes.com\/wp-content\/uploads\/2025\/05\/67d98fabda08c-300x267.webp 300w, https:\/\/entrenotasyacordes.com\/wp-content\/uploads\/2025\/05\/67d98fabda08c-768x683.webp 768w\" sizes=\"auto, (max-width: 900px) 100vw, 900px\" \/><\/figure>\n\n\n\n<p><strong>S\u00c1BADO 17 DE MAYO<\/strong>\u00a0<\/p>\n\n\n\n<p>PIKO FRANK<br>S\u00c1BADO 17 DE MAYO \u2013 20:30HS<br>LA TRASTIENDA \u2013 BALCARCE 460<br>ENTRADAS A LA VENTA EN\u00a0<a href=\"http:\/\/www.tuentrada.com\/\">WWW.TUENTRADA.COM<\/a><\/p>\n<\/div>\n<\/div>\n\n\n\n<div class=\"wp-block-columns is-layout-flex wp-container-core-columns-is-layout-28f84493 wp-block-columns-is-layout-flex\">\n<div class=\"wp-block-column is-layout-flow wp-block-column-is-layout-flow\">\n<figure class=\"wp-block-image size-full\"><img loading=\"lazy\" decoding=\"async\" width=\"900\" height=\"800\" src=\"https:\/\/entrenotasyacordes.com\/wp-content\/uploads\/2025\/05\/68125cd7d0efc.webp\" alt=\"\" class=\"wp-image-15348\" srcset=\"https:\/\/entrenotasyacordes.com\/wp-content\/uploads\/2025\/05\/68125cd7d0efc.webp 900w, https:\/\/entrenotasyacordes.com\/wp-content\/uploads\/2025\/05\/68125cd7d0efc-300x267.webp 300w, https:\/\/entrenotasyacordes.com\/wp-content\/uploads\/2025\/05\/68125cd7d0efc-768x683.webp 768w\" sizes=\"auto, (max-width: 900px) 100vw, 900px\" \/><\/figure>\n\n\n\n<p><strong>DOMINGO 18 DE MAYO<\/strong>&nbsp;<\/p>\n\n\n\n<p>M\u00c1S M\u00daSICA, M\u00c1S FOLCLORE<br>EN VIVO: HUALPATAS + FOLCLORE TR\u00cdO + BALLET TIERRA FOLCLORE<br>DOMINGO 18 DE MAYO \u2013 20:00HS<br>LA TRASTIENDA \u2013 BALCARCE 460<br>ENTRADAS A LA VENTA EN\u00a0<a href=\"http:\/\/www.tuentrada.com\/\">WWW.TUENTRADA.COM<\/a><\/p>\n<\/div>\n\n\n\n<div class=\"wp-block-column is-layout-flow wp-block-column-is-layout-flow\">\n<figure class=\"wp-block-image size-full\"><img loading=\"lazy\" decoding=\"async\" width=\"900\" height=\"800\" src=\"https:\/\/entrenotasyacordes.com\/wp-content\/uploads\/2025\/05\/67f3cc9a38781.webp\" alt=\"\" class=\"wp-image-15349\" srcset=\"https:\/\/entrenotasyacordes.com\/wp-content\/uploads\/2025\/05\/67f3cc9a38781.webp 900w, https:\/\/entrenotasyacordes.com\/wp-content\/uploads\/2025\/05\/67f3cc9a38781-300x267.webp 300w, https:\/\/entrenotasyacordes.com\/wp-content\/uploads\/2025\/05\/67f3cc9a38781-768x683.webp 768w\" sizes=\"auto, (max-width: 900px) 100vw, 900px\" \/><\/figure>\n\n\n\n<p><strong>MI\u00c9RCOLES 21 DE MAYO<\/strong>\u00a0<\/p>\n\n\n\n<p>IGNACIO MAR\u00cdA G\u00d3MEZ<br>MI\u00c9RCOLES 21 DE MAYO \u2013 20:30HS<br>LA TRASTIENDA \u2013 BALCARCE 460<br>ENTRADAS A LA VENTA EN\u00a0<a href=\"http:\/\/www.tuentrada.com\/\">WWW.TUENTRADA.COM<\/a><\/p>\n<\/div>\n<\/div>\n\n\n\n<p><\/p>\n","protected":false},"excerpt":{"rendered":"","protected":false},"author":5,"featured_media":11235,"comment_status":"open","ping_status":"open","sticky":false,"template":"","format":"standard","meta":{"om_disable_all_campaigns":false,"_uf_show_specific_survey":0,"_uf_disable_surveys":false,"footnotes":""},"categories":[36],"tags":[],"class_list":["post-15344","post","type-post","status-publish","format-standard","has-post-thumbnail","hentry","category-conciertos"],"_links":{"self":[{"href":"https:\/\/entrenotasyacordes.com\/index.php?rest_route=\/wp\/v2\/posts\/15344","targetHints":{"allow":["GET"]}}],"collection":[{"href":"https:\/\/entrenotasyacordes.com\/index.php?rest_route=\/wp\/v2\/posts"}],"about":[{"href":"https:\/\/entrenotasyacordes.com\/index.php?rest_route=\/wp\/v2\/types\/post"}],"author":[{"embeddable":true,"href":"https:\/\/entrenotasyacordes.com\/index.php?rest_route=\/wp\/v2\/users\/5"}],"replies":[{"embeddable":true,"href":"https:\/\/entrenotasyacordes.com\/index.php?rest_route=%2Fwp%2Fv2%2Fcomments&post=15344"}],"version-history":[{"count":1,"href":"https:\/\/entrenotasyacordes.com\/index.php?rest_route=\/wp\/v2\/posts\/15344\/revisions"}],"predecessor-version":[{"id":15350,"href":"https:\/\/entrenotasyacordes.com\/index.php?rest_route=\/wp\/v2\/posts\/15344\/revisions\/15350"}],"wp:featuredmedia":[{"embeddable":true,"href":"https:\/\/entrenotasyacordes.com\/index.php?rest_route=\/wp\/v2\/media\/11235"}],"wp:attachment":[{"href":"https:\/\/entrenotasyacordes.com\/index.php?rest_route=%2Fwp%2Fv2%2Fmedia&parent=15344"}],"wp:term":[{"taxonomy":"category","embeddable":true,"href":"https:\/\/entrenotasyacordes.com\/index.php?rest_route=%2Fwp%2Fv2%2Fcategories&post=15344"},{"taxonomy":"post_tag","embeddable":true,"href":"https:\/\/entrenotasyacordes.com\/index.php?rest_route=%2Fwp%2Fv2%2Ftags&post=15344"}],"curies":[{"name":"wp","href":"https:\/\/api.w.org\/{rel}","templated":true}]}}