{"id":15351,"date":"2025-05-13T17:37:58","date_gmt":"2025-05-13T17:37:58","guid":{"rendered":"https:\/\/entrenotasyacordes.com\/?p=15351"},"modified":"2025-05-13T17:38:00","modified_gmt":"2025-05-13T17:38:00","slug":"valentino-merlo-en-el-teatro-argentino","status":"publish","type":"post","link":"https:\/\/entrenotasyacordes.com\/?p=15351","title":{"rendered":"VALENTINO MERLO EN EL TEATRO ARGENTINO"},"content":{"rendered":"\n<!--more-->\n\n\n<div class=\"wp-block-image\">\n<figure class=\"aligncenter size-full is-resized\"><img loading=\"lazy\" decoding=\"async\" width=\"2250\" height=\"2250\" src=\"https:\/\/entrenotasyacordes.com\/wp-content\/uploads\/2025\/05\/1746720019883-valentino_livepass-01.jpg\" alt=\"\" class=\"wp-image-15352\" style=\"width:486px;height:auto\" srcset=\"https:\/\/entrenotasyacordes.com\/wp-content\/uploads\/2025\/05\/1746720019883-valentino_livepass-01.jpg 2250w, https:\/\/entrenotasyacordes.com\/wp-content\/uploads\/2025\/05\/1746720019883-valentino_livepass-01-300x300.jpg 300w, https:\/\/entrenotasyacordes.com\/wp-content\/uploads\/2025\/05\/1746720019883-valentino_livepass-01-1024x1024.jpg 1024w, https:\/\/entrenotasyacordes.com\/wp-content\/uploads\/2025\/05\/1746720019883-valentino_livepass-01-150x150.jpg 150w, https:\/\/entrenotasyacordes.com\/wp-content\/uploads\/2025\/05\/1746720019883-valentino_livepass-01-768x768.jpg 768w, https:\/\/entrenotasyacordes.com\/wp-content\/uploads\/2025\/05\/1746720019883-valentino_livepass-01-1536x1536.jpg 1536w, https:\/\/entrenotasyacordes.com\/wp-content\/uploads\/2025\/05\/1746720019883-valentino_livepass-01-2048x2048.jpg 2048w, https:\/\/entrenotasyacordes.com\/wp-content\/uploads\/2025\/05\/1746720019883-valentino_livepass-01-50x50.jpg 50w\" sizes=\"auto, (max-width: 2250px) 100vw, 2250px\" \/><\/figure>\n<\/div>\n\n\n<p class=\"has-text-align-left\">El artista furor,&nbsp;<strong>Valentino Merlo<\/strong>, llega a la ciudad de La Plata el&nbsp;<strong>s\u00e1bado 28 de junio<\/strong>, 21hs,&nbsp;<strong>Sala Ginastera del Teatro Argentino.<\/strong><\/p>\n\n\n\n<p>Las entradas se encuentran a la venta&nbsp;por sistema&nbsp;<a href=\"https:\/\/livepass.com.ar\/events\/valentino-merlo-en-la-sala-ginastera-teatro-argentino-la-plata?utm_source=perfit&amp;utm_medium=email\" rel=\"noreferrer noopener\" target=\"_blank\">Livepass<\/a><\/p>\n\n\n\n<p class=\"has-text-align-left\">Comprando con tarjetas Visa y MasterCard del Banco Provincia tenes 4 cuotas sin inter\u00e9s.<\/p>\n\n\n<div class=\"wp-block-image\">\n<figure class=\"aligncenter size-full is-resized\"><img loading=\"lazy\" decoding=\"async\" width=\"2048\" height=\"1365\" src=\"https:\/\/entrenotasyacordes.com\/wp-content\/uploads\/2025\/05\/1746720126623-VM-14.3-SHOW-136.jpg\" alt=\"\" class=\"wp-image-15353\" style=\"width:531px;height:auto\" srcset=\"https:\/\/entrenotasyacordes.com\/wp-content\/uploads\/2025\/05\/1746720126623-VM-14.3-SHOW-136.jpg 2048w, https:\/\/entrenotasyacordes.com\/wp-content\/uploads\/2025\/05\/1746720126623-VM-14.3-SHOW-136-300x200.jpg 300w, https:\/\/entrenotasyacordes.com\/wp-content\/uploads\/2025\/05\/1746720126623-VM-14.3-SHOW-136-1024x683.jpg 1024w, https:\/\/entrenotasyacordes.com\/wp-content\/uploads\/2025\/05\/1746720126623-VM-14.3-SHOW-136-768x512.jpg 768w, https:\/\/entrenotasyacordes.com\/wp-content\/uploads\/2025\/05\/1746720126623-VM-14.3-SHOW-136-1536x1024.jpg 1536w\" sizes=\"auto, (max-width: 2048px) 100vw, 2048px\" \/><\/figure>\n<\/div>\n\n\n<p>Hace casi dos a\u00f1os la m\u00fasica argentina se revolucion\u00f3 por la llegada a la escena de Valentino Merlo, el cantante que es furor a nivel nacional y cuya voz cautiva a todo el mundo. El nuevo hacedor de hits ya cautiv\u00f3 a \u00c1ngel Di Mar\u00eda, Franco Colapinto y muchos m\u00e1s cosech\u00f3, seg\u00fan YouTube Music Charts, m\u00e1s de 715 millones de visualizaciones durante el \u00faltimo a\u00f1o a nivel global. Su tema \u201cHoy\u201d que cant\u00f3 junto a The La Planta, ya lleva m\u00e1s de 306 millones de visualizaciones<\/p>\n\n\n\n<p>Sin dudas, Valentino es el cantante del momento. Naci\u00f3 en Rosario y desde los siete a\u00f1os comenz\u00f3 su amor por la m\u00fasica. Su primera descubridora fue su abuela que lo escuch\u00f3 cantar \u201cCactus\u201d de Abel Pintos en las escaleras de su casa y lo incentiv\u00f3 para que comenzara a estudiar canto.<\/p>\n\n\n\n<p>En el 2023, a sus 14 a\u00f1os, su vida cambi\u00f3 para siempre. Las redes sociales fueron las encargadas de mostrar su talento. Se viraliz\u00f3 un video de \u00e9l cantando en una pileta y, a partir de ah\u00ed, todos se preguntaron qui\u00e9n era ese ni\u00f1o con un don tan grande.&nbsp;<\/p>\n\n\n\n<p>En tan solo un a\u00f1o, Valentino bate r\u00e9cords.&nbsp; Casi 900000 seguidores en Instagram, 208 millones de reproducciones en su tema \u201cHoy\u201d que interpreta junto a The La Planta y 19 millones con \u201cTu otra mitad\u201d y los n\u00fameros siguen creciendo d\u00eda a d\u00eda.&nbsp;<\/p>\n","protected":false},"excerpt":{"rendered":"","protected":false},"author":5,"featured_media":15352,"comment_status":"open","ping_status":"open","sticky":false,"template":"","format":"standard","meta":{"om_disable_all_campaigns":false,"_uf_show_specific_survey":0,"_uf_disable_surveys":false,"footnotes":""},"categories":[36],"tags":[],"class_list":["post-15351","post","type-post","status-publish","format-standard","has-post-thumbnail","hentry","category-conciertos"],"_links":{"self":[{"href":"https:\/\/entrenotasyacordes.com\/index.php?rest_route=\/wp\/v2\/posts\/15351","targetHints":{"allow":["GET"]}}],"collection":[{"href":"https:\/\/entrenotasyacordes.com\/index.php?rest_route=\/wp\/v2\/posts"}],"about":[{"href":"https:\/\/entrenotasyacordes.com\/index.php?rest_route=\/wp\/v2\/types\/post"}],"author":[{"embeddable":true,"href":"https:\/\/entrenotasyacordes.com\/index.php?rest_route=\/wp\/v2\/users\/5"}],"replies":[{"embeddable":true,"href":"https:\/\/entrenotasyacordes.com\/index.php?rest_route=%2Fwp%2Fv2%2Fcomments&post=15351"}],"version-history":[{"count":1,"href":"https:\/\/entrenotasyacordes.com\/index.php?rest_route=\/wp\/v2\/posts\/15351\/revisions"}],"predecessor-version":[{"id":15354,"href":"https:\/\/entrenotasyacordes.com\/index.php?rest_route=\/wp\/v2\/posts\/15351\/revisions\/15354"}],"wp:featuredmedia":[{"embeddable":true,"href":"https:\/\/entrenotasyacordes.com\/index.php?rest_route=\/wp\/v2\/media\/15352"}],"wp:attachment":[{"href":"https:\/\/entrenotasyacordes.com\/index.php?rest_route=%2Fwp%2Fv2%2Fmedia&parent=15351"}],"wp:term":[{"taxonomy":"category","embeddable":true,"href":"https:\/\/entrenotasyacordes.com\/index.php?rest_route=%2Fwp%2Fv2%2Fcategories&post=15351"},{"taxonomy":"post_tag","embeddable":true,"href":"https:\/\/entrenotasyacordes.com\/index.php?rest_route=%2Fwp%2Fv2%2Ftags&post=15351"}],"curies":[{"name":"wp","href":"https:\/\/api.w.org\/{rel}","templated":true}]}}