{"id":15355,"date":"2025-05-13T17:42:28","date_gmt":"2025-05-13T17:42:28","guid":{"rendered":"https:\/\/entrenotasyacordes.com\/?p=15355"},"modified":"2025-05-13T17:42:47","modified_gmt":"2025-05-13T17:42:47","slug":"conoce-el-nuevo-poster-de-superman","status":"publish","type":"post","link":"https:\/\/entrenotasyacordes.com\/?p=15355","title":{"rendered":"CONOC\u00c9 EL NUEVO P\u00d3STER DE\u00a0SUPERMAN"},"content":{"rendered":"\n<!--more-->\n\n\n<div class=\"wp-block-image\">\n<figure class=\"aligncenter size-full\"><img loading=\"lazy\" decoding=\"async\" width=\"1728\" height=\"2560\" src=\"https:\/\/entrenotasyacordes.com\/wp-content\/uploads\/2025\/05\/LM_SPRMAN_VERT_MAIN_2764x4096_INTL-1-scaled.jpg\" alt=\"\" class=\"wp-image-15357\" srcset=\"https:\/\/entrenotasyacordes.com\/wp-content\/uploads\/2025\/05\/LM_SPRMAN_VERT_MAIN_2764x4096_INTL-1-scaled.jpg 1728w, https:\/\/entrenotasyacordes.com\/wp-content\/uploads\/2025\/05\/LM_SPRMAN_VERT_MAIN_2764x4096_INTL-1-202x300.jpg 202w, https:\/\/entrenotasyacordes.com\/wp-content\/uploads\/2025\/05\/LM_SPRMAN_VERT_MAIN_2764x4096_INTL-1-691x1024.jpg 691w, https:\/\/entrenotasyacordes.com\/wp-content\/uploads\/2025\/05\/LM_SPRMAN_VERT_MAIN_2764x4096_INTL-1-768x1138.jpg 768w, https:\/\/entrenotasyacordes.com\/wp-content\/uploads\/2025\/05\/LM_SPRMAN_VERT_MAIN_2764x4096_INTL-1-1037x1536.jpg 1037w, https:\/\/entrenotasyacordes.com\/wp-content\/uploads\/2025\/05\/LM_SPRMAN_VERT_MAIN_2764x4096_INTL-1-1382x2048.jpg 1382w, https:\/\/entrenotasyacordes.com\/wp-content\/uploads\/2025\/05\/LM_SPRMAN_VERT_MAIN_2764x4096_INTL-1-1024x1517.jpg 1024w\" sizes=\"auto, (max-width: 1728px) 100vw, 1728px\" \/><\/figure>\n<\/div>\n\n\n<p class=\"has-text-align-center\"><strong>Mir\u00e1 hacia arriba. #Superman &#8211; 10 de julio, solo en cines.<\/strong><\/p>\n\n\n\n<p><strong>\u201cSuperman\u201d<\/strong>, el primer largometraje de DC Studios que llegar\u00e1 a la pantalla grande, Se espera que llegue a los cines de todo el mundo de la mano de Warner Bros. Pictures. En su estilo caracter\u00edstico, James Gunn asume el papel del superh\u00e9roe original en el nuevo universo de DC, con una singular mezcla de acci\u00f3n \u00e9pica, humor y coraz\u00f3n, ofreciendo un Superman impulsado por la compasi\u00f3n y una creencia inherente en la bondad de la humanidad. \u00a0<\/p>\n\n\n\n<p>Los responsables de DC Studios, Peter Safran y Gunn, producen la pel\u00edcula, que Gunn dirige a partir de su propio guion, basado en personajes de DC, siendo Superman creado por Jerry Siegel y Joe Shuster. &nbsp;<\/p>\n\n\n\n<p>La pel\u00edcula cuenta con David Corenswet (\u201cTwisters\u201d, \u201cHollywood\u201d) en el doble papel de Superman\/Clark Kent, Rachel Brosnahan (\u201cThe Marvelous Mrs. Maisel\u201d) como Lois Lane y Nicholas Hoult (las pel\u00edculas de \u201cX-Men\u201d, \u201cJuror #2\u201d) como Lex Luthor. La pel\u00edcula tambi\u00e9n cuenta con Edi Gathegi (\u201cFor All Mankind\u201d), Anthony Carrigan (\u201cBarry\u201d, \u201cGotham\u201d), Nathan Fillion (las pel\u00edculas de \u201cGuardians of the Galaxy\u201d, \u201cThe Suicide Squad\u201d), Isabela Merced (\u201cAlien Romulus\u201d), Skyler Gisondo (\u201cLicorice Pizza\u201d, \u201cBooksmart\u201d), Sara Sampaio (\u201cAt Midnight\u201d), Mar\u00eda Gabriela de Far\u00eda (\u201cThe Moodys\u201d), Wendell Pierce (\u201cSelma\u201d, \u201cTom Clancy\u2019s Jack Ryan\u201d), Alan Tudyk (\u201cAndor\u201d), Pruitt Taylor Vince (\u201cBird Box\u201d) y Neva Howell (\u201cGreedy People\u201d). &nbsp;<\/p>\n\n\n\n<p><strong>\u201cSuperman\u201d<\/strong>&nbsp;es producida ejecutivamente por Nikolas Korda, Chantal Nong Vo y Lars Winther. Detr\u00e1s de c\u00e1mara, Gunn se une a colaboradores frecuentes, incluido el director de fotograf\u00eda Henry Braham, la dise\u00f1adora de producci\u00f3n Beth Mickle, la dise\u00f1adora de vestuario Judianna Makovsky y el compositor John Murphy, junto con el compositor David Fleming (\u201cThe Last of Us\u201d) y los editores William Hoy (\u201cThe Batman\u201d) y Craig Alpert (\u201cDeadpool 2,\u201d \u201cBlue Beetle\u201d). &nbsp;<\/p>\n\n\n\n<p>DC Studios presenta una producci\u00f3n de Troll Court Entertainment\/The Safran Company, una pel\u00edcula de James Gunn,&nbsp;<strong>\u201cSuperman\u201d<\/strong>, que se estrenar\u00e1 en cines e IMAX\u00ae&nbsp;a nivel internacional a partir del 9 de julio de 2025, distribuida por Warner Bros. Pictures.<\/p>\n\n\n\n<p><\/p>\n","protected":false},"excerpt":{"rendered":"","protected":false},"author":5,"featured_media":15357,"comment_status":"open","ping_status":"open","sticky":false,"template":"","format":"standard","meta":{"om_disable_all_campaigns":false,"_uf_show_specific_survey":0,"_uf_disable_surveys":false,"footnotes":""},"categories":[9],"tags":[],"class_list":["post-15355","post","type-post","status-publish","format-standard","has-post-thumbnail","hentry","category-cine-y-teatro"],"_links":{"self":[{"href":"https:\/\/entrenotasyacordes.com\/index.php?rest_route=\/wp\/v2\/posts\/15355","targetHints":{"allow":["GET"]}}],"collection":[{"href":"https:\/\/entrenotasyacordes.com\/index.php?rest_route=\/wp\/v2\/posts"}],"about":[{"href":"https:\/\/entrenotasyacordes.com\/index.php?rest_route=\/wp\/v2\/types\/post"}],"author":[{"embeddable":true,"href":"https:\/\/entrenotasyacordes.com\/index.php?rest_route=\/wp\/v2\/users\/5"}],"replies":[{"embeddable":true,"href":"https:\/\/entrenotasyacordes.com\/index.php?rest_route=%2Fwp%2Fv2%2Fcomments&post=15355"}],"version-history":[{"count":2,"href":"https:\/\/entrenotasyacordes.com\/index.php?rest_route=\/wp\/v2\/posts\/15355\/revisions"}],"predecessor-version":[{"id":15359,"href":"https:\/\/entrenotasyacordes.com\/index.php?rest_route=\/wp\/v2\/posts\/15355\/revisions\/15359"}],"wp:featuredmedia":[{"embeddable":true,"href":"https:\/\/entrenotasyacordes.com\/index.php?rest_route=\/wp\/v2\/media\/15357"}],"wp:attachment":[{"href":"https:\/\/entrenotasyacordes.com\/index.php?rest_route=%2Fwp%2Fv2%2Fmedia&parent=15355"}],"wp:term":[{"taxonomy":"category","embeddable":true,"href":"https:\/\/entrenotasyacordes.com\/index.php?rest_route=%2Fwp%2Fv2%2Fcategories&post=15355"},{"taxonomy":"post_tag","embeddable":true,"href":"https:\/\/entrenotasyacordes.com\/index.php?rest_route=%2Fwp%2Fv2%2Ftags&post=15355"}],"curies":[{"name":"wp","href":"https:\/\/api.w.org\/{rel}","templated":true}]}}