{"id":15386,"date":"2025-05-15T13:16:48","date_gmt":"2025-05-15T13:16:48","guid":{"rendered":"https:\/\/entrenotasyacordes.com\/?p=15386"},"modified":"2025-05-15T13:16:49","modified_gmt":"2025-05-15T13:16:49","slug":"pely-lanza-cerca-de-ti-single-y-videoclip-adelanto-de-su-disco-debut","status":"publish","type":"post","link":"https:\/\/entrenotasyacordes.com\/?p=15386","title":{"rendered":"PELY lanza \u201cCerca de t\u00ed\u201d, single y videoclip adelanto de su disco debut"},"content":{"rendered":"\n<!--more-->\n\n\n<div class=\"wp-block-image\">\n<figure class=\"aligncenter size-full is-resized\"><img loading=\"lazy\" decoding=\"async\" width=\"800\" height=\"882\" src=\"https:\/\/entrenotasyacordes.com\/wp-content\/uploads\/2025\/05\/PELY_tapa_single.jpg\" alt=\"\" class=\"wp-image-15387\" style=\"width:654px;height:auto\" srcset=\"https:\/\/entrenotasyacordes.com\/wp-content\/uploads\/2025\/05\/PELY_tapa_single.jpg 800w, https:\/\/entrenotasyacordes.com\/wp-content\/uploads\/2025\/05\/PELY_tapa_single-272x300.jpg 272w, https:\/\/entrenotasyacordes.com\/wp-content\/uploads\/2025\/05\/PELY_tapa_single-768x847.jpg 768w\" sizes=\"auto, (max-width: 800px) 100vw, 800px\" \/><\/figure>\n<\/div>\n\n\n<p>Carlos Gabriel Aguayo, conocido art\u00edsticamente como&nbsp;<strong>PELY<\/strong>, naci\u00f3 el 21 de octubre de 1993 en Buenos Aires. &nbsp;<\/p>\n\n\n\n<p>A los 7 a\u00f1os se mud\u00f3 con su familia a Estados Unidos, donde vivi\u00f3 hasta el a\u00f1o 2023. La m\u00fasica fue parte fundamental de su vida, influenciado por su madre, empez\u00f3 a cantar desde muy peque\u00f1o. &nbsp; Sin embargo, su v\u00ednculo con el arte comenz\u00f3 antes: a tan s\u00f3lo 1 a\u00f1o de edad particip\u00f3 en la reconocida serie&nbsp;<em>Sin Condena<\/em>&nbsp;de la televisi\u00f3n argentina, actuando junto a figuras como Gerardo Romano y Carolina Papaleo. &nbsp;<\/p>\n\n\n\n<p>A los 15 a\u00f1os empez\u00f3 a grabarse de forma autodidacta usando programas como Cool Edit Pro, y desde entonces no dej\u00f3 de explorar el mundo de la producci\u00f3n musical y audiovisual. Estudi\u00f3 vocalizaci\u00f3n y performance y tambi\u00e9n realiz\u00f3 cursos en la prestigiosa Berklee College of Music. Su primer contrato como cantante profesional fue con la banda Pulse, con la cual recorri\u00f3 escenarios de Nueva York, Nueva Jersey y otros puntos de la costa este de Estado Unidos. M\u00e1s adelante form\u00f3 su propia banda: Crash The Party, con la que realiz\u00f3 m\u00e1s de 100 shows en salas como el Hard Rock, Bally\u2019s, Resorts y otros reconocidos casinos y teatros.<\/p>\n\n\n\n<p>Bajo el seud\u00f3nimo&nbsp;<em>Gabriel Hitmaker<\/em>, vivi\u00f3 una etapa de viralizaci\u00f3n con temas originales que llegaron a superar las 100.000 descargas individuales en plataformas de m\u00fasica, con fans de distintos pa\u00edses creando coreograf\u00edas y contenido en redes. Aunque muchas de esas canciones desaparecieron por conflictos con los derechos de beats, a\u00fan quedan videos y registros de esa \u00e9poca en YouTube. Una de sus versiones m\u00e1s reconocidas fue \u00abOtra Noche\u00bb, que alcanz\u00f3 m\u00e1s de 1 mill\u00f3n de reproducciones en Instagram, generando gran repercusi\u00f3n en redes.<\/p>\n\n\n\n<p>En forma paralela a su carrera como artista, fund\u00f3 su propia empresa de producci\u00f3n, especializ\u00e1ndose en m\u00fasica, videoclips, grabaciones y tecnolog\u00eda audiovisual como iluminaci\u00f3n automatizada. Esta experiencia lo posicion\u00f3 como un artista-productor integral, combinando visi\u00f3n creativa con dominio t\u00e9cnico. Gracias a sus covers y presencia online, conoci\u00f3 al reconocido productor Marcelo Predacino, con quien forj\u00f3 una fuerte conexi\u00f3n creativa. Durante el Mundial de Qatar, viaj\u00f3 a Buenos Aires para grabar nuevas canciones y conocer al equipo en persona, reencontr\u00e1ndose con su identidad como artista original. &nbsp;<\/p>\n\n\n\n<p>En la actualidad, Carlos&nbsp;<strong>PELY<\/strong>&nbsp;Aguayo se prepara para lanzar sus primeros temas originales como solista, acompa\u00f1ado por un equipo de primer nivel y una propuesta que combina a\u00f1os de experiencia, versatilidad art\u00edstica y una pasi\u00f3n genuina por la m\u00fasica. Ahora es turno de presentar \u201cCerca de t\u00ed\u201d, single y video adelanto de su disco debut. &nbsp; &nbsp;<\/p>\n\n\n\n<figure class=\"wp-block-embed is-type-video is-provider-youtube wp-block-embed-youtube wp-embed-aspect-16-9 wp-has-aspect-ratio\"><div class=\"wp-block-embed__wrapper\">\n<div class=\"epyt-video-wrapper\"><iframe loading=\"lazy\"  id=\"_ytid_53469\"  width=\"640\" height=\"360\"  data-origwidth=\"640\" data-origheight=\"360\" src=\"https:\/\/www.youtube.com\/embed\/09wuTWnB2TY?enablejsapi=1&#038;autoplay=0&#038;cc_load_policy=0&#038;cc_lang_pref=&#038;iv_load_policy=1&#038;loop=0&#038;rel=1&#038;fs=1&#038;playsinline=0&#038;autohide=2&#038;theme=dark&#038;color=white&#038;controls=1&#038;\" class=\"__youtube_prefs__  epyt-is-override  no-lazyload\" data-vol=\"50\"  title=\"YouTube player\"  allow=\"fullscreen; accelerometer; autoplay; clipboard-write; encrypted-media; gyroscope; picture-in-picture; web-share\" referrerpolicy=\"strict-origin-when-cross-origin\" allowfullscreen data-no-lazy=\"1\" data-skipgform_ajax_framebjll=\"\"><\/iframe><\/div>\n<\/div><\/figure>\n","protected":false},"excerpt":{"rendered":"","protected":false},"author":5,"featured_media":15387,"comment_status":"open","ping_status":"open","sticky":false,"template":"","format":"standard","meta":{"om_disable_all_campaigns":false,"_uf_show_specific_survey":0,"_uf_disable_surveys":false,"footnotes":""},"categories":[4],"tags":[],"class_list":["post-15386","post","type-post","status-publish","format-standard","has-post-thumbnail","hentry","category-musica"],"_links":{"self":[{"href":"https:\/\/entrenotasyacordes.com\/index.php?rest_route=\/wp\/v2\/posts\/15386","targetHints":{"allow":["GET"]}}],"collection":[{"href":"https:\/\/entrenotasyacordes.com\/index.php?rest_route=\/wp\/v2\/posts"}],"about":[{"href":"https:\/\/entrenotasyacordes.com\/index.php?rest_route=\/wp\/v2\/types\/post"}],"author":[{"embeddable":true,"href":"https:\/\/entrenotasyacordes.com\/index.php?rest_route=\/wp\/v2\/users\/5"}],"replies":[{"embeddable":true,"href":"https:\/\/entrenotasyacordes.com\/index.php?rest_route=%2Fwp%2Fv2%2Fcomments&post=15386"}],"version-history":[{"count":1,"href":"https:\/\/entrenotasyacordes.com\/index.php?rest_route=\/wp\/v2\/posts\/15386\/revisions"}],"predecessor-version":[{"id":15388,"href":"https:\/\/entrenotasyacordes.com\/index.php?rest_route=\/wp\/v2\/posts\/15386\/revisions\/15388"}],"wp:featuredmedia":[{"embeddable":true,"href":"https:\/\/entrenotasyacordes.com\/index.php?rest_route=\/wp\/v2\/media\/15387"}],"wp:attachment":[{"href":"https:\/\/entrenotasyacordes.com\/index.php?rest_route=%2Fwp%2Fv2%2Fmedia&parent=15386"}],"wp:term":[{"taxonomy":"category","embeddable":true,"href":"https:\/\/entrenotasyacordes.com\/index.php?rest_route=%2Fwp%2Fv2%2Fcategories&post=15386"},{"taxonomy":"post_tag","embeddable":true,"href":"https:\/\/entrenotasyacordes.com\/index.php?rest_route=%2Fwp%2Fv2%2Ftags&post=15386"}],"curies":[{"name":"wp","href":"https:\/\/api.w.org\/{rel}","templated":true}]}}