{"id":15389,"date":"2025-05-15T13:21:56","date_gmt":"2025-05-15T13:21:56","guid":{"rendered":"https:\/\/entrenotasyacordes.com\/?p=15389"},"modified":"2025-05-15T13:21:57","modified_gmt":"2025-05-15T13:21:57","slug":"jaze-presenta-su-nuevo-album-quiza-no-es-para-tanto-8-de-julio-en-niceto-club","status":"publish","type":"post","link":"https:\/\/entrenotasyacordes.com\/?p=15389","title":{"rendered":"Jaze presenta su nuevo \u00e1lbum\u00a0\u201cQuiz\u00e1 no es para tanto\u201d 8 de Julio en Niceto Club"},"content":{"rendered":"\n<!--more-->\n\n\n<div class=\"wp-block-image\">\n<figure class=\"aligncenter size-full is-resized\"><img loading=\"lazy\" decoding=\"async\" width=\"378\" height=\"378\" src=\"https:\/\/entrenotasyacordes.com\/wp-content\/uploads\/2025\/05\/3d8b31a1-0fea-4aa2-af43-ec2d49a7e2af.jpg\" alt=\"\" class=\"wp-image-15390\" style=\"width:486px;height:auto\" srcset=\"https:\/\/entrenotasyacordes.com\/wp-content\/uploads\/2025\/05\/3d8b31a1-0fea-4aa2-af43-ec2d49a7e2af.jpg 378w, https:\/\/entrenotasyacordes.com\/wp-content\/uploads\/2025\/05\/3d8b31a1-0fea-4aa2-af43-ec2d49a7e2af-300x300.jpg 300w, https:\/\/entrenotasyacordes.com\/wp-content\/uploads\/2025\/05\/3d8b31a1-0fea-4aa2-af43-ec2d49a7e2af-150x150.jpg 150w, https:\/\/entrenotasyacordes.com\/wp-content\/uploads\/2025\/05\/3d8b31a1-0fea-4aa2-af43-ec2d49a7e2af-50x50.jpg 50w\" sizes=\"auto, (max-width: 378px) 100vw, 378px\" \/><\/figure>\n<\/div>\n\n\n<p class=\"has-text-align-center\">Entradas anticipadas en venta a trav\u00e9s de\u00a0<strong><a href=\"https:\/\/click.emails.sonymusicfans.com\/?qs=32827ab73f5d371396e7a0df2244e347bcf0fd9dc5046fc9d69fd2ebd9f11eb20fb8d9660e1149f1bda81d6a7ccf4e94a98ff5063c6989ae\">www.passline.com<\/a><\/strong><\/p>\n\n\n\n<p class=\"has-text-align-left\"><strong><em>Tras una magistral presentaci\u00f3n en el Festival Est\u00e9reo Picnic en Colombia, el artista peruano Jaze estrena su nuevo disco, \u00abQuiz\u00e1 no es para tanto\u00bb, en un imperdible show el pr\u00f3ximo 8 de Julio en Niceto Club. Un trabajo que naci\u00f3 sin reglas y refleja su esencia m\u00e1s pura.<\/em><\/strong><\/p>\n\n\n\n<p class=\"has-text-align-left\">Acompa\u00f1ado por su banda, el artista peruano ofrecer\u00e1 un recorrido por las canciones de su nuevo disco, junto a versiones especiales de temas anteriores. La propuesta combina una puesta en escena sensible, pasajes ac\u00fasticos, y un enfoque sonoro c\u00e1lido y emocional.<\/p>\n\n\n\n<p>La fecha en Niceto marcar\u00e1 un reencuentro con su p\u00fablico porte\u00f1o, en un concierto que recorre las canciones del nuevo disco &#8211; como&nbsp;<strong>\u201cNo le mienta a mam\u00e1\u201d<\/strong>,&nbsp;<strong>\u201cMil procedimientos\u201d<\/strong>,&nbsp;<strong>\u201cCaminar al rev\u00e9s\u201d<\/strong>&nbsp;y&nbsp;<strong>\u201cQNEPT\u201d<\/strong>&#8211;&nbsp;y tambi\u00e9n revisita composiciones que han sido clave en su camino.<\/p>\n\n\n\n<p class=\"has-text-align-left\">Sin artificios ni f\u00f3rmulas,\u00a0<strong>el show propone una entrega honesta y profundamente emocional<\/strong>.<\/p>\n\n\n\n<p class=\"has-text-align-left\"><strong>SOBRE EL \u00c1LBUM<\/strong><br><em>Quiz\u00e1 no es para tanto,<\/em>&nbsp;es el tercer trabajo de estudio de&nbsp;<strong>Jaze<\/strong>, lanzado en 2025. Concebido sin f\u00f3rmulas ni estructuras predefinidas, el \u00e1lbum fue compuesto a lo largo de varios a\u00f1os entre Lima y Buenos Aires, y producido por&nbsp;<strong>Nicol\u00e1s Btesh<\/strong>&nbsp;y&nbsp;<strong>Diego Mema<\/strong>. Su sonido es introspectivo, org\u00e1nico y personal, con 11 canciones que llegaron de forma libre, sin presi\u00f3n ni intenci\u00f3n de encajar en moldes.<\/p>\n\n\n\n<p>El disco incluye colaboraciones con&nbsp;<strong>Caloncho<\/strong>,&nbsp;<strong>Willy Rodr\u00edguez<\/strong>&nbsp;y&nbsp;<strong>Elsa y Elmar<\/strong>, y propone un mensaje simple y poderoso:&nbsp;<strong>quiz\u00e1 nada es tan grave cuando se tiene la oportunidad de vivirlo, sentirlo y compartirlo<\/strong>.<\/p>\n\n\n\n<p>\u00ab<em>En enero de 2024, compuse \u2018Quiz\u00e1 no es para tanto\u2019 sin imaginar que terminar\u00eda d\u00e1ndole t\u00edtulo al disco. Hasta entonces lo llamaba \u2018Disco de Madera\u2019, inspirado en la calidez del estudio El Mar, donde grabamos desde 2021. Al revisar la lista de temas entend\u00ed que este \u00e1lbum reflejaba mi crecimiento y un mensaje con el que conect\u00e9 profundamente: quiz\u00e1 nada es para tanto comparado con lo maravilloso que es estar vivo y experimentar la vida<\/em>\u00ab, menciona Jaze sobre el origen del nombre del \u00e1lbum.<\/p>\n\n\n\n<p class=\"has-text-align-left\">El \u00faltimo single de Jaze, \u00abQNEPT\u00bb, acr\u00f3nimo de su nuevo \u00e1lbum, surgi\u00f3 como una idea libre y termin\u00f3 siendo el alma del proyecto. La canci\u00f3n fue creada en la intimidad de un cuarto en Lima y, sin imaginarlo, fluy\u00f3 la m\u00fasica y letra. Jaze explic\u00f3 que la melod\u00eda llevaba tres a\u00f1os guardada como una nota de voz en su celular hasta que finalmente encontr\u00f3 su momento para salir a la luz.<\/p>\n\n\n\n<figure class=\"wp-block-embed is-type-video is-provider-youtube wp-block-embed-youtube wp-embed-aspect-16-9 wp-has-aspect-ratio\"><div class=\"wp-block-embed__wrapper\">\n<div class=\"epyt-video-wrapper\"><iframe loading=\"lazy\"  id=\"_ytid_69368\"  width=\"640\" height=\"360\"  data-origwidth=\"640\" data-origheight=\"360\" src=\"https:\/\/www.youtube.com\/embed\/h8TPz6IspCU?enablejsapi=1&#038;autoplay=0&#038;cc_load_policy=0&#038;cc_lang_pref=&#038;iv_load_policy=1&#038;loop=0&#038;rel=1&#038;fs=1&#038;playsinline=0&#038;autohide=2&#038;theme=dark&#038;color=white&#038;controls=1&#038;\" class=\"__youtube_prefs__  epyt-is-override  no-lazyload\" data-vol=\"50\"  title=\"YouTube player\"  allow=\"fullscreen; accelerometer; autoplay; clipboard-write; encrypted-media; gyroscope; picture-in-picture; web-share\" referrerpolicy=\"strict-origin-when-cross-origin\" allowfullscreen data-no-lazy=\"1\" data-skipgform_ajax_framebjll=\"\"><\/iframe><\/div>\n<\/div><\/figure>\n\n\n\n<p class=\"has-text-align-center\"><strong>SOBRE JAZE<\/strong><\/p>\n\n\n\n<p><strong>Juan Carlos Iwasaki La Puente<\/strong>, m\u00e1s conocido como\u00a0<strong>Jaze<\/strong>, es un artista peruano de 25 a\u00f1os radicado en Buenos Aires, Argentina. Durante su adolescencia, se dio a conocer como freestyler, ganando competencias internacionales como\u00a0<strong>Red Bull<\/strong>\u00a0y\u00a0<strong>FMS<\/strong>.<\/p>\n\n\n\n<p>En 2019 inici\u00f3 su carrera musical como solista, lanzando varias canciones hasta que en 2021 present\u00f3&nbsp;<em>Personalidad 7<\/em>, su primer \u00e1lbum. Con&nbsp;<em>Toy Lokazo<\/em>, su segundo trabajo, present\u00f3 su alter ego y comenz\u00f3 a ganar territorio en la escena musical no s\u00f3lo de su pa\u00eds, sino tambi\u00e9n de Latinoam\u00e9rica.<\/p>\n\n\n\n<p>En 2025 lanza&nbsp;<em>Quiz\u00e1 no es para tanto<\/em>, su tercer \u00e1lbum de estudio: una obra introspectiva, sin f\u00f3rmulas, compuesta desde la libertad y el deseo de conectar con lo esencial. Grabado entre Lima y Buenos Aires, y producido por&nbsp;<strong>Nicol\u00e1s Btesh<\/strong>&nbsp;y&nbsp;<strong>Diego Mema<\/strong>, el disco propone una sonoridad c\u00e1lida, org\u00e1nica y emocional. Con 11 canciones y colaboraciones con&nbsp;<strong>Caloncho<\/strong>,&nbsp;<strong>Willy Rodr\u00edguez<\/strong>&nbsp;y&nbsp;<strong>Elsa y Elmar<\/strong>, Jaze se aleja de estructuras y construye un relato sincero que refleja su madurez art\u00edstica.<\/p>\n\n\n\n<p>Con m\u00e1s de medio mill\u00f3n de oyentes mensuales en Spotify, m\u00e1s de un mill\u00f3n de seguidores en Instagram, y un sonido experimental que mezcla hip-hop, sonidos de ra\u00edz y bases electr\u00f3nicas, Jaze se posiciona como una de las propuestas m\u00e1s interesantes de la nueva generaci\u00f3n de artistas latinoamericanos.<\/p>\n\n\n\n<p>Una oportunidad \u00fanica para experimentar en vivo una obra honesta, sin artificios, en uno de los escenarios m\u00e1s ic\u00f3nicos de la ciudad.<\/p>\n","protected":false},"excerpt":{"rendered":"","protected":false},"author":5,"featured_media":15390,"comment_status":"open","ping_status":"open","sticky":false,"template":"","format":"standard","meta":{"om_disable_all_campaigns":false,"_uf_show_specific_survey":0,"_uf_disable_surveys":false,"footnotes":""},"categories":[36],"tags":[],"class_list":["post-15389","post","type-post","status-publish","format-standard","has-post-thumbnail","hentry","category-conciertos"],"_links":{"self":[{"href":"https:\/\/entrenotasyacordes.com\/index.php?rest_route=\/wp\/v2\/posts\/15389","targetHints":{"allow":["GET"]}}],"collection":[{"href":"https:\/\/entrenotasyacordes.com\/index.php?rest_route=\/wp\/v2\/posts"}],"about":[{"href":"https:\/\/entrenotasyacordes.com\/index.php?rest_route=\/wp\/v2\/types\/post"}],"author":[{"embeddable":true,"href":"https:\/\/entrenotasyacordes.com\/index.php?rest_route=\/wp\/v2\/users\/5"}],"replies":[{"embeddable":true,"href":"https:\/\/entrenotasyacordes.com\/index.php?rest_route=%2Fwp%2Fv2%2Fcomments&post=15389"}],"version-history":[{"count":1,"href":"https:\/\/entrenotasyacordes.com\/index.php?rest_route=\/wp\/v2\/posts\/15389\/revisions"}],"predecessor-version":[{"id":15391,"href":"https:\/\/entrenotasyacordes.com\/index.php?rest_route=\/wp\/v2\/posts\/15389\/revisions\/15391"}],"wp:featuredmedia":[{"embeddable":true,"href":"https:\/\/entrenotasyacordes.com\/index.php?rest_route=\/wp\/v2\/media\/15390"}],"wp:attachment":[{"href":"https:\/\/entrenotasyacordes.com\/index.php?rest_route=%2Fwp%2Fv2%2Fmedia&parent=15389"}],"wp:term":[{"taxonomy":"category","embeddable":true,"href":"https:\/\/entrenotasyacordes.com\/index.php?rest_route=%2Fwp%2Fv2%2Fcategories&post=15389"},{"taxonomy":"post_tag","embeddable":true,"href":"https:\/\/entrenotasyacordes.com\/index.php?rest_route=%2Fwp%2Fv2%2Ftags&post=15389"}],"curies":[{"name":"wp","href":"https:\/\/api.w.org\/{rel}","templated":true}]}}