{"id":15392,"date":"2025-05-15T13:25:14","date_gmt":"2025-05-15T13:25:14","guid":{"rendered":"https:\/\/entrenotasyacordes.com\/?p=15392"},"modified":"2025-05-15T13:25:15","modified_gmt":"2025-05-15T13:25:15","slug":"la-delio-valdez-presenta-%c2%a8el-desvelo%c2%a8-en-la-plata","status":"publish","type":"post","link":"https:\/\/entrenotasyacordes.com\/?p=15392","title":{"rendered":"LA DELIO VALDEZ PRESENTA \u00a8EL DESVELO\u00a8 EN LA PLATA"},"content":{"rendered":"\n<!--more-->\n\n\n<div class=\"wp-block-image\">\n<figure class=\"aligncenter size-full is-resized\"><img loading=\"lazy\" decoding=\"async\" width=\"1080\" height=\"1350\" src=\"https:\/\/entrenotasyacordes.com\/wp-content\/uploads\/2025\/05\/1747061444165-1080x1350-2.jpg\" alt=\"\" class=\"wp-image-15394\" style=\"width:486px;height:auto\" srcset=\"https:\/\/entrenotasyacordes.com\/wp-content\/uploads\/2025\/05\/1747061444165-1080x1350-2.jpg 1080w, https:\/\/entrenotasyacordes.com\/wp-content\/uploads\/2025\/05\/1747061444165-1080x1350-2-240x300.jpg 240w, https:\/\/entrenotasyacordes.com\/wp-content\/uploads\/2025\/05\/1747061444165-1080x1350-2-819x1024.jpg 819w, https:\/\/entrenotasyacordes.com\/wp-content\/uploads\/2025\/05\/1747061444165-1080x1350-2-768x960.jpg 768w, https:\/\/entrenotasyacordes.com\/wp-content\/uploads\/2025\/05\/1747061444165-1080x1350-2-1024x1280.jpg 1024w\" sizes=\"auto, (max-width: 1080px) 100vw, 1080px\" \/><\/figure>\n<\/div>\n\n\n<p class=\"has-text-align-left\">Luego de celebrar sus 15 a\u00f1os con una gira internacional que los llev\u00f3 a recorrer escenarios de Latinoam\u00e9rica y Europa, y de cerrar con una poderosa serie de shows en todo el pa\u00eds \u2014incluida una noche \u00e9pica frente a 25 mil personas en el Estadio Ferro Carril Oeste\u2014,&nbsp;<strong>La Delio Valdez<\/strong>&nbsp;vuelve a sorprender con el lanzamiento de su nuevo \u00e1lbum de estudio: El Desvelo.<\/p>\n\n\n\n<p>En el marco de las presentaciones de este nuevo show, la orquesta, llega a la ciudad de<strong>&nbsp;La Plata<\/strong>&nbsp;para presentarse el&nbsp;<strong>s\u00e1bado 23 de agosto&nbsp;<\/strong>en el&nbsp;<strong>Estadio Atenas<\/strong><\/p>\n\n\n\n<p><strong>Entradas a la venta por sistema<a href=\"https:\/\/livepass.com.ar\/events\/la-delio-valdez-en-microestadio-atenas?utm_source=perfit&amp;utm_medium=email\" target=\"_blank\" rel=\"noreferrer noopener\">\u00a0Livepass<\/a>\u00a0y boleter\u00eda del teatro<\/strong><br><strong>Comprando con tarjetas Visa y MasterCard del Banco Provincia tenes 4 cuotas sin inter\u00e9s<\/strong><\/p>\n\n\n<div class=\"wp-block-image\">\n<figure class=\"aligncenter size-full is-resized\"><img loading=\"lazy\" decoding=\"async\" width=\"2560\" height=\"1707\" src=\"https:\/\/entrenotasyacordes.com\/wp-content\/uploads\/2025\/05\/1747061665357-FOTO-VIVO-COMLPETA-scaled.jpg\" alt=\"\" class=\"wp-image-15393\" style=\"width:720px;height:auto\" srcset=\"https:\/\/entrenotasyacordes.com\/wp-content\/uploads\/2025\/05\/1747061665357-FOTO-VIVO-COMLPETA-scaled.jpg 2560w, https:\/\/entrenotasyacordes.com\/wp-content\/uploads\/2025\/05\/1747061665357-FOTO-VIVO-COMLPETA-300x200.jpg 300w, https:\/\/entrenotasyacordes.com\/wp-content\/uploads\/2025\/05\/1747061665357-FOTO-VIVO-COMLPETA-1024x683.jpg 1024w, https:\/\/entrenotasyacordes.com\/wp-content\/uploads\/2025\/05\/1747061665357-FOTO-VIVO-COMLPETA-768x512.jpg 768w, https:\/\/entrenotasyacordes.com\/wp-content\/uploads\/2025\/05\/1747061665357-FOTO-VIVO-COMLPETA-1536x1024.jpg 1536w, https:\/\/entrenotasyacordes.com\/wp-content\/uploads\/2025\/05\/1747061665357-FOTO-VIVO-COMLPETA-2048x1365.jpg 2048w\" sizes=\"auto, (max-width: 2560px) 100vw, 2560px\" \/><\/figure>\n<\/div>\n\n\n<p class=\"has-text-align-left\">El nuevo disco, El Desvelo, fue lanzado el 29 de abril y est\u00e1 compuesto por 12 canciones originales que exploran tem\u00e1ticas como el amor, el desamor, la lucha personal, la celebraci\u00f3n, el deseo y la frustraci\u00f3n. Con este \u00e1lbum, la banda reafirma su identidad, utilizando la m\u00fasica como refugio y veh\u00edculo para expresar sus vivencias, pasiones y su inquebrantable b\u00fasqueda de libertad.<\/p>\n","protected":false},"excerpt":{"rendered":"","protected":false},"author":5,"featured_media":15395,"comment_status":"open","ping_status":"open","sticky":false,"template":"","format":"standard","meta":{"om_disable_all_campaigns":false,"_uf_show_specific_survey":0,"_uf_disable_surveys":false,"footnotes":""},"categories":[36],"tags":[],"class_list":["post-15392","post","type-post","status-publish","format-standard","has-post-thumbnail","hentry","category-conciertos"],"_links":{"self":[{"href":"https:\/\/entrenotasyacordes.com\/index.php?rest_route=\/wp\/v2\/posts\/15392","targetHints":{"allow":["GET"]}}],"collection":[{"href":"https:\/\/entrenotasyacordes.com\/index.php?rest_route=\/wp\/v2\/posts"}],"about":[{"href":"https:\/\/entrenotasyacordes.com\/index.php?rest_route=\/wp\/v2\/types\/post"}],"author":[{"embeddable":true,"href":"https:\/\/entrenotasyacordes.com\/index.php?rest_route=\/wp\/v2\/users\/5"}],"replies":[{"embeddable":true,"href":"https:\/\/entrenotasyacordes.com\/index.php?rest_route=%2Fwp%2Fv2%2Fcomments&post=15392"}],"version-history":[{"count":1,"href":"https:\/\/entrenotasyacordes.com\/index.php?rest_route=\/wp\/v2\/posts\/15392\/revisions"}],"predecessor-version":[{"id":15396,"href":"https:\/\/entrenotasyacordes.com\/index.php?rest_route=\/wp\/v2\/posts\/15392\/revisions\/15396"}],"wp:featuredmedia":[{"embeddable":true,"href":"https:\/\/entrenotasyacordes.com\/index.php?rest_route=\/wp\/v2\/media\/15395"}],"wp:attachment":[{"href":"https:\/\/entrenotasyacordes.com\/index.php?rest_route=%2Fwp%2Fv2%2Fmedia&parent=15392"}],"wp:term":[{"taxonomy":"category","embeddable":true,"href":"https:\/\/entrenotasyacordes.com\/index.php?rest_route=%2Fwp%2Fv2%2Fcategories&post=15392"},{"taxonomy":"post_tag","embeddable":true,"href":"https:\/\/entrenotasyacordes.com\/index.php?rest_route=%2Fwp%2Fv2%2Ftags&post=15392"}],"curies":[{"name":"wp","href":"https:\/\/api.w.org\/{rel}","templated":true}]}}