{"id":15405,"date":"2025-05-15T13:37:58","date_gmt":"2025-05-15T13:37:58","guid":{"rendered":"https:\/\/entrenotasyacordes.com\/?p=15405"},"modified":"2025-05-15T13:37:59","modified_gmt":"2025-05-15T13:37:59","slug":"fidel-presenta-arriba-primer-adelanto-de-su-proximo-album-de-estudio","status":"publish","type":"post","link":"https:\/\/entrenotasyacordes.com\/?p=15405","title":{"rendered":"FIDEL presenta ARRIBA primer adelanto de su pr\u00f3ximo \u00e1lbum de estudio"},"content":{"rendered":"\n<!--more-->\n\n\n<div class=\"wp-block-image\">\n<figure class=\"aligncenter size-full is-resized\"><img loading=\"lazy\" decoding=\"async\" width=\"2560\" height=\"2560\" src=\"https:\/\/entrenotasyacordes.com\/wp-content\/uploads\/2025\/05\/4f67e720-ba89-8e21-fc84-fb3cdd69bfe5-scaled.jpg\" alt=\"\" class=\"wp-image-15406\" style=\"width:654px;height:auto\" srcset=\"https:\/\/entrenotasyacordes.com\/wp-content\/uploads\/2025\/05\/4f67e720-ba89-8e21-fc84-fb3cdd69bfe5-scaled.jpg 2560w, https:\/\/entrenotasyacordes.com\/wp-content\/uploads\/2025\/05\/4f67e720-ba89-8e21-fc84-fb3cdd69bfe5-300x300.jpg 300w, https:\/\/entrenotasyacordes.com\/wp-content\/uploads\/2025\/05\/4f67e720-ba89-8e21-fc84-fb3cdd69bfe5-1024x1024.jpg 1024w, https:\/\/entrenotasyacordes.com\/wp-content\/uploads\/2025\/05\/4f67e720-ba89-8e21-fc84-fb3cdd69bfe5-150x150.jpg 150w, https:\/\/entrenotasyacordes.com\/wp-content\/uploads\/2025\/05\/4f67e720-ba89-8e21-fc84-fb3cdd69bfe5-768x768.jpg 768w, https:\/\/entrenotasyacordes.com\/wp-content\/uploads\/2025\/05\/4f67e720-ba89-8e21-fc84-fb3cdd69bfe5-1536x1536.jpg 1536w, https:\/\/entrenotasyacordes.com\/wp-content\/uploads\/2025\/05\/4f67e720-ba89-8e21-fc84-fb3cdd69bfe5-2048x2048.jpg 2048w, https:\/\/entrenotasyacordes.com\/wp-content\/uploads\/2025\/05\/4f67e720-ba89-8e21-fc84-fb3cdd69bfe5-50x50.jpg 50w\" sizes=\"auto, (max-width: 2560px) 100vw, 2560px\" \/><\/figure>\n<\/div>\n\n\n<p>El referente del reggae no se detiene y encara un 2025 con una nueva canci\u00f3n que pertenecer\u00e1 a su pr\u00f3ximo disco de estudio.\u00a0 Producto de su inagotable creatividad Fidel presenta: \u201cArriba\u201d, un single que dispara rimas que hipnotizan casi como un mantra, invita a ir siempre m\u00e1s all\u00e1, a no caerse y si eso sucede, a levantarse y seguir para delante.<br>\u00a0<br>A su vez el cantante nos adelanta el nombre de su nuevo \u00e1lbum: \u201cRa\u00edces muy fuertes\u201d que contar\u00e1 con 9 canciones y ver\u00e1 la luz a comienzos de junio.<br>Grabado en AFRO estudios.<br>Mezclado y masterizado por Fer Perez Cortez<\/p>\n\n\n\n<figure class=\"wp-block-embed is-type-video is-provider-youtube wp-block-embed-youtube wp-embed-aspect-16-9 wp-has-aspect-ratio\"><div class=\"wp-block-embed__wrapper\">\n<div class=\"epyt-video-wrapper\"><iframe loading=\"lazy\"  id=\"_ytid_93981\"  width=\"640\" height=\"360\"  data-origwidth=\"640\" data-origheight=\"360\" src=\"https:\/\/www.youtube.com\/embed\/xUgi5WZbv8Y?enablejsapi=1&#038;autoplay=0&#038;cc_load_policy=0&#038;cc_lang_pref=&#038;iv_load_policy=1&#038;loop=0&#038;rel=1&#038;fs=1&#038;playsinline=0&#038;autohide=2&#038;theme=dark&#038;color=white&#038;controls=1&#038;\" class=\"__youtube_prefs__  epyt-is-override  no-lazyload\" data-vol=\"50\"  title=\"YouTube player\"  allow=\"fullscreen; accelerometer; autoplay; clipboard-write; encrypted-media; gyroscope; picture-in-picture; web-share\" referrerpolicy=\"strict-origin-when-cross-origin\" allowfullscreen data-no-lazy=\"1\" data-skipgform_ajax_framebjll=\"\"><\/iframe><\/div>\n<\/div><\/figure>\n\n\n\n<p><strong><em><u>PR\u00d3XIMAS FECHAS:<\/u><\/em><\/strong><br><em>14 MAYO &#8211; Bar fly Guanajuato. MEXICO<br>15 MAYO &#8211; Bar Santa Fe Aguascalientes. MEXICO<br>25 MAYO &#8211; Dopler Texcoco, Soul Dread Neza, La Mula Bar Ecatepec MEXICO<br>19 JUNIO &#8211; Skylab San Justo. BUENOS AIRES ARG.<\/em><\/p>\n","protected":false},"excerpt":{"rendered":"","protected":false},"author":5,"featured_media":15406,"comment_status":"open","ping_status":"open","sticky":false,"template":"","format":"standard","meta":{"om_disable_all_campaigns":false,"_uf_show_specific_survey":0,"_uf_disable_surveys":false,"footnotes":""},"categories":[4],"tags":[],"class_list":["post-15405","post","type-post","status-publish","format-standard","has-post-thumbnail","hentry","category-musica"],"_links":{"self":[{"href":"https:\/\/entrenotasyacordes.com\/index.php?rest_route=\/wp\/v2\/posts\/15405","targetHints":{"allow":["GET"]}}],"collection":[{"href":"https:\/\/entrenotasyacordes.com\/index.php?rest_route=\/wp\/v2\/posts"}],"about":[{"href":"https:\/\/entrenotasyacordes.com\/index.php?rest_route=\/wp\/v2\/types\/post"}],"author":[{"embeddable":true,"href":"https:\/\/entrenotasyacordes.com\/index.php?rest_route=\/wp\/v2\/users\/5"}],"replies":[{"embeddable":true,"href":"https:\/\/entrenotasyacordes.com\/index.php?rest_route=%2Fwp%2Fv2%2Fcomments&post=15405"}],"version-history":[{"count":1,"href":"https:\/\/entrenotasyacordes.com\/index.php?rest_route=\/wp\/v2\/posts\/15405\/revisions"}],"predecessor-version":[{"id":15407,"href":"https:\/\/entrenotasyacordes.com\/index.php?rest_route=\/wp\/v2\/posts\/15405\/revisions\/15407"}],"wp:featuredmedia":[{"embeddable":true,"href":"https:\/\/entrenotasyacordes.com\/index.php?rest_route=\/wp\/v2\/media\/15406"}],"wp:attachment":[{"href":"https:\/\/entrenotasyacordes.com\/index.php?rest_route=%2Fwp%2Fv2%2Fmedia&parent=15405"}],"wp:term":[{"taxonomy":"category","embeddable":true,"href":"https:\/\/entrenotasyacordes.com\/index.php?rest_route=%2Fwp%2Fv2%2Fcategories&post=15405"},{"taxonomy":"post_tag","embeddable":true,"href":"https:\/\/entrenotasyacordes.com\/index.php?rest_route=%2Fwp%2Fv2%2Ftags&post=15405"}],"curies":[{"name":"wp","href":"https:\/\/api.w.org\/{rel}","templated":true}]}}