{"id":15408,"date":"2025-05-15T13:42:36","date_gmt":"2025-05-15T13:42:36","guid":{"rendered":"https:\/\/entrenotasyacordes.com\/?p=15408"},"modified":"2025-05-15T13:42:37","modified_gmt":"2025-05-15T13:42:37","slug":"eruca-sativa-presenta-su-nuevo-album-de-estudio-a-tres-dias-de-la-tierra","status":"publish","type":"post","link":"https:\/\/entrenotasyacordes.com\/?p=15408","title":{"rendered":"ERUCA SATIVA PRESENTA SU NUEVO \u00c1LBUM DE ESTUDIO: \u201cA TRES D\u00cdAS DE LA TIERRA\u201d"},"content":{"rendered":"\n<!--more-->\n\n\n<div class=\"wp-block-image\">\n<figure class=\"aligncenter size-full is-resized\"><img loading=\"lazy\" decoding=\"async\" width=\"819\" height=\"819\" src=\"https:\/\/entrenotasyacordes.com\/wp-content\/uploads\/2025\/05\/b94b8101-12fe-40b9-bd3f-1556dd738856.jpg\" alt=\"\" class=\"wp-image-15409\" style=\"width:654px;height:auto\" srcset=\"https:\/\/entrenotasyacordes.com\/wp-content\/uploads\/2025\/05\/b94b8101-12fe-40b9-bd3f-1556dd738856.jpg 819w, https:\/\/entrenotasyacordes.com\/wp-content\/uploads\/2025\/05\/b94b8101-12fe-40b9-bd3f-1556dd738856-300x300.jpg 300w, https:\/\/entrenotasyacordes.com\/wp-content\/uploads\/2025\/05\/b94b8101-12fe-40b9-bd3f-1556dd738856-150x150.jpg 150w, https:\/\/entrenotasyacordes.com\/wp-content\/uploads\/2025\/05\/b94b8101-12fe-40b9-bd3f-1556dd738856-768x768.jpg 768w, https:\/\/entrenotasyacordes.com\/wp-content\/uploads\/2025\/05\/b94b8101-12fe-40b9-bd3f-1556dd738856-50x50.jpg 50w\" sizes=\"auto, (max-width: 819px) 100vw, 819px\" \/><\/figure>\n<\/div>\n\n\n<p><strong>Eruca Sativa,&nbsp;<\/strong>el power tr\u00edo formado por Lula Bertoldi, Brenda Martin y Gabriel Pedernera, presenta su&nbsp;<strong>nuevo \u00e1lbum<\/strong>&nbsp;de estudio&nbsp;<strong>\u201cA tres d\u00edas de la tierra\u201d.<\/strong><\/p>\n\n\n\n<p>Recientemente, su canci\u00f3n&nbsp;\u201c<a href=\"https:\/\/click.emails.sonymusicfans.com\/?qs=c1ad96ea8f42e9fc95853db1cf01eb353efe5d40be675237ffbb82d9f2370c2c1fbf852faf5f5f896c1f81c5dca5b601ddfbac8e53e0f2c1\">L\u00edo<\/a>\u201d,&nbsp;que forma parte del \u00e1lbum y sali\u00f3 a la luz el 21 de noviembre, fue nominada a los&nbsp;<strong>Premios Gardel 2025<\/strong>&nbsp;en la categor\u00eda&nbsp;<strong>\u201cMejor canci\u00f3n de rock\u201d<\/strong>. &nbsp;Adem\u00e1s de Lio, la banda tambi\u00e9n anticip\u00f3&nbsp;\u201c<a href=\"https:\/\/click.emails.sonymusicfans.com\/?qs=5dc19eab21102fc41e52e6c30bf92c0e29a3e3b866715ca65b223fe08f07c018bf92ecb61bbf04f622f8e038e346d8f714870678c2cd1c23\">&nbsp;No pasar\u00e1n&nbsp;<\/a>\u201d&nbsp;el 20 de febrero, y&nbsp;\u201c<a href=\"https:\/\/click.emails.sonymusicfans.com\/?qs=2369cbf75f9250d49a1291085ad40b3d610e5a953511b878f9acfb5afd28446737004f4b707aba70effe51797842beb98c16832c6f08004a\">Volarte<\/a>\u201d&nbsp;el 24 de abril.<\/p>\n\n\n\n<p>El disco cont\u00f3 con la producci\u00f3n del c\u00e9lebre Afo Verde, el ingeniero fue Facundo Rodr\u00edguez, ganador de tres premios Gardel, y la asistente fue Trinity \u201cAux\u201d Wohlferd, que trabaj\u00f3 con Shakira, Rosal\u00eda, Megan Thee Stallion y Travis Scott, entre otros.<\/p>\n\n\n\n<p>La grabaci\u00f3n se realiz\u00f3 en los famosos Criteria Studios de Miami, donde se grabaron discos hist\u00f3ricos como \u201cHighway to hell\u201d de AC\/DC, \u201c461 Ocean Boulevard\u201d de Eric Clapton, \u201cHotel California\u201d de Eagles y \u201cRumours\u201d de Fleetwood Mac.<\/p>\n\n\n\n<p>Hay tres canciones (\u201cQu\u00e9 hay en vos\u201d, \u201cCanci\u00f3n urgente\u201d y \u201cPiedra\u201d) que cuentan con la participaci\u00f3n del Cuarteto de Cuerdas Luque interpretando arreglos de Irene Cadario. Fueron grabados en C\u00f3rdoba en el estudio Desd\u00e9mona por los hermanos Bergallo.<\/p>\n\n\n\n<p>Seg\u00fan cuenta el baterista&nbsp;<strong>Gabriel Pedernera<\/strong>&nbsp;en uno de los cinco episodios del documental que filmaron durante la realizaci\u00f3n de \u201cA tres d\u00edas de la Tierra\u201d:&nbsp;<em>\u201cEmpezamos a ver opciones de estudios, y Afo dijo que estar\u00eda buen\u00edsimo que vayamos a Criteria. Yo no conoc\u00eda el lugar, pero sab\u00eda que ah\u00ed se grabaron grandes discos de artistas internacionales, adem\u00e1s de un \u00e1lbum que para nosotros es muy importante, que es &#8216;Canci\u00f3n Animal&#8217; de Soda Stereo, que marc\u00f3 generaciones y es un disco muy importante de la m\u00fasica latinoamericana. Est\u00e1bamos tocando juntos a mucho volumen y eso es algo que no se puede hacer en muchos lugares, mucho menos en la \u00e9poca en que vivimos, donde los estudios quiz\u00e1s son m\u00e1s chicos, para productores que vienen con una computadora y sin la interacci\u00f3n de una banda completa\u201d.<\/em><\/p>\n\n\n\n<p>A su vez, la bajista y cantante&nbsp;<strong>Brenda Martin<\/strong>&nbsp;cont\u00f3 c\u00f3mo fueron los comienzos del proyecto:&nbsp;<em>\u201cLo empezamos a gestar en el a\u00f1o 2021, con protocolo y todo cerrado. Necesit\u00e1bamos componer y hacer algo nuevo, porque todo era muy movilizante, as\u00ed que nos metimos a un estudio e hicimos un par de zapadas que quedaron ah\u00ed, colgadas. Y de esas zapadas hay algunas cosas que ahora est\u00e1n en este disco, que es el resultado de un mont\u00f3n de cosas que fuimos viviendo a lo largo de nuestras vidas y en los \u00faltimos a\u00f1os tambi\u00e9n como banda\u201d<\/em>.<\/p>\n\n\n\n<p>Finalmente, la guitarrista y cantante&nbsp;<strong>Lula Bertoldi<\/strong>&nbsp;dice:&nbsp;<em>\u201cEruca es como una entidad. No es Brenda, Lula y Gabriel, sino algo que tiene decisiones propias. La banda tiene una identidad que va m\u00e1s all\u00e1 de nosotros y por eso siento que pasan cosas como muy m\u00e1gicas cuando estamos los tres juntos, por ejemplo procesos como este disco, donde nos juntamos a hacerlo y a concentrar toda nuestra energ\u00eda durante 16 d\u00edas. Y pasaron cosas m\u00e1gicas\u201d.<\/em><\/p>\n\n\n<div class=\"wp-block-image\">\n<figure class=\"aligncenter size-full is-resized\"><img loading=\"lazy\" decoding=\"async\" width=\"1147\" height=\"764\" src=\"https:\/\/entrenotasyacordes.com\/wp-content\/uploads\/2025\/05\/0c3490f3-c036-4755-85bf-7d1f1329065f.jpg\" alt=\"\" class=\"wp-image-15410\" style=\"width:654px;height:auto\" srcset=\"https:\/\/entrenotasyacordes.com\/wp-content\/uploads\/2025\/05\/0c3490f3-c036-4755-85bf-7d1f1329065f.jpg 1147w, https:\/\/entrenotasyacordes.com\/wp-content\/uploads\/2025\/05\/0c3490f3-c036-4755-85bf-7d1f1329065f-300x200.jpg 300w, https:\/\/entrenotasyacordes.com\/wp-content\/uploads\/2025\/05\/0c3490f3-c036-4755-85bf-7d1f1329065f-1024x682.jpg 1024w, https:\/\/entrenotasyacordes.com\/wp-content\/uploads\/2025\/05\/0c3490f3-c036-4755-85bf-7d1f1329065f-768x512.jpg 768w\" sizes=\"auto, (max-width: 1147px) 100vw, 1147px\" \/><figcaption class=\"wp-element-caption\">Cr\u00e9dito: Nora Lezano<\/figcaption><\/figure>\n<\/div>\n\n\n<p class=\"has-text-align-center\"><strong>Tracklist \u201cA tres d\u00edas de la tierra\u201d<\/strong><br>Eso no es amor<br>No pasar\u00e1n<br>L\u00edo<br>No pises las flores<br>Volarte<br>Chacarera del primer d\u00eda<br>Contra nosotrxs<br>Qu\u00e9 hay en vos<br>Canci\u00f3n urgente<br>Piedra<br>Aqu\u00ed y ahora<br>B\u00e1jense del barco<br>Luz verde<br>Nina<\/p>\n\n\n<div class=\"wp-block-image\">\n<figure class=\"aligncenter size-full is-resized\"><img loading=\"lazy\" decoding=\"async\" width=\"1299\" height=\"865\" src=\"https:\/\/entrenotasyacordes.com\/wp-content\/uploads\/2025\/05\/9a1dc890-bc82-4ccc-bbe9-2f8320ccebe6.jpg\" alt=\"\" class=\"wp-image-15411\" style=\"width:654px;height:auto\" srcset=\"https:\/\/entrenotasyacordes.com\/wp-content\/uploads\/2025\/05\/9a1dc890-bc82-4ccc-bbe9-2f8320ccebe6.jpg 1299w, https:\/\/entrenotasyacordes.com\/wp-content\/uploads\/2025\/05\/9a1dc890-bc82-4ccc-bbe9-2f8320ccebe6-300x200.jpg 300w, https:\/\/entrenotasyacordes.com\/wp-content\/uploads\/2025\/05\/9a1dc890-bc82-4ccc-bbe9-2f8320ccebe6-1024x682.jpg 1024w, https:\/\/entrenotasyacordes.com\/wp-content\/uploads\/2025\/05\/9a1dc890-bc82-4ccc-bbe9-2f8320ccebe6-768x511.jpg 768w\" sizes=\"auto, (max-width: 1299px) 100vw, 1299px\" \/><figcaption class=\"wp-element-caption\">Eruca Sativa en el Quilmes Rock 2025 | Cr\u00e9dito: Sim\u00f3n Canedo<\/figcaption><\/figure>\n<\/div>\n\n\n<p><strong>\u201cA tres d\u00edas de la tierra\u201d&nbsp;<\/strong>ser\u00e1 presentado el d\u00eda&nbsp;<strong>s\u00e1bado 12 de julio<\/strong>&nbsp;en el&nbsp;<strong>Estadio Obras<\/strong>&nbsp;a las 21hs, junto a un repaso por los temas m\u00e1s ic\u00f3nicos de la discograf\u00eda de la banda. Luego, la banda realizar\u00e1 una gira que los llevar\u00e1 por el interior de Argentina y Uruguay.<\/p>\n\n\n\n<p>En lo que va de este a\u00f1o, el tr\u00edo viene de dar un show en horario central en el &nbsp;festival Quilmes Rock de la Ciudad de Buenos Aires, y de participar en un concierto solidario por los damnificados de los incendios en la Comarca Andina de la Patagonia Argentina.<\/p>\n\n\n\n<p>En 2024 cerr\u00f3 el a\u00f1o en El Teatro Flores (con entradas agotadas, al igual que sus tres presentaciones ese mismo a\u00f1o en el Teatro Vorterix), culminando los festejos de sus tres lustros de carrera, que incluyeron una serie de grandes hitos, como las actuaciones como teloneros de Roger Waters en River, y una seguidilla de shows en Obras, el Teatro Coliseo, la sala Sin Piso de GEBA y su primer Movistar Arena.<\/p>\n\n\n\n<p>Adem\u00e1s, en 2023 fueron nominados a los Latin Grammy, tuvieron tres nominaciones a los Premios Gardel (de los cuales ganaron dos), una distinci\u00f3n por parte de la Legislatura de CABA como Personalidades Destacadas de la Cultura Ciudad de Buenos Aires, y fueron seleccionados por parte de Spotify como Artista EQUAL, llegando a la marquesina del famoso Times Square de Nueva York.<\/p>\n\n\n\n<p>Adem\u00e1s de su reciente nominaci\u00f3n a los Premios Gardel 2025 por&nbsp;<strong>\u201cL\u00edo<\/strong>\u201d en la categor\u00eda&nbsp;<strong>\u201cMejor canci\u00f3n de rock\u201d<\/strong>, la banda gan\u00f3 un&nbsp;<strong>Diploma al M\u00e9rito<\/strong>&nbsp;como&nbsp;<strong>Conjunto de Rock<\/strong>&nbsp;en los&nbsp;<strong>Premios Konex 2025 a la M\u00fasica Popular<\/strong>.<\/p>\n","protected":false},"excerpt":{"rendered":"","protected":false},"author":5,"featured_media":15409,"comment_status":"open","ping_status":"open","sticky":false,"template":"","format":"standard","meta":{"om_disable_all_campaigns":false,"_uf_show_specific_survey":0,"_uf_disable_surveys":false,"footnotes":""},"categories":[4],"tags":[],"class_list":["post-15408","post","type-post","status-publish","format-standard","has-post-thumbnail","hentry","category-musica"],"_links":{"self":[{"href":"https:\/\/entrenotasyacordes.com\/index.php?rest_route=\/wp\/v2\/posts\/15408","targetHints":{"allow":["GET"]}}],"collection":[{"href":"https:\/\/entrenotasyacordes.com\/index.php?rest_route=\/wp\/v2\/posts"}],"about":[{"href":"https:\/\/entrenotasyacordes.com\/index.php?rest_route=\/wp\/v2\/types\/post"}],"author":[{"embeddable":true,"href":"https:\/\/entrenotasyacordes.com\/index.php?rest_route=\/wp\/v2\/users\/5"}],"replies":[{"embeddable":true,"href":"https:\/\/entrenotasyacordes.com\/index.php?rest_route=%2Fwp%2Fv2%2Fcomments&post=15408"}],"version-history":[{"count":1,"href":"https:\/\/entrenotasyacordes.com\/index.php?rest_route=\/wp\/v2\/posts\/15408\/revisions"}],"predecessor-version":[{"id":15412,"href":"https:\/\/entrenotasyacordes.com\/index.php?rest_route=\/wp\/v2\/posts\/15408\/revisions\/15412"}],"wp:featuredmedia":[{"embeddable":true,"href":"https:\/\/entrenotasyacordes.com\/index.php?rest_route=\/wp\/v2\/media\/15409"}],"wp:attachment":[{"href":"https:\/\/entrenotasyacordes.com\/index.php?rest_route=%2Fwp%2Fv2%2Fmedia&parent=15408"}],"wp:term":[{"taxonomy":"category","embeddable":true,"href":"https:\/\/entrenotasyacordes.com\/index.php?rest_route=%2Fwp%2Fv2%2Fcategories&post=15408"},{"taxonomy":"post_tag","embeddable":true,"href":"https:\/\/entrenotasyacordes.com\/index.php?rest_route=%2Fwp%2Fv2%2Ftags&post=15408"}],"curies":[{"name":"wp","href":"https:\/\/api.w.org\/{rel}","templated":true}]}}