{"id":15416,"date":"2025-05-15T13:52:40","date_gmt":"2025-05-15T13:52:40","guid":{"rendered":"https:\/\/entrenotasyacordes.com\/?p=15416"},"modified":"2025-05-15T13:52:41","modified_gmt":"2025-05-15T13:52:41","slug":"lobel-presenta-su-nuevo-album-de-estudio-el-momento-perfecto","status":"publish","type":"post","link":"https:\/\/entrenotasyacordes.com\/?p=15416","title":{"rendered":"LOBEL presenta su nuevo \u00e1lbum de estudio EL MOMENTO PERFECTO"},"content":{"rendered":"\n<!--more-->\n\n\n<div class=\"wp-block-image\">\n<figure class=\"aligncenter size-full is-resized\"><img loading=\"lazy\" decoding=\"async\" width=\"866\" height=\"866\" src=\"https:\/\/entrenotasyacordes.com\/wp-content\/uploads\/2025\/05\/8fa46bda-297d-c5e2-ec6c-275d3c90ecc1.jpg\" alt=\"\" class=\"wp-image-15417\" style=\"width:654px;height:auto\" srcset=\"https:\/\/entrenotasyacordes.com\/wp-content\/uploads\/2025\/05\/8fa46bda-297d-c5e2-ec6c-275d3c90ecc1.jpg 866w, https:\/\/entrenotasyacordes.com\/wp-content\/uploads\/2025\/05\/8fa46bda-297d-c5e2-ec6c-275d3c90ecc1-300x300.jpg 300w, https:\/\/entrenotasyacordes.com\/wp-content\/uploads\/2025\/05\/8fa46bda-297d-c5e2-ec6c-275d3c90ecc1-150x150.jpg 150w, https:\/\/entrenotasyacordes.com\/wp-content\/uploads\/2025\/05\/8fa46bda-297d-c5e2-ec6c-275d3c90ecc1-768x768.jpg 768w, https:\/\/entrenotasyacordes.com\/wp-content\/uploads\/2025\/05\/8fa46bda-297d-c5e2-ec6c-275d3c90ecc1-50x50.jpg 50w\" sizes=\"auto, (max-width: 866px) 100vw, 866px\" \/><\/figure>\n<\/div>\n\n\n<p>Tras conocer algunos adelantos como \u201cLo que me hac\u00eda bien\u201d, \u201cMelod\u00eda del adi\u00f3s\u201d y \u201cT\u00fa\u201d, Facu Bugallo, m\u00e1s conocido como LOBEL presenta su tercer disco \u201cel momento perfecto\u201d, un \u00e1lbum con un mensaje contundente: El momento perfecto para hacer, decir, empezar, terminar, soltar, o realizar cualquier acci\u00f3n alineada al deseo y la intuici\u00f3n, es hoy. Porque es hoy, tan ef\u00edmero como perpetuo, lo \u00fanico que tenemos.<\/p>\n\n\n\n<p><em>\u201cEl \u00e1lbum propone una secuencia de situaciones acontecidas en momentos perfectos, y cada canci\u00f3n funciona como un escenario en el que se nos revela un mensaje crucial. Se me hace interesante, tambi\u00e9n, que las cosas son perfectas aun cuando parecen dif\u00edciles y frustrantes, lo que nos pone en sinton\u00eda con el disfrute de los procesos, aun cuando aparecen obst\u00e1culos en el camino. Las cosas est\u00e1n sucediendo tal como tienen que suceder, y cada momento es perfecto para encontrar el equilibrio entre lo que nos pasa y lo que decidimos, d\u00eda a d\u00eda, minuto a minuto, presente a presente\u201d. Enuncia LOBEL sobre el disco.<\/em><\/p>\n\n\n\n<figure class=\"wp-block-embed is-type-video is-provider-youtube wp-block-embed-youtube wp-embed-aspect-16-9 wp-has-aspect-ratio\"><div class=\"wp-block-embed__wrapper\">\n<div class=\"epyt-video-wrapper\"><iframe loading=\"lazy\"  id=\"_ytid_15769\"  width=\"640\" height=\"360\"  data-origwidth=\"640\" data-origheight=\"360\" src=\"https:\/\/www.youtube.com\/embed\/m4nXxPctTdo?enablejsapi=1&#038;autoplay=0&#038;cc_load_policy=0&#038;cc_lang_pref=&#038;iv_load_policy=1&#038;loop=0&#038;rel=1&#038;fs=1&#038;playsinline=0&#038;autohide=2&#038;theme=dark&#038;color=white&#038;controls=1&#038;\" class=\"__youtube_prefs__  epyt-is-override  no-lazyload\" data-vol=\"50\"  title=\"YouTube player\"  allow=\"fullscreen; accelerometer; autoplay; clipboard-write; encrypted-media; gyroscope; picture-in-picture; web-share\" referrerpolicy=\"strict-origin-when-cross-origin\" allowfullscreen data-no-lazy=\"1\" data-skipgform_ajax_framebjll=\"\"><\/iframe><\/div>\n<\/div><\/figure>\n\n\n\n<p>El corte de difusi\u00f3n, \u201cEl Fin\u201d, es una balada con aura de himno que evoca una nost\u00e1lgica declaraci\u00f3n de amor en el fin del mundo. Su melod\u00eda, expansiva y adherente, fue inspirada en las ra\u00edces del pop rock latinoamericano. El sonido, melanc\u00f3lico y atemporal, remite intuitivamente a las grandes baladas del britpop. El videoclip se realiz\u00f3 bajo la direcci\u00f3n de Demian Bello quien, junto a Armin Marchesini Weihmuller en fotograf\u012ba, vienen desarrollando la propuesta est\u00e9tica que acompa\u00f1a a Lobel desde Almagro Studio Session (2024).<\/p>\n\n\n\n<p><strong><u>PRESENTACI\u00d3N \u201cEL MOMENTO PERFECTO\u201d<\/u><\/strong><br><em>23 de Agosto &#8211; Yield rock &#8211; Lima Per\u00fa<br>5 de septiembre &#8211; Bajo Circuito &#8211; Ciudad de M\u00e9xico<\/em><br><em>3 de octubre &#8211; Lucille &#8211; Ciudad de Buenos Aires<\/em><\/p>\n\n\n<div class=\"wp-block-image\">\n<figure class=\"aligncenter size-full is-resized\"><img loading=\"lazy\" decoding=\"async\" width=\"930\" height=\"669\" src=\"https:\/\/entrenotasyacordes.com\/wp-content\/uploads\/2025\/05\/e84f0d3c-527b-134a-4c67-9014fb829164.jpg\" alt=\"\" class=\"wp-image-15418\" style=\"width:654px;height:auto\" srcset=\"https:\/\/entrenotasyacordes.com\/wp-content\/uploads\/2025\/05\/e84f0d3c-527b-134a-4c67-9014fb829164.jpg 930w, https:\/\/entrenotasyacordes.com\/wp-content\/uploads\/2025\/05\/e84f0d3c-527b-134a-4c67-9014fb829164-300x216.jpg 300w, https:\/\/entrenotasyacordes.com\/wp-content\/uploads\/2025\/05\/e84f0d3c-527b-134a-4c67-9014fb829164-768x552.jpg 768w\" sizes=\"auto, (max-width: 930px) 100vw, 930px\" \/><\/figure>\n<\/div>","protected":false},"excerpt":{"rendered":"","protected":false},"author":5,"featured_media":15417,"comment_status":"open","ping_status":"open","sticky":false,"template":"","format":"standard","meta":{"om_disable_all_campaigns":false,"_uf_show_specific_survey":0,"_uf_disable_surveys":false,"footnotes":""},"categories":[4],"tags":[],"class_list":["post-15416","post","type-post","status-publish","format-standard","has-post-thumbnail","hentry","category-musica"],"_links":{"self":[{"href":"https:\/\/entrenotasyacordes.com\/index.php?rest_route=\/wp\/v2\/posts\/15416","targetHints":{"allow":["GET"]}}],"collection":[{"href":"https:\/\/entrenotasyacordes.com\/index.php?rest_route=\/wp\/v2\/posts"}],"about":[{"href":"https:\/\/entrenotasyacordes.com\/index.php?rest_route=\/wp\/v2\/types\/post"}],"author":[{"embeddable":true,"href":"https:\/\/entrenotasyacordes.com\/index.php?rest_route=\/wp\/v2\/users\/5"}],"replies":[{"embeddable":true,"href":"https:\/\/entrenotasyacordes.com\/index.php?rest_route=%2Fwp%2Fv2%2Fcomments&post=15416"}],"version-history":[{"count":1,"href":"https:\/\/entrenotasyacordes.com\/index.php?rest_route=\/wp\/v2\/posts\/15416\/revisions"}],"predecessor-version":[{"id":15419,"href":"https:\/\/entrenotasyacordes.com\/index.php?rest_route=\/wp\/v2\/posts\/15416\/revisions\/15419"}],"wp:featuredmedia":[{"embeddable":true,"href":"https:\/\/entrenotasyacordes.com\/index.php?rest_route=\/wp\/v2\/media\/15417"}],"wp:attachment":[{"href":"https:\/\/entrenotasyacordes.com\/index.php?rest_route=%2Fwp%2Fv2%2Fmedia&parent=15416"}],"wp:term":[{"taxonomy":"category","embeddable":true,"href":"https:\/\/entrenotasyacordes.com\/index.php?rest_route=%2Fwp%2Fv2%2Fcategories&post=15416"},{"taxonomy":"post_tag","embeddable":true,"href":"https:\/\/entrenotasyacordes.com\/index.php?rest_route=%2Fwp%2Fv2%2Ftags&post=15416"}],"curies":[{"name":"wp","href":"https:\/\/api.w.org\/{rel}","templated":true}]}}