{"id":15428,"date":"2025-05-18T14:15:39","date_gmt":"2025-05-18T14:15:39","guid":{"rendered":"https:\/\/entrenotasyacordes.com\/?p=15428"},"modified":"2025-05-18T14:15:40","modified_gmt":"2025-05-18T14:15:40","slug":"dread-mar-i-lanza-su-esperado-album-a-tempo-y-celebra-20-anos-de-carrera-con-una-gira-internacional","status":"publish","type":"post","link":"https:\/\/entrenotasyacordes.com\/?p=15428","title":{"rendered":"Dread Mar I lanza su esperado \u00e1lbum \u00abA Tempo\u00bb y celebra 20 a\u00f1os de carrera con una gira internacional"},"content":{"rendered":"\n<!--more-->\n\n\n<div class=\"wp-block-image\">\n<figure class=\"aligncenter size-full is-resized\"><img loading=\"lazy\" decoding=\"async\" width=\"354\" height=\"352\" src=\"https:\/\/entrenotasyacordes.com\/wp-content\/uploads\/2025\/05\/38fe7bda-0e82-4472-9ba7-1e4af0e9ff45.jpg\" alt=\"\" class=\"wp-image-15429\" style=\"width:654px;height:auto\" srcset=\"https:\/\/entrenotasyacordes.com\/wp-content\/uploads\/2025\/05\/38fe7bda-0e82-4472-9ba7-1e4af0e9ff45.jpg 354w, https:\/\/entrenotasyacordes.com\/wp-content\/uploads\/2025\/05\/38fe7bda-0e82-4472-9ba7-1e4af0e9ff45-300x298.jpg 300w, https:\/\/entrenotasyacordes.com\/wp-content\/uploads\/2025\/05\/38fe7bda-0e82-4472-9ba7-1e4af0e9ff45-150x150.jpg 150w, https:\/\/entrenotasyacordes.com\/wp-content\/uploads\/2025\/05\/38fe7bda-0e82-4472-9ba7-1e4af0e9ff45-50x50.jpg 50w\" sizes=\"auto, (max-width: 354px) 100vw, 354px\" \/><\/figure>\n<\/div>\n\n\n<p>El ic\u00f3nico referente del reggae,&nbsp;<strong>Dread Mar I<\/strong>, est\u00e1 de regreso con su nuevo \u00e1lbum de estudio,&nbsp;<strong>\u00abA Tempo\u00bb<\/strong>.<\/p>\n\n\n\n<p>Este es el primer disco de Dread Mar I desde el aclamado&nbsp;<strong>\u00abCaminar\u00e1s Caminos\u00bb<\/strong>&nbsp;(2018), y se da en el marco especial de los&nbsp;<strong>20 a\u00f1os de carrera del artista<\/strong>. Para celebrar estas dos d\u00e9cadas llenas de \u00e9xitos, anunci\u00f3 una&nbsp;<strong>gira internacional<\/strong>&nbsp;que lo llevar\u00e1 por toda Am\u00e9rica y Europa, y de la cu\u00e1l pronto se conocer\u00e1n m\u00e1s fechas.<\/p>\n\n\n<div class=\"wp-block-image\">\n<figure class=\"aligncenter size-full is-resized\"><img loading=\"lazy\" decoding=\"async\" width=\"602\" height=\"602\" src=\"https:\/\/entrenotasyacordes.com\/wp-content\/uploads\/2025\/05\/a179c120-ad45-432a-9edd-a2ee7513e71f.jpg\" alt=\"\" class=\"wp-image-15430\" style=\"width:654px;height:auto\" srcset=\"https:\/\/entrenotasyacordes.com\/wp-content\/uploads\/2025\/05\/a179c120-ad45-432a-9edd-a2ee7513e71f.jpg 602w, https:\/\/entrenotasyacordes.com\/wp-content\/uploads\/2025\/05\/a179c120-ad45-432a-9edd-a2ee7513e71f-300x300.jpg 300w, https:\/\/entrenotasyacordes.com\/wp-content\/uploads\/2025\/05\/a179c120-ad45-432a-9edd-a2ee7513e71f-150x150.jpg 150w, https:\/\/entrenotasyacordes.com\/wp-content\/uploads\/2025\/05\/a179c120-ad45-432a-9edd-a2ee7513e71f-50x50.jpg 50w\" sizes=\"auto, (max-width: 602px) 100vw, 602px\" \/><\/figure>\n<\/div>\n\n\n<p class=\"has-text-align-left\">\u201cA Tempo\u201d est\u00e1 compuesto por once tracks que fusionan sus sonidos caracter\u00edsticos con algunas innovadoras incursiones en nuevos ritmos. Entre los adelantos ya conocidos se encuentran&nbsp;<strong>\u00abKm 0\u00bb<\/strong>&nbsp;y&nbsp;<strong>\u00abCobarde\u00bb<\/strong>, que mantienen la esencia reggae, y&nbsp;<strong>\u00abDeja\u00bb<\/strong>, donde Dread Mar I explora el sonido afro beat, demostrando una vez m\u00e1s su versatilidad.<\/p>\n\n\n\n<p>En este disco, el artista se enfoc\u00f3 en capturar la frescura y la energ\u00eda del momento, grabando principalmente en primeras tomas y manteniendo la naturalidad de cada interpretaci\u00f3n. Todos los m\u00fasicos estuvieron reunidos en el estudio, creando una atm\u00f3sfera de conexi\u00f3n \u00fanica. Mientras tocaban, se le dio un gran espacio a la improvisaci\u00f3n, lo que aport\u00f3 al \u00e1lbum un car\u00e1cter espont\u00e1neo y org\u00e1nico. En solo dos d\u00edas, la mayor\u00eda de los tracks cobraron vida, reflejando una autenticidad que pocas veces se encuentra en la producci\u00f3n actual.<\/p>\n\n\n\n<p class=\"has-text-align-left\">El videoclip de su \u00faltimo lanzamiento, \u00abCobarde\u00bb, fue dirigido por&nbsp;<strong>Ramiro Mordcovich<\/strong>&nbsp;y es una verdadera obra maestra visual. Utilizando t\u00e9cnicas avanzadas de filmaci\u00f3n en estudio con croma y animaci\u00f3n digital, el video crea un universo surrealista donde el artista interact\u00faa en un espacio minimalista y abstracto. Esta combinaci\u00f3n innovadora ofrece una experiencia visual \u00fanica que complementa perfectamente la profundidad emocional del tema.<\/p>\n\n\n<div class=\"wp-block-image\">\n<figure class=\"aligncenter size-full is-resized\"><img loading=\"lazy\" decoding=\"async\" width=\"296\" height=\"446\" src=\"https:\/\/entrenotasyacordes.com\/wp-content\/uploads\/2025\/05\/dfc181d4-f318-43e4-a895-0706d86a1e2f.jpg\" alt=\"\" class=\"wp-image-15431\" style=\"width:654px;height:auto\" srcset=\"https:\/\/entrenotasyacordes.com\/wp-content\/uploads\/2025\/05\/dfc181d4-f318-43e4-a895-0706d86a1e2f.jpg 296w, https:\/\/entrenotasyacordes.com\/wp-content\/uploads\/2025\/05\/dfc181d4-f318-43e4-a895-0706d86a1e2f-199x300.jpg 199w\" sizes=\"auto, (max-width: 296px) 100vw, 296px\" \/><\/figure>\n<\/div>\n\n\n<p>El \u00e1lbum no solo destaca por su calidad musical, sino tambi\u00e9n por la participaci\u00f3n activa de Dread Mar I en la composici\u00f3n y producci\u00f3n, acompa\u00f1ado por talentosos productores como&nbsp;<strong>Mat\u00edas Zapata, Richi Lopez, Luis Salazar<\/strong>&nbsp;y<strong>&nbsp;Yasmil Marrufo<\/strong>. Esta colaboraci\u00f3n ha dado como resultado un trabajo cohesivo y fresco que refleja la madurez art\u00edstica del cantante.<\/p>\n\n\n\n<p><strong>Tracklist \u201cA Tempo\u201d<\/strong><br><strong>1. Cobarde &nbsp; &nbsp;&nbsp;&nbsp;&nbsp;&nbsp;&nbsp;<\/strong><br><strong>2. Prefiero Estar Solo &nbsp;&nbsp;&nbsp;&nbsp;&nbsp;&nbsp; &nbsp;&nbsp;&nbsp;&nbsp;&nbsp;&nbsp;&nbsp;&nbsp;&nbsp;&nbsp;&nbsp;&nbsp;&nbsp;&nbsp;&nbsp;&nbsp;<\/strong><br><strong>3. Deja&nbsp;&nbsp;&nbsp;<\/strong><br><strong>4. Trata de Entenderme &nbsp;&nbsp; &nbsp;&nbsp;&nbsp;&nbsp;&nbsp;&nbsp;&nbsp;&nbsp;&nbsp;&nbsp;<\/strong><br><strong>5.&nbsp;&nbsp; Qu\u00e9date &nbsp;&nbsp;&nbsp;&nbsp;&nbsp;&nbsp;<\/strong><br><strong>6. Km 0 &nbsp;&nbsp;&nbsp;&nbsp;&nbsp;&nbsp;&nbsp; &nbsp;&nbsp;&nbsp;&nbsp;&nbsp;&nbsp;&nbsp;&nbsp;&nbsp;&nbsp;&nbsp;&nbsp;&nbsp;&nbsp;&nbsp;<\/strong><br><strong>7. Palabras Bellas&nbsp;&nbsp;&nbsp;<\/strong><br><strong>8. El Mismo Que Fui Ayer&nbsp;&nbsp;&nbsp;<\/strong><br><strong>9. T\u00fa S\u00ed, Yo No&nbsp;&nbsp;&nbsp;<\/strong><br><strong>10. Debes Hacerlo Bien&nbsp;&nbsp;<\/strong><br><strong>11. La Luz&nbsp;&nbsp;&nbsp;&nbsp;<\/strong><br>Desde su \u00faltimo \u00e1lbum, Dread Mar I ha mantenido una presencia constante en la m\u00fasica, lanzando el EP&nbsp;<strong>\u00abYO\u00bb&nbsp;<\/strong>y colaborando con reconocidos artistas como&nbsp;<strong>Carlos Vives, Ke Personajes, Rusherking, MYA<\/strong>&nbsp;y, m\u00e1s recientemente,&nbsp;<strong>Luck Ra<\/strong>&nbsp;en la canci\u00f3n&nbsp;<strong>\u00abBUSCANDO UN AMOR\u00bb<\/strong>. Adem\u00e1s, ha realizado exitosas giras internacionales que lo llevaron a presentarse en escenarios de toda Latinoam\u00e9rica, Estados Unidos y Europa.<\/p>\n\n\n\n<p>Este a\u00f1o, Dread Mar I celebra 20 a\u00f1os de carrera con una nueva gira titulada&nbsp;<strong>\u00ab20 A\u00d1OS TOUR\u00bb<\/strong>. Las primeras fechas confirmadas incluyen presentaciones en el interior de&nbsp;<strong>Argentina, M\u00e9xico, Colombia y Chile<\/strong>, con m\u00e1s fechas por anunciarse pr\u00f3ximamente.<\/p>\n","protected":false},"excerpt":{"rendered":"","protected":false},"author":5,"featured_media":15429,"comment_status":"open","ping_status":"open","sticky":false,"template":"","format":"standard","meta":{"om_disable_all_campaigns":false,"_uf_show_specific_survey":0,"_uf_disable_surveys":false,"footnotes":""},"categories":[4],"tags":[],"class_list":["post-15428","post","type-post","status-publish","format-standard","has-post-thumbnail","hentry","category-musica"],"_links":{"self":[{"href":"https:\/\/entrenotasyacordes.com\/index.php?rest_route=\/wp\/v2\/posts\/15428","targetHints":{"allow":["GET"]}}],"collection":[{"href":"https:\/\/entrenotasyacordes.com\/index.php?rest_route=\/wp\/v2\/posts"}],"about":[{"href":"https:\/\/entrenotasyacordes.com\/index.php?rest_route=\/wp\/v2\/types\/post"}],"author":[{"embeddable":true,"href":"https:\/\/entrenotasyacordes.com\/index.php?rest_route=\/wp\/v2\/users\/5"}],"replies":[{"embeddable":true,"href":"https:\/\/entrenotasyacordes.com\/index.php?rest_route=%2Fwp%2Fv2%2Fcomments&post=15428"}],"version-history":[{"count":1,"href":"https:\/\/entrenotasyacordes.com\/index.php?rest_route=\/wp\/v2\/posts\/15428\/revisions"}],"predecessor-version":[{"id":15432,"href":"https:\/\/entrenotasyacordes.com\/index.php?rest_route=\/wp\/v2\/posts\/15428\/revisions\/15432"}],"wp:featuredmedia":[{"embeddable":true,"href":"https:\/\/entrenotasyacordes.com\/index.php?rest_route=\/wp\/v2\/media\/15429"}],"wp:attachment":[{"href":"https:\/\/entrenotasyacordes.com\/index.php?rest_route=%2Fwp%2Fv2%2Fmedia&parent=15428"}],"wp:term":[{"taxonomy":"category","embeddable":true,"href":"https:\/\/entrenotasyacordes.com\/index.php?rest_route=%2Fwp%2Fv2%2Fcategories&post=15428"},{"taxonomy":"post_tag","embeddable":true,"href":"https:\/\/entrenotasyacordes.com\/index.php?rest_route=%2Fwp%2Fv2%2Ftags&post=15428"}],"curies":[{"name":"wp","href":"https:\/\/api.w.org\/{rel}","templated":true}]}}