{"id":15629,"date":"2025-05-29T19:04:24","date_gmt":"2025-05-29T19:04:24","guid":{"rendered":"https:\/\/entrenotasyacordes.com\/?p=15629"},"modified":"2025-05-29T19:04:25","modified_gmt":"2025-05-29T19:04:25","slug":"green-day-en-argentina","status":"publish","type":"post","link":"https:\/\/entrenotasyacordes.com\/?p=15629","title":{"rendered":"GREEN DAY EN ARGENTINA"},"content":{"rendered":"\n<!--more-->\n\n\n\n<p class=\"has-text-align-center\"><strong>FINALMENTE LA BANDA ANUNCIA<\/strong> <strong>SU TAN ESPERADO SHOW EN ARGENTINA<\/strong><\/p>\n\n\n\n<p class=\"has-text-align-center\"><strong>3 DE SEPTIEMBRE \/ ESTADIO HURAC\u00c1N<\/strong><br><strong>INVITADOS ESPECIALES: BAD NERVES<\/strong><\/p>\n\n\n<div class=\"wp-block-image\">\n<figure class=\"aligncenter size-full is-resized\"><img decoding=\"async\" src=\"https:\/\/entrenotasyacordes.com\/wp-content\/uploads\/2025\/05\/43d8167d49f12b3f0646-1080x1080_Greenday25_RRSS.avif\" alt=\"\" class=\"wp-image-15633\" style=\"width:486px;height:auto\"\/><\/figure>\n<\/div>\n\n\n<p><strong><u>PREVENTA EXCLUSIVA CON TARJETAS DE CR\u00c9DITO BBVA<\/u>&nbsp;a partir del martes 3 de junio a las 13 hs por 48hs o hasta agotar stock.<\/strong><\/p>\n\n\n\n<p><strong>Venta General a partir del 5 de junio a las 13hs, o una vez agotado el stock de preventa.<\/strong><\/p>\n\n\n\n<p>Tal cu\u00e1l lo anticip\u00f3 en sus redes sociales, Green Day finalmente confirm\u00f3 su esperada visita a nuestro pa\u00eds para el mi\u00e9rcoles 3 de septiembre.<\/p>\n\n\n\n<p>Como invitados especiales, estar\u00e1n los Bad Nerves, una banda de powerpop-rock and roll de 5 integrantes, provenientes de Essex, Reino Unido. Su propuesta es de canciones pop distorsionadas a una velocidad feroz y con melod\u00edas pegadizas.<\/p>\n\n\n\n<p>Green Day surgi\u00f3 de la escena punk hardcore de la Costa Oeste de finales de la d\u00e9cada de 1980 y principios de 1990. El tr\u00edo inicial, compuesto por Billie Joe Armstrong (voz y guitarra), Mike Dirnt (bajo) y Tr\u00e9 Cool (bater\u00eda), es una de las bandas m\u00e1s exitosas de todos los tiempos, con m\u00e1s de 75 millones de discos vendidos en todo el mundo y 10 mil millones de streams de video acumulados. Los ganadores de cinco premios Grammy e inducidos al Rock and Roll Hall of Fame, lanzaron su innovador \u00e1lbum Dookie en 1994, que vendi\u00f3 m\u00e1s de 10 millones de copias y obtuvo 10 Diamantes Platino. Se le atribuye ampliamente popularizar y revivir el inter\u00e9s generalizado en el punk rock, impulsando una racha de singles n\u00famero uno a lo largo de su carrera. Entertainment Weekly llama a Green Day \u00abla banda m\u00e1s influyente de su generaci\u00f3n\u00bb, mientras que Rolling Stone afirma que \u00abGreen Day ha inspirado a m\u00e1s bandas j\u00f3venes a comenzar que cualquier otra banda adem\u00e1s de Kiss, y eso no parece estar cambiando\u00bb.<\/p>\n\n\n\n<figure class=\"wp-block-image size-large\"><img loading=\"lazy\" decoding=\"async\" width=\"1024\" height=\"774\" src=\"https:\/\/entrenotasyacordes.com\/wp-content\/uploads\/2025\/05\/GREENDAY_ADMAT_COLOR_copy-1024x774.jpg\" alt=\"\" class=\"wp-image-15631\" srcset=\"https:\/\/entrenotasyacordes.com\/wp-content\/uploads\/2025\/05\/GREENDAY_ADMAT_COLOR_copy-1024x774.jpg 1024w, https:\/\/entrenotasyacordes.com\/wp-content\/uploads\/2025\/05\/GREENDAY_ADMAT_COLOR_copy-300x227.jpg 300w, https:\/\/entrenotasyacordes.com\/wp-content\/uploads\/2025\/05\/GREENDAY_ADMAT_COLOR_copy-768x581.jpg 768w, https:\/\/entrenotasyacordes.com\/wp-content\/uploads\/2025\/05\/GREENDAY_ADMAT_COLOR_copy-1536x1161.jpg 1536w, https:\/\/entrenotasyacordes.com\/wp-content\/uploads\/2025\/05\/GREENDAY_ADMAT_COLOR_copy-2048x1548.jpg 2048w\" sizes=\"auto, (max-width: 1024px) 100vw, 1024px\" \/><\/figure>\n\n\n\n<p><strong>Acerca Green Day:<\/strong><\/p>\n\n\n\n<p>Formada en 1986 en Berkeley, California, Green Day es una de las bandas m\u00e1s exitosas de todos los tiempos. En 2004, Green Day lanz\u00f3 la \u00f3pera rock \u201cAmerican Idiot\u201d, que captur\u00f3 la atenci\u00f3n nacional, vendiendo m\u00e1s de 8 millones de copias solo en Estados Unidos y llev\u00e1ndose el Premio Grammy al Mejor \u00c1lbum de Rock. Mojo declar\u00f3: \u00abEs un disco emocionante, el tipo de disco que establece nuevos est\u00e1ndares para una banda de punk rock &#8216;n&#8217; roll en el siglo XXI\u00bb. En 2010, una adaptaci\u00f3n teatral de \u201cAmerican Idiot\u201d se estren\u00f3 en Broadway con gran \u00e9xito de la cr\u00edtica y el p\u00fablico. Lanzado en 2020, el decimotercer \u00e1lbum de estudio de Green Day, \u201cFather Of All&#8230;\u201d, debut\u00f3 en el n\u00famero 1 de la lista Billboard de discos vendidos y en el n\u00famero 1 tanto en el Reino Unido como en Australia. Pitchfork declar\u00f3: \u00abLas canciones m\u00e1s cautivadoras y juveniles de Green Day en a\u00f1os. El tr\u00edo suena revitalizado, m\u00e1s como una generaci\u00f3n emergente con ambiciones de conquistar el mercado\u00bb. En julio de 2021, Green Day se embarc\u00f3 en \u201cThe Hella Mega Tour\u201d (con Fall Out Boy y Weezer). La gira mundial incluy\u00f3 29 conciertos en estadios con entradas agotadas, incluyendo recintos de renombre como el London Stadium y el Dodger Stadium de Los \u00c1ngeles.<\/p>\n\n\n\n<p>El 19 de enero de 2024, Green Day lanz\u00f3 su muy anticipado decimocuarto \u00e1lbum de estudio, \u201cSaviors\u201d, que incluy\u00f3 el sencillo \u00abThe American Dream Is Killing Me\u00bb.<\/p>\n","protected":false},"excerpt":{"rendered":"","protected":false},"author":5,"featured_media":15633,"comment_status":"open","ping_status":"open","sticky":false,"template":"","format":"standard","meta":{"om_disable_all_campaigns":false,"_uf_show_specific_survey":0,"_uf_disable_surveys":false,"footnotes":""},"categories":[36,34],"tags":[],"class_list":["post-15629","post","type-post","status-publish","format-standard","has-post-thumbnail","hentry","category-conciertos","category-ultimas-noticias"],"_links":{"self":[{"href":"https:\/\/entrenotasyacordes.com\/index.php?rest_route=\/wp\/v2\/posts\/15629","targetHints":{"allow":["GET"]}}],"collection":[{"href":"https:\/\/entrenotasyacordes.com\/index.php?rest_route=\/wp\/v2\/posts"}],"about":[{"href":"https:\/\/entrenotasyacordes.com\/index.php?rest_route=\/wp\/v2\/types\/post"}],"author":[{"embeddable":true,"href":"https:\/\/entrenotasyacordes.com\/index.php?rest_route=\/wp\/v2\/users\/5"}],"replies":[{"embeddable":true,"href":"https:\/\/entrenotasyacordes.com\/index.php?rest_route=%2Fwp%2Fv2%2Fcomments&post=15629"}],"version-history":[{"count":1,"href":"https:\/\/entrenotasyacordes.com\/index.php?rest_route=\/wp\/v2\/posts\/15629\/revisions"}],"predecessor-version":[{"id":15634,"href":"https:\/\/entrenotasyacordes.com\/index.php?rest_route=\/wp\/v2\/posts\/15629\/revisions\/15634"}],"wp:featuredmedia":[{"embeddable":true,"href":"https:\/\/entrenotasyacordes.com\/index.php?rest_route=\/wp\/v2\/media\/15633"}],"wp:attachment":[{"href":"https:\/\/entrenotasyacordes.com\/index.php?rest_route=%2Fwp%2Fv2%2Fmedia&parent=15629"}],"wp:term":[{"taxonomy":"category","embeddable":true,"href":"https:\/\/entrenotasyacordes.com\/index.php?rest_route=%2Fwp%2Fv2%2Fcategories&post=15629"},{"taxonomy":"post_tag","embeddable":true,"href":"https:\/\/entrenotasyacordes.com\/index.php?rest_route=%2Fwp%2Fv2%2Ftags&post=15629"}],"curies":[{"name":"wp","href":"https:\/\/api.w.org\/{rel}","templated":true}]}}