{"id":15647,"date":"2025-05-30T23:05:56","date_gmt":"2025-05-30T23:05:56","guid":{"rendered":"https:\/\/entrenotasyacordes.com\/?p=15647"},"modified":"2025-05-30T23:05:57","modified_gmt":"2025-05-30T23:05:57","slug":"dyango-presenta-la-version-de-su-clasico-si-la-vieras-con-mis-ojos-junto-a-rodrigo-tapari","status":"publish","type":"post","link":"https:\/\/entrenotasyacordes.com\/?p=15647","title":{"rendered":"DYANGO PRESENTA LA VERSI\u00d3N DE SU CL\u00c1SICO \u201cSI LA VIERAS CON MIS OJOS\u201d JUNTO A RODRIGO TAPARI"},"content":{"rendered":"\n<!--more-->\n\n\n<div class=\"wp-block-image\">\n<figure class=\"aligncenter size-full is-resized\"><img loading=\"lazy\" decoding=\"async\" width=\"2008\" height=\"2008\" src=\"https:\/\/entrenotasyacordes.com\/wp-content\/uploads\/2025\/05\/TAPA_DYANGO_TAPARI.jpeg\" alt=\"\" class=\"wp-image-15648\" style=\"width:654px;height:auto\" srcset=\"https:\/\/entrenotasyacordes.com\/wp-content\/uploads\/2025\/05\/TAPA_DYANGO_TAPARI.jpeg 2008w, https:\/\/entrenotasyacordes.com\/wp-content\/uploads\/2025\/05\/TAPA_DYANGO_TAPARI-300x300.jpeg 300w, https:\/\/entrenotasyacordes.com\/wp-content\/uploads\/2025\/05\/TAPA_DYANGO_TAPARI-1024x1024.jpeg 1024w, https:\/\/entrenotasyacordes.com\/wp-content\/uploads\/2025\/05\/TAPA_DYANGO_TAPARI-150x150.jpeg 150w, https:\/\/entrenotasyacordes.com\/wp-content\/uploads\/2025\/05\/TAPA_DYANGO_TAPARI-768x768.jpeg 768w, https:\/\/entrenotasyacordes.com\/wp-content\/uploads\/2025\/05\/TAPA_DYANGO_TAPARI-1536x1536.jpeg 1536w, https:\/\/entrenotasyacordes.com\/wp-content\/uploads\/2025\/05\/TAPA_DYANGO_TAPARI-50x50.jpeg 50w\" sizes=\"auto, (max-width: 2008px) 100vw, 2008px\" \/><\/figure>\n<\/div>\n\n\n<p class=\"has-text-align-left\">El reconocido artista espa\u00f1ol&nbsp;<strong>Dyango<\/strong>, referente indiscutido de la canci\u00f3n rom\u00e1ntica en el mundo hispano, lanza \u201c<strong>Si La Vieras Con Mis Ojos\u201d<\/strong>, el primer single anticipo, de su pr\u00f3ximo trabajo discogr\u00e1fico doble titulado&nbsp;<strong>\u00abSu Amigo Dyango\u00bb<\/strong>.<\/p>\n\n\n\n<p class=\"has-text-align-left\">En esta emotiva versi\u00f3n del cl\u00e1sico,\u00a0<strong>Dyango<\/strong>\u00a0suma la voz y sensibilidad de\u00a0<strong>Rodrigo Tapari (ex R\u00e1faga)<\/strong>\u00a0y uno de los int\u00e9rpretes m\u00e1s populares de la m\u00fasica latina actual.<\/p>\n\n\n\n<p class=\"has-text-align-left\">La fusi\u00f3n de sus estilos da como resultado una interpretaci\u00f3n&nbsp;<strong>profunda y conmovedora<\/strong>, que&nbsp;<strong>renueva el esp\u00edritu de la canci\u00f3n&nbsp;<\/strong>y conecta con&nbsp;<strong>nuevas generaciones<\/strong>.<\/p>\n\n\n\n<p class=\"has-text-align-left\"><strong>Rodrigo Tapari<\/strong>&nbsp;ha construido una s\u00f3lida carrera solista con una gran proyecci\u00f3n internacional. Su carisma, potencia vocal y capacidad interpretativa lo han convertido en una de las figuras m\u00e1s queridas del pop y la m\u00fasica tropical de habla hispana.<\/p>\n\n\n<div class=\"wp-block-image\">\n<figure class=\"aligncenter size-full is-resized\"><img loading=\"lazy\" decoding=\"async\" width=\"1417\" height=\"945\" src=\"https:\/\/entrenotasyacordes.com\/wp-content\/uploads\/2025\/05\/DYANGO-134.jpeg\" alt=\"\" class=\"wp-image-15649\" style=\"width:654px;height:auto\" srcset=\"https:\/\/entrenotasyacordes.com\/wp-content\/uploads\/2025\/05\/DYANGO-134.jpeg 1417w, https:\/\/entrenotasyacordes.com\/wp-content\/uploads\/2025\/05\/DYANGO-134-300x200.jpeg 300w, https:\/\/entrenotasyacordes.com\/wp-content\/uploads\/2025\/05\/DYANGO-134-1024x683.jpeg 1024w, https:\/\/entrenotasyacordes.com\/wp-content\/uploads\/2025\/05\/DYANGO-134-768x512.jpeg 768w\" sizes=\"auto, (max-width: 1417px) 100vw, 1417px\" \/><\/figure>\n<\/div>\n\n\n<p><strong>\u00abSu Amigo Dyango\u00bb<\/strong>\u00a0ser\u00e1 un \u00e1lbum doble muy especial, donde el maestro compartir\u00e1 canciones con destacadas figuras de la m\u00fasica en espa\u00f1ol de invitados de Argentina, Espa\u00f1a, Colombia y Uruguay, en un recorrido art\u00edstico marcado por la amistad, la admiraci\u00f3n y el amor por la canci\u00f3n.<\/p>\n\n\n\n<p>En este sencillo, adem\u00e1s de\u00a0<strong>Dyango<\/strong>\u00a0y\u00a0<strong>Rodrigo Tapari,<\/strong>\u00a0participan\u00a0<strong>Benjam\u00edn L\u00f3pez Barrios<\/strong>\u00a0en guitarra,\u00a0<strong>Fidel Mulet<\/strong>\u00a0en bajo,\u00a0<strong>Mart\u00edn Aguilar<\/strong>\u00a0en piano y teclados y\u00a0<strong>Juan Barone<\/strong>\u00a0en bater\u00eda. La Producci\u00f3n Art\u00edstica de\u00a0<strong>Benjam\u00edn L\u00f3pez Barrios<\/strong>\u00a0y\u00a0<strong>Fidel Mulet<\/strong>, este \u00faltimo, quien tambi\u00e9n se encarg\u00f3 de la mezcla y el mastering.<\/p>\n\n\n\n<p>Este lanzamiento, como todas las canciones del proyecto, vendr\u00e1 acompa\u00f1ado por un videoclip oficial en YouTube dirigido por&nbsp;<strong>Denis Henry<\/strong>.<\/p>\n\n\n\n<p>La Producci\u00f3n Ejecutiva es de&nbsp;<strong>T\u00edpica Records<\/strong>&nbsp;con la colaboraci\u00f3n de&nbsp;<strong>Sony Music Publishing Argentina<\/strong>.<\/p>\n\n\n\n<figure class=\"wp-block-embed is-type-video is-provider-youtube wp-block-embed-youtube wp-embed-aspect-16-9 wp-has-aspect-ratio\"><div class=\"wp-block-embed__wrapper\">\n<div class=\"epyt-video-wrapper\"><iframe loading=\"lazy\"  id=\"_ytid_24305\"  width=\"640\" height=\"360\"  data-origwidth=\"640\" data-origheight=\"360\" src=\"https:\/\/www.youtube.com\/embed\/dZDFPKOKUqI?enablejsapi=1&#038;autoplay=0&#038;cc_load_policy=0&#038;cc_lang_pref=&#038;iv_load_policy=1&#038;loop=0&#038;rel=1&#038;fs=1&#038;playsinline=0&#038;autohide=2&#038;theme=dark&#038;color=white&#038;controls=1&#038;\" class=\"__youtube_prefs__  epyt-is-override  no-lazyload\" data-vol=\"50\"  title=\"YouTube player\"  allow=\"fullscreen; accelerometer; autoplay; clipboard-write; encrypted-media; gyroscope; picture-in-picture; web-share\" referrerpolicy=\"strict-origin-when-cross-origin\" allowfullscreen data-no-lazy=\"1\" data-skipgform_ajax_framebjll=\"\"><\/iframe><\/div>\n<\/div><\/figure>\n\n\n\n<p>Este nuevo cap\u00edtulo viene acompa\u00f1ado de una gira internacional que lo llevar\u00e1 a reencontrarse con su p\u00fablico en Argentina, Latinoam\u00e9rica y Espa\u00f1a.<\/p>\n\n\n<div class=\"wp-block-image\">\n<figure class=\"aligncenter size-full is-resized\"><img loading=\"lazy\" decoding=\"async\" width=\"1080\" height=\"1350\" src=\"https:\/\/entrenotasyacordes.com\/wp-content\/uploads\/2025\/05\/FLYER_DYANGO.jpeg\" alt=\"\" class=\"wp-image-15650\" style=\"width:654px;height:auto\" srcset=\"https:\/\/entrenotasyacordes.com\/wp-content\/uploads\/2025\/05\/FLYER_DYANGO.jpeg 1080w, https:\/\/entrenotasyacordes.com\/wp-content\/uploads\/2025\/05\/FLYER_DYANGO-240x300.jpeg 240w, https:\/\/entrenotasyacordes.com\/wp-content\/uploads\/2025\/05\/FLYER_DYANGO-819x1024.jpeg 819w, https:\/\/entrenotasyacordes.com\/wp-content\/uploads\/2025\/05\/FLYER_DYANGO-768x960.jpeg 768w, https:\/\/entrenotasyacordes.com\/wp-content\/uploads\/2025\/05\/FLYER_DYANGO-1024x1280.jpeg 1024w\" sizes=\"auto, (max-width: 1080px) 100vw, 1080px\" \/><\/figure>\n<\/div>\n\n\n<p class=\"has-text-align-center\"><strong>Viernes 5 de Septiembre \u2013 20:00hs<\/strong><br><strong>Teatro Gran Rex \u2013 Av. Corrientes 857<\/strong><br><strong>Entradas a la venta en<\/strong>\u00a0<strong><a href=\"http:\/\/www.tuentrada.com\/\" target=\"_blank\" rel=\"noreferrer noopener\"><u>www.tuentrada.com<\/u><\/a><\/strong><\/p>\n\n\n\n<p class=\"has-text-align-left\">El legendario cantante espa\u00f1ol vuelve a Argentina en el marco de la gira \u201cSu Amigo Dyango\u201d. Ser\u00e1 un viaje musical inolvidable para rememorar todos sus cl\u00e1sicos en una celebraci\u00f3n y homenaje de su m\u00fasica y su trayectoria donde habr\u00e1 muchas sorpresas.<\/p>\n\n\n\n<p class=\"has-text-align-left\">La gira comenzar\u00e1 en Buenos Aires, en el Teatro Gran Rex y recorrer\u00e1 las grandes ciudades de Argentina, Am\u00e9rica Latina, y m\u00e1s. Cada presentaci\u00f3n tendr\u00e1 su condimento especial para que cada noche sea \u00fanica.<\/p>\n\n\n\n<p><strong><u>Gira Argentina 2025<\/u><\/strong><br>5\/9 &#8211; Teatro Gran Rex &#8211; Buenos Aires<br>6\/9 &#8211; Teatro El C\u00edrculo &#8211; Rosario<br>9\/9 &#8211; Auditorio Juan Victoria &#8211; San Juan<br>11\/9 &#8211; Arena Maip\u00fa &#8211; Mendoza<br>16\/9 &#8211; Teatro Provincial &#8211; Salta<br>18\/9 &#8211; Mercedes Sosa &#8211; Tucum\u00e1n<br>20\/9 &#8211; Teatro Colonial &#8211; Avellaneda &#8211; Buenos Aires<br>25\/9 &#8211; Quality &#8211; C\u00f3rdoba<br>27\/9 &#8211; Teatro San Carlos &#8211; Jun\u00edn &#8211; Buenos Aires<br>4\/10 &#8211; Teatro Ituzaing\u00f3 &#8211; Ituzaing\u00f3 &#8211; Buenos Aires<\/p>\n","protected":false},"excerpt":{"rendered":"","protected":false},"author":5,"featured_media":15648,"comment_status":"open","ping_status":"open","sticky":false,"template":"","format":"standard","meta":{"om_disable_all_campaigns":false,"_uf_show_specific_survey":0,"_uf_disable_surveys":false,"footnotes":""},"categories":[4],"tags":[],"class_list":["post-15647","post","type-post","status-publish","format-standard","has-post-thumbnail","hentry","category-musica"],"_links":{"self":[{"href":"https:\/\/entrenotasyacordes.com\/index.php?rest_route=\/wp\/v2\/posts\/15647","targetHints":{"allow":["GET"]}}],"collection":[{"href":"https:\/\/entrenotasyacordes.com\/index.php?rest_route=\/wp\/v2\/posts"}],"about":[{"href":"https:\/\/entrenotasyacordes.com\/index.php?rest_route=\/wp\/v2\/types\/post"}],"author":[{"embeddable":true,"href":"https:\/\/entrenotasyacordes.com\/index.php?rest_route=\/wp\/v2\/users\/5"}],"replies":[{"embeddable":true,"href":"https:\/\/entrenotasyacordes.com\/index.php?rest_route=%2Fwp%2Fv2%2Fcomments&post=15647"}],"version-history":[{"count":1,"href":"https:\/\/entrenotasyacordes.com\/index.php?rest_route=\/wp\/v2\/posts\/15647\/revisions"}],"predecessor-version":[{"id":15651,"href":"https:\/\/entrenotasyacordes.com\/index.php?rest_route=\/wp\/v2\/posts\/15647\/revisions\/15651"}],"wp:featuredmedia":[{"embeddable":true,"href":"https:\/\/entrenotasyacordes.com\/index.php?rest_route=\/wp\/v2\/media\/15648"}],"wp:attachment":[{"href":"https:\/\/entrenotasyacordes.com\/index.php?rest_route=%2Fwp%2Fv2%2Fmedia&parent=15647"}],"wp:term":[{"taxonomy":"category","embeddable":true,"href":"https:\/\/entrenotasyacordes.com\/index.php?rest_route=%2Fwp%2Fv2%2Fcategories&post=15647"},{"taxonomy":"post_tag","embeddable":true,"href":"https:\/\/entrenotasyacordes.com\/index.php?rest_route=%2Fwp%2Fv2%2Ftags&post=15647"}],"curies":[{"name":"wp","href":"https:\/\/api.w.org\/{rel}","templated":true}]}}