{"id":15652,"date":"2025-05-30T23:09:35","date_gmt":"2025-05-30T23:09:35","guid":{"rendered":"https:\/\/entrenotasyacordes.com\/?p=15652"},"modified":"2025-05-30T23:09:36","modified_gmt":"2025-05-30T23:09:36","slug":"pablo-alboran-lanza-km0-el-segundo-adelanto-que-dara-nombre-a-su-proximo-album","status":"publish","type":"post","link":"https:\/\/entrenotasyacordes.com\/?p=15652","title":{"rendered":"PABLO ALBOR\u00c1N LANZA \u2018KM0\u2019, EL SEGUNDO ADELANTO QUE DAR\u00c1 NOMBRE A SU PR\u00d3XIMO \u00c1LBUM"},"content":{"rendered":"\n<!--more-->\n\n\n<div class=\"wp-block-image\">\n<figure class=\"aligncenter size-full is-resized\"><img loading=\"lazy\" decoding=\"async\" width=\"827\" height=\"827\" src=\"https:\/\/entrenotasyacordes.com\/wp-content\/uploads\/2025\/05\/1_20ece3ed-2b3a-a34b-2b4d-508eb3fe22e2.png\" alt=\"\" class=\"wp-image-15653\" style=\"width:654px;height:auto\" srcset=\"https:\/\/entrenotasyacordes.com\/wp-content\/uploads\/2025\/05\/1_20ece3ed-2b3a-a34b-2b4d-508eb3fe22e2.png 827w, https:\/\/entrenotasyacordes.com\/wp-content\/uploads\/2025\/05\/1_20ece3ed-2b3a-a34b-2b4d-508eb3fe22e2-300x300.png 300w, https:\/\/entrenotasyacordes.com\/wp-content\/uploads\/2025\/05\/1_20ece3ed-2b3a-a34b-2b4d-508eb3fe22e2-150x150.png 150w, https:\/\/entrenotasyacordes.com\/wp-content\/uploads\/2025\/05\/1_20ece3ed-2b3a-a34b-2b4d-508eb3fe22e2-768x768.png 768w, https:\/\/entrenotasyacordes.com\/wp-content\/uploads\/2025\/05\/1_20ece3ed-2b3a-a34b-2b4d-508eb3fe22e2-50x50.png 50w\" sizes=\"auto, (max-width: 827px) 100vw, 827px\" \/><\/figure>\n<\/div>\n\n\n<p class=\"has-text-align-left\"><strong>Pablo Albor\u00e1n<\/strong>&nbsp;presenta&nbsp;<strong><em>\u2018KM0\u2019<\/em><\/strong>, el segundo adelanto de su nuevo \u00e1lbum y que dar\u00e1 nombre al mismo. El artista vuelve a sus or\u00edgenes con este nuevo single.&nbsp;<strong>Una balada a piano y voz<\/strong>&nbsp;en la que expresa el proceso de autodescubrimiento y sanaci\u00f3n que ha vivido durante los dos \u00faltimos a\u00f1os.&nbsp;<em><strong>\u2018KM0\u2019<\/strong><\/em>&nbsp;representa el inicio, una p\u00e1gina en blanco, simbolizando nuevos comienzos y oportunidades.<\/p>\n\n\n\n<p class=\"has-text-align-left\">La canci\u00f3n ha sido escrita y producida por el propio Pablo en su casa despu\u00e9s de llegar de una gira mundial que le tuvo durante dos a\u00f1os y medio fuera. Cuando se encontr\u00f3 solo consigo mismo vio que muchas cosas hab\u00edan cambiado y eso le inspir\u00f3 a escribir&nbsp;<em><strong>\u2018KM0\u2019<\/strong><\/em>&nbsp;<strong>como nuevo punto de partida en su vida.<\/strong><\/p>\n\n\n\n<figure class=\"wp-block-embed is-type-video is-provider-youtube wp-block-embed-youtube wp-embed-aspect-16-9 wp-has-aspect-ratio\"><div class=\"wp-block-embed__wrapper\">\n<div class=\"epyt-video-wrapper\"><iframe loading=\"lazy\"  id=\"_ytid_89277\"  width=\"640\" height=\"360\"  data-origwidth=\"640\" data-origheight=\"360\" src=\"https:\/\/www.youtube.com\/embed\/v6N9K-ghqeU?enablejsapi=1&#038;autoplay=0&#038;cc_load_policy=0&#038;cc_lang_pref=&#038;iv_load_policy=1&#038;loop=0&#038;rel=1&#038;fs=1&#038;playsinline=0&#038;autohide=2&#038;theme=dark&#038;color=white&#038;controls=1&#038;\" class=\"__youtube_prefs__  epyt-is-override  no-lazyload\" data-vol=\"50\"  title=\"YouTube player\"  allow=\"fullscreen; accelerometer; autoplay; clipboard-write; encrypted-media; gyroscope; picture-in-picture; web-share\" referrerpolicy=\"strict-origin-when-cross-origin\" allowfullscreen data-no-lazy=\"1\" data-skipgform_ajax_framebjll=\"\"><\/iframe><\/div>\n<\/div><\/figure>\n\n\n\n<p><em>\u201cEl empezar de 0 jam\u00e1s tuvo m\u00e1s sentido en mi vida y eso se vio reflejado en mis canciones y en mi forma de ver la m\u00fasica. Mi vida en general se basa en jugar con dios y con el diablo pregunt\u00e1ndole al espejo qui\u00e9n es realmente Pablo. Supongo que es lo que nos sucede a todos en alg\u00fan momento de nuestras vidas. Es&nbsp;<strong>una canci\u00f3n que agradece a todos los que han hecho que haya llegado hasta aqu\u00ed<\/strong>, es un claro homenaje a mis fans\u201d<\/em>. cuenta el artista.<\/p>\n\n\n\n<p>La esencia de Pablo siempre ha sido su voz y la relaci\u00f3n tan bonita que mantiene con sus fans. Por eso, esta canci\u00f3n tambi\u00e9n es un regalo para ellos, ya que el malague\u00f1o asegura que&nbsp;<strong>el p\u00fablico se ha convertido en su refugio&nbsp;<\/strong>en muchas ocasiones, incluso sin que ellos lo supieran. De hecho, esta canci\u00f3n es de las m\u00e1s especiales del disco por el significado emocional que tiene para el artista. Por eso,&nbsp;<strong>es el tema que pone t\u00edtulo al pr\u00f3ximo disco de Pablo Albor\u00e1n&nbsp;<\/strong>quever\u00e1 la luz a finales de a\u00f1o.<\/p>\n\n\n<div class=\"wp-block-image\">\n<figure class=\"aligncenter size-full is-resized\"><img loading=\"lazy\" decoding=\"async\" width=\"750\" height=\"1334\" src=\"https:\/\/entrenotasyacordes.com\/wp-content\/uploads\/2025\/05\/2_580b0905-655b-4f20-9cae-d07a24297955.jpg\" alt=\"\" class=\"wp-image-15654\" style=\"width:654px;height:auto\" srcset=\"https:\/\/entrenotasyacordes.com\/wp-content\/uploads\/2025\/05\/2_580b0905-655b-4f20-9cae-d07a24297955.jpg 750w, https:\/\/entrenotasyacordes.com\/wp-content\/uploads\/2025\/05\/2_580b0905-655b-4f20-9cae-d07a24297955-169x300.jpg 169w, https:\/\/entrenotasyacordes.com\/wp-content\/uploads\/2025\/05\/2_580b0905-655b-4f20-9cae-d07a24297955-576x1024.jpg 576w\" sizes=\"auto, (max-width: 750px) 100vw, 750px\" \/><\/figure>\n<\/div>\n\n\n<p>Esta nueva etapa musical llega acompa\u00f1ada de&nbsp;<strong>una gira mundial<\/strong>&nbsp;con la que Pablo recorrer\u00e1 numerosos pa\u00edses de Am\u00e9rica y Europa, as\u00ed como las principales ciudades de Espa\u00f1a durante todo un a\u00f1o. En todos los shows, el compositor unificar\u00e1 la pasi\u00f3n y emoci\u00f3n de sus grandes temas con un nuevo sonido m\u00e1s maduro e innovador marcado por el lanzamiento del nuevo disco,&nbsp;<strong><em>\u2018KM0\u2019<\/em><\/strong>.<\/p>\n\n\n\n<p>Aunque ya est\u00e1n anunciadas las ciudades por las que pasar\u00e1 este tour mundial, pronto habr\u00e1 m\u00e1s noticias sobre la venta de entradas.<\/p>\n","protected":false},"excerpt":{"rendered":"","protected":false},"author":5,"featured_media":15653,"comment_status":"open","ping_status":"open","sticky":false,"template":"","format":"standard","meta":{"om_disable_all_campaigns":false,"_uf_show_specific_survey":0,"_uf_disable_surveys":false,"footnotes":""},"categories":[4],"tags":[],"class_list":["post-15652","post","type-post","status-publish","format-standard","has-post-thumbnail","hentry","category-musica"],"_links":{"self":[{"href":"https:\/\/entrenotasyacordes.com\/index.php?rest_route=\/wp\/v2\/posts\/15652","targetHints":{"allow":["GET"]}}],"collection":[{"href":"https:\/\/entrenotasyacordes.com\/index.php?rest_route=\/wp\/v2\/posts"}],"about":[{"href":"https:\/\/entrenotasyacordes.com\/index.php?rest_route=\/wp\/v2\/types\/post"}],"author":[{"embeddable":true,"href":"https:\/\/entrenotasyacordes.com\/index.php?rest_route=\/wp\/v2\/users\/5"}],"replies":[{"embeddable":true,"href":"https:\/\/entrenotasyacordes.com\/index.php?rest_route=%2Fwp%2Fv2%2Fcomments&post=15652"}],"version-history":[{"count":1,"href":"https:\/\/entrenotasyacordes.com\/index.php?rest_route=\/wp\/v2\/posts\/15652\/revisions"}],"predecessor-version":[{"id":15655,"href":"https:\/\/entrenotasyacordes.com\/index.php?rest_route=\/wp\/v2\/posts\/15652\/revisions\/15655"}],"wp:featuredmedia":[{"embeddable":true,"href":"https:\/\/entrenotasyacordes.com\/index.php?rest_route=\/wp\/v2\/media\/15653"}],"wp:attachment":[{"href":"https:\/\/entrenotasyacordes.com\/index.php?rest_route=%2Fwp%2Fv2%2Fmedia&parent=15652"}],"wp:term":[{"taxonomy":"category","embeddable":true,"href":"https:\/\/entrenotasyacordes.com\/index.php?rest_route=%2Fwp%2Fv2%2Fcategories&post=15652"},{"taxonomy":"post_tag","embeddable":true,"href":"https:\/\/entrenotasyacordes.com\/index.php?rest_route=%2Fwp%2Fv2%2Ftags&post=15652"}],"curies":[{"name":"wp","href":"https:\/\/api.w.org\/{rel}","templated":true}]}}