{"id":15675,"date":"2025-06-01T15:32:18","date_gmt":"2025-06-01T15:32:18","guid":{"rendered":"https:\/\/entrenotasyacordes.com\/?p=15675"},"modified":"2025-06-01T15:32:19","modified_gmt":"2025-06-01T15:32:19","slug":"antes-de-su-llegada-al-pais-%c2%a8macaco%c2%a8-estrena-nuevo-single-dedicado-a-argentina","status":"publish","type":"post","link":"https:\/\/entrenotasyacordes.com\/?p=15675","title":{"rendered":"Antes de su llegada al pa\u00eds \u00a8Macaco\u00a8 estrena nuevo single dedicado a Argentina"},"content":{"rendered":"\n<!--more-->\n\n\n<div class=\"wp-block-image\">\n<figure class=\"aligncenter size-full is-resized\"><img loading=\"lazy\" decoding=\"async\" width=\"2250\" height=\"2250\" src=\"https:\/\/entrenotasyacordes.com\/wp-content\/uploads\/2025\/06\/1748357017873-macaco_vorterix-14JUNIO-01.jpg\" alt=\"\" class=\"wp-image-15676\" style=\"width:654px;height:auto\" srcset=\"https:\/\/entrenotasyacordes.com\/wp-content\/uploads\/2025\/06\/1748357017873-macaco_vorterix-14JUNIO-01.jpg 2250w, https:\/\/entrenotasyacordes.com\/wp-content\/uploads\/2025\/06\/1748357017873-macaco_vorterix-14JUNIO-01-300x300.jpg 300w, https:\/\/entrenotasyacordes.com\/wp-content\/uploads\/2025\/06\/1748357017873-macaco_vorterix-14JUNIO-01-1024x1024.jpg 1024w, https:\/\/entrenotasyacordes.com\/wp-content\/uploads\/2025\/06\/1748357017873-macaco_vorterix-14JUNIO-01-150x150.jpg 150w, https:\/\/entrenotasyacordes.com\/wp-content\/uploads\/2025\/06\/1748357017873-macaco_vorterix-14JUNIO-01-768x768.jpg 768w, https:\/\/entrenotasyacordes.com\/wp-content\/uploads\/2025\/06\/1748357017873-macaco_vorterix-14JUNIO-01-1536x1536.jpg 1536w, https:\/\/entrenotasyacordes.com\/wp-content\/uploads\/2025\/06\/1748357017873-macaco_vorterix-14JUNIO-01-2048x2048.jpg 2048w, https:\/\/entrenotasyacordes.com\/wp-content\/uploads\/2025\/06\/1748357017873-macaco_vorterix-14JUNIO-01-50x50.jpg 50w\" sizes=\"auto, (max-width: 2250px) 100vw, 2250px\" \/><\/figure>\n<\/div>\n\n\n<p class=\"has-text-align-left\"><strong>Macaco<\/strong>\u00a0, el carism\u00e1tico artista, conocido por ser un emblema del mestizaje y fusionar rumba, reggae y funk, se embarcar\u00e1 en un tour donde presentar\u00e1 los adelantos que vaya publicando antes de que vea la luz su nuevo disco, en el marco de esta nueva gira llegar\u00e1 al\u00a0<strong>Teatro Vorterix<\/strong>\u00a0 con su show\u00a0 el\u00a0<strong>S\u00e1bado 14 de junio, 21hs<\/strong>, entradas a la venta por sistema\u00a0<a href=\"https:\/\/www.allaccess.com.ar\/event\/macaco-en-buenos-aires?utm_source=perfit&amp;utm_medium=email\" target=\"_blank\" rel=\"noreferrer noopener\">AllAccess<\/a><\/p>\n\n\n<div class=\"wp-block-image\">\n<figure class=\"aligncenter size-full is-resized\"><img loading=\"lazy\" decoding=\"async\" width=\"2560\" height=\"2560\" src=\"https:\/\/entrenotasyacordes.com\/wp-content\/uploads\/2025\/06\/1739457629009-IMG_2253_retoq-scaled.jpg\" alt=\"\" class=\"wp-image-15677\" style=\"width:654px;height:auto\" srcset=\"https:\/\/entrenotasyacordes.com\/wp-content\/uploads\/2025\/06\/1739457629009-IMG_2253_retoq-scaled.jpg 2560w, https:\/\/entrenotasyacordes.com\/wp-content\/uploads\/2025\/06\/1739457629009-IMG_2253_retoq-300x300.jpg 300w, https:\/\/entrenotasyacordes.com\/wp-content\/uploads\/2025\/06\/1739457629009-IMG_2253_retoq-1024x1024.jpg 1024w, https:\/\/entrenotasyacordes.com\/wp-content\/uploads\/2025\/06\/1739457629009-IMG_2253_retoq-150x150.jpg 150w, https:\/\/entrenotasyacordes.com\/wp-content\/uploads\/2025\/06\/1739457629009-IMG_2253_retoq-768x768.jpg 768w, https:\/\/entrenotasyacordes.com\/wp-content\/uploads\/2025\/06\/1739457629009-IMG_2253_retoq-1536x1536.jpg 1536w, https:\/\/entrenotasyacordes.com\/wp-content\/uploads\/2025\/06\/1739457629009-IMG_2253_retoq-2048x2048.jpg 2048w, https:\/\/entrenotasyacordes.com\/wp-content\/uploads\/2025\/06\/1739457629009-IMG_2253_retoq-50x50.jpg 50w\" sizes=\"auto, (max-width: 2560px) 100vw, 2560px\" \/><\/figure>\n<\/div>\n\n\n<p><strong>D\u00edas atr\u00e1s Macaco estren\u00f3 su nuevo tema titulado \u00a8Santa Pasi\u00f3n\u00a8 dedicado a Argentina<\/strong><\/p>\n\n\n\n<p>Segun las propias palabras del artista: &nbsp;Desde hace much\u00edsimos a\u00f1os estoy rodeado de argentinos (tambi\u00e9n brasile\u00f1os, colombianos, franceses, puertorrique\u00f1os\u2026 amigos del mundo entero.<br>Dicen que Barcelona es la otra Argentina, que son hermanas, unidas por ese agua de r\u00edo mezclada con mar, ( dec\u00eda la canci\u00f3n ), por ese puerto presente que te hace partir y llegar. Tu historia se cruz\u00f3 con la m\u00eda.<\/p>\n\n\n\n<p>Facundo Cabral subrayaba : \u201cNo soy ni de aqu\u00ed ni de all\u00e1, soy de todos los lugares.\u201d<br>Y si somos semillas de donde nacemos, esparci\u00e9ndonos por este planeta, siento que conoc\u00ed esos otros \u201cmundos\u201d antes de recorrerlos gracias a esos amigos de all\u00ed que vinieron ac\u00e1 (m\u00e1s tarde viajando con la m\u00fasica, mi nave \u201cespecial\u201d).<\/p>\n\n\n\n<p>A Carlitos Rivolta le enviaba su familia alfajores, era nuestro \u201cMonchi\u201d. A altas horas de la noche, despu\u00e9s de grabar y grabar, recurr\u00edamos a ese dulce rico, lo devor\u00e1bamos , jaaa (ya t\u00fa sabes).<br>\u00c9l me pon\u00eda un tango y yo le pon\u00eda una buler\u00eda, o una rumba catalana. O me hac\u00eda escuchar rap porte\u00f1o, o Fito P\u00e1ez, o Cadillacs, o Gardel, o\u2026<br>Hace a\u00f1os, un mont\u00f3n, \u00e9ramos unos cr\u00edos ansiosos, inquietos, buscadores, ( y la verdad creo que seguimos en las mismas, sino que sentido tendr\u00eda esta canci\u00f3n, homenajear esta vibraci\u00f3n, ninguna ).<\/p>\n\n\n\n<p>La madre de Luc\u00ed vino en barco y me contaba la locura de la dictadura, c\u00f3mo los j\u00f3venes hu\u00edan y hu\u00edan, el dolor, la impotencia. Tantos y tantos argentinos alrededor m\u00edo o yo alrededor de ellos.<br>Recuerdo cuando Tato me contaba sus aventuras de chico, el punk y el rock y el hiphop de sus barrios, c\u00f3mo el graffiti se extend\u00eda, sus lenguas inventadas, para que no los entendieran , el \u00bb vesre \u201c, con sus palabras lunfardas.<\/p>\n\n\n\n<p>Mi abuelo era como el tuyo: el gaucho del Mart\u00edn Fierro, a hierro, sin dejarse callar.<br>Esa rebeld\u00eda, esa dignidad de campo abierto, sigue viva en las voces, en las guitarras, en los versos que no piden permiso.<br>Ve\u00eda sus pel\u00edculas (para m\u00ed, sus guiones son de los mejores del mundo ), llenos de din\u00e1micas, realismo y fantas\u00eda, sin impostar\u2026 Entre ellas \u201cEl Secreto de sus Ojos\u201d, ese cl\u00e1sico del cine donde apareci\u00f3 esa l\u00ednea ic\u00f3nica en la que me reconoc\u00ed:<br>\u201cPodr\u00e1s cambiar todo lo que quieras, pero no podr\u00e1s cambiar de pasi\u00f3n.\u201d<br>Esa frase, a\u00f1os despu\u00e9s, se reescribi\u00f3 en la canci\u00f3n \u201cLa Memoria del Coraz\u00f3n\u201d, (con la voz de otra amiga argentina, Chinita, introduciendo el imaginario del disco, con una preciosa colaboraci\u00f3n de la mano de mi querido Conociendo Rusia). Una canci\u00f3n que mezcla las melod\u00edas y armon\u00edas del tango argentino y el comp\u00e1s de los tangos del flamenco espa\u00f1ol.<\/p>\n\n\n\n<p>Muchos viajes fueron para all\u00e1, siempre o casi siempre conducidos por el tim\u00f3n de la m\u00fasica, y de una manera muy sentipensante (como dir\u00eda el maestro Galeano), nacieron los primeros versos de \u201cLa Santa Pasi\u00f3n\u201d , en un avi\u00f3n, de vuelta de mi \u00faltimo viaje a ese majestuoso rinc\u00f3n m\u00e1gico del hemisferio Sur .<\/p>\n\n\n\n<p>\u201cEres esa mina que no necesita el oro para brillar\u201d<\/p>\n\n\n\n<p>No s\u00e9 si fueron sus cantos corales (montones de grupos hablan del p\u00fablico argentino, su fuerza y su abrazo con la m\u00fasica en directo), no s\u00e9 si fue aquel beso que me soltaron, no s\u00e9 si fue el \u201clenguaje de signos\u201d que sent\u00eda desde el escenario, o los montones de alfajores que me regalaron, o esos dibujos, o los cientos de tatuajes que me enviaban y me mostraban con frases de mis canciones, o porque te vi en aquel aeropuerto\u2026 No s\u00e9, la verdad.<\/p>\n\n\n\n<p>Supongo que es esa familia sin sangre que corre por mis venas, esa que amas y a la vez te hace enfadar, esa que conoces a la perfecci\u00f3n pero nunca comprendes\u2026 esa a la que siempre regresas.<\/p>\n\n\n\n<p>Sea como sea, la pasi\u00f3n es parte de su ADN, pero \u00bfsaben una cosa? Tambi\u00e9n del m\u00edo. Mi \u00fanico motor, ese que me hace brillar, explorarme, ese que si se ausenta me apaga.<\/p>\n\n\n\n<p>La pasi\u00f3n es como una religi\u00f3n sin jerarqu\u00edas, sin normas, sin letra peque\u00f1a, un riel, una estela en el oc\u00e9ano que ves pero que todav\u00eda no recorriste. Es ese lugar donde lo intangible cobra vida cuando el sue\u00f1o empuja al movimiento. \u201cSi no lo creo no lo veo\u201d, sostiene una canci\u00f3n de mi pr\u00f3ximo disco.<\/p>\n\n\n\n<p>S\u00ed, la pasi\u00f3n es ese reflejo contagioso que alimenta los sentidos, propios y ajenos, contagiosa, febril, hipn\u00f3tica, embriagadora, esa fuerza sin gravedad que detiene los relojes, es el combustible m\u00e1s eco que existe, renueva las el entusiasmo, el desenfreno, el doble o nada , es el combustible m\u00e1s eco que existe, c\u00e9lulas y el coraz\u00f3n sin necesidad de transfusiones, solo emociones abstractas sin hojas de ruta, sin plataforma, sin condicionamientos, \u201cLa Santa Pasi\u00f3n\u201d es una carta de amor, s\u00ed, amor por ese sentimiento com\u00fan tan inconfundible, rociado con un car\u00e1cter dulce y amargo a la vez, ese tan de ellos, tan a su manera.<\/p>\n\n\n\n<p>\u201c La Santa Pasi\u00f3n\u201d ese una rumba catalana en el estribillo, en el coro, pero con ese aire \u201ccanchero\u201d como amplificador. Es una poes\u00eda tarareada en la primera estrofa con una melod\u00eda tanguera, es un slam poetry, unas rimas aut\u00f3nomas repletas de fotos en la segunda estrofa.<\/p>\n\n\n\n<p>Es una canci\u00f3n \u201ccapic\u00faa\u201d:<br>\u201cNo te entiendo pero te quiero igual\u201d\u2026 as\u00ed empieza,<br>\u201cMe quedo con vos, aunque nunca te llegue a comprender\u201d\u2026 as\u00ed termina.<\/p>\n\n\n\n<p>\u201cLA SANTA PASI\u00d3N\u201d<br><strong>\u201cPorque la pasi\u00f3n no es ciega, es visionaria, te hace ver lo invisible.\u201d<\/strong><\/p>\n\n\n\n<p><strong>GRACIAS ARGENTINA<\/strong><br>TQ TOITO CON TO, Y SIN NA<\/p>\n\n\n\n<figure class=\"wp-block-embed is-type-video is-provider-youtube wp-block-embed-youtube wp-embed-aspect-16-9 wp-has-aspect-ratio\"><div class=\"wp-block-embed__wrapper\">\n<div class=\"epyt-video-wrapper\"><iframe loading=\"lazy\"  id=\"_ytid_30332\"  width=\"640\" height=\"360\"  data-origwidth=\"640\" data-origheight=\"360\" src=\"https:\/\/www.youtube.com\/embed\/3jtqTK9INFw?enablejsapi=1&#038;autoplay=0&#038;cc_load_policy=0&#038;cc_lang_pref=&#038;iv_load_policy=1&#038;loop=0&#038;rel=1&#038;fs=1&#038;playsinline=0&#038;autohide=2&#038;theme=dark&#038;color=white&#038;controls=1&#038;\" class=\"__youtube_prefs__  epyt-is-override  no-lazyload\" data-vol=\"50\"  title=\"YouTube player\"  allow=\"fullscreen; accelerometer; autoplay; clipboard-write; encrypted-media; gyroscope; picture-in-picture; web-share\" referrerpolicy=\"strict-origin-when-cross-origin\" allowfullscreen data-no-lazy=\"1\" data-skipgform_ajax_framebjll=\"\"><\/iframe><\/div>\n<\/div><\/figure>\n\n\n\n<p>Despu\u00e9s de un 2023 imparable, con una gira que lo llev\u00f3 a recorrer teatros por toda Espa\u00f1a, y los escenarios de festivales con su aclamado disco \u00abVu\u00e9lame el coraz\u00f3n\u00bb, Macaco decide tomarse un tiempo durante el 2024.<\/p>\n\n\n\n<p>Sin embargo, su incesante necesidad de creaci\u00f3n le llev\u00f3 a seguir componiendo canciones y a involucrarse en proyectos tan emotivos como el de La Fundaci\u00f3n Alzheimer Espa\u00f1a (FAE), una propuesta que nace con el objetivo de generar conciencia y sensibilizar a la sociedad sobre esta importante causa, y que al artista le toca muy directamente. Ahora, regresa para sorprendernos en 2025 presentando algunas de sus nuevas composiciones y sus grandes \u00e9xitos, en una gira explosiva que promete poner a bailar a Espa\u00f1a y Am\u00e9rica Latina en 2025.<\/p>\n","protected":false},"excerpt":{"rendered":"","protected":false},"author":5,"featured_media":15676,"comment_status":"open","ping_status":"open","sticky":false,"template":"","format":"standard","meta":{"om_disable_all_campaigns":false,"_uf_show_specific_survey":0,"_uf_disable_surveys":false,"footnotes":""},"categories":[4],"tags":[],"class_list":["post-15675","post","type-post","status-publish","format-standard","has-post-thumbnail","hentry","category-musica"],"_links":{"self":[{"href":"https:\/\/entrenotasyacordes.com\/index.php?rest_route=\/wp\/v2\/posts\/15675","targetHints":{"allow":["GET"]}}],"collection":[{"href":"https:\/\/entrenotasyacordes.com\/index.php?rest_route=\/wp\/v2\/posts"}],"about":[{"href":"https:\/\/entrenotasyacordes.com\/index.php?rest_route=\/wp\/v2\/types\/post"}],"author":[{"embeddable":true,"href":"https:\/\/entrenotasyacordes.com\/index.php?rest_route=\/wp\/v2\/users\/5"}],"replies":[{"embeddable":true,"href":"https:\/\/entrenotasyacordes.com\/index.php?rest_route=%2Fwp%2Fv2%2Fcomments&post=15675"}],"version-history":[{"count":1,"href":"https:\/\/entrenotasyacordes.com\/index.php?rest_route=\/wp\/v2\/posts\/15675\/revisions"}],"predecessor-version":[{"id":15678,"href":"https:\/\/entrenotasyacordes.com\/index.php?rest_route=\/wp\/v2\/posts\/15675\/revisions\/15678"}],"wp:featuredmedia":[{"embeddable":true,"href":"https:\/\/entrenotasyacordes.com\/index.php?rest_route=\/wp\/v2\/media\/15676"}],"wp:attachment":[{"href":"https:\/\/entrenotasyacordes.com\/index.php?rest_route=%2Fwp%2Fv2%2Fmedia&parent=15675"}],"wp:term":[{"taxonomy":"category","embeddable":true,"href":"https:\/\/entrenotasyacordes.com\/index.php?rest_route=%2Fwp%2Fv2%2Fcategories&post=15675"},{"taxonomy":"post_tag","embeddable":true,"href":"https:\/\/entrenotasyacordes.com\/index.php?rest_route=%2Fwp%2Fv2%2Ftags&post=15675"}],"curies":[{"name":"wp","href":"https:\/\/api.w.org\/{rel}","templated":true}]}}