{"id":15679,"date":"2025-06-01T15:39:13","date_gmt":"2025-06-01T15:39:13","guid":{"rendered":"https:\/\/entrenotasyacordes.com\/?p=15679"},"modified":"2025-06-01T15:39:14","modified_gmt":"2025-06-01T15:39:14","slug":"cupido-la-banda-espanola-referente-del-nuevo-pop-alternativo-llega-a-argentina-con-fechas-en-buenos-aires-rosario-y-cordoba","status":"publish","type":"post","link":"https:\/\/entrenotasyacordes.com\/?p=15679","title":{"rendered":"CUPIDO LA BANDA ESPA\u00d1OLA REFERENTE DEL NUEVO POP ALTERNATIVO LLEGA A ARGENTINA CON FECHAS EN BUENOS AIRES, ROSARIO Y C\u00d3RDOBA"},"content":{"rendered":"\n<!--more-->\n\n\n<div class=\"wp-block-image\">\n<figure class=\"aligncenter size-full\"><img loading=\"lazy\" decoding=\"async\" width=\"2560\" height=\"1707\" src=\"https:\/\/entrenotasyacordes.com\/wp-content\/uploads\/2025\/05\/1745791402533-CUPIDO-THUR-PROMO-462_max-scaled.jpg\" alt=\"\" class=\"wp-image-15174\" srcset=\"https:\/\/entrenotasyacordes.com\/wp-content\/uploads\/2025\/05\/1745791402533-CUPIDO-THUR-PROMO-462_max-scaled.jpg 2560w, https:\/\/entrenotasyacordes.com\/wp-content\/uploads\/2025\/05\/1745791402533-CUPIDO-THUR-PROMO-462_max-300x200.jpg 300w, https:\/\/entrenotasyacordes.com\/wp-content\/uploads\/2025\/05\/1745791402533-CUPIDO-THUR-PROMO-462_max-1024x683.jpg 1024w, https:\/\/entrenotasyacordes.com\/wp-content\/uploads\/2025\/05\/1745791402533-CUPIDO-THUR-PROMO-462_max-768x512.jpg 768w, https:\/\/entrenotasyacordes.com\/wp-content\/uploads\/2025\/05\/1745791402533-CUPIDO-THUR-PROMO-462_max-1536x1024.jpg 1536w, https:\/\/entrenotasyacordes.com\/wp-content\/uploads\/2025\/05\/1745791402533-CUPIDO-THUR-PROMO-462_max-2048x1365.jpg 2048w\" sizes=\"auto, (max-width: 2560px) 100vw, 2560px\" \/><\/figure>\n<\/div>\n\n\n<p class=\"has-text-align-left\">Revolucionaron el panorama del pop independiente en espa\u00f1ol y hoy se consolidaron como referentes de la nueva ola alternativa con una est\u00e9tica melanc\u00f3lica. Con m\u00e1s de 500 mil oyentes mensuales en Spotify y una gran presencia en redes sociales,&nbsp;<strong>Cupido desembarca por primera vez en Argentina como parte de su gira latinoamericana,&nbsp;<\/strong>que tambi\u00e9n los llevar\u00e1 a M\u00e9xico y Chile.<\/p>\n\n\n\n<p class=\"has-text-align-left\"><strong>El encuentro con Argentina ser\u00e1 el 19 de junio en el Teatro Vorterix de Buenos Aires, el 21 en el Centro Cultral G\u00fcemes de Rosario y el 22 en Sala Formosa, C\u00f3rdoba.<\/strong><\/p>\n\n\n<div class=\"wp-block-image\">\n<figure class=\"aligncenter size-full is-resized\"><img loading=\"lazy\" decoding=\"async\" width=\"2048\" height=\"2560\" src=\"https:\/\/entrenotasyacordes.com\/wp-content\/uploads\/2025\/05\/1745791295726-cupido_gira-02-scaled.jpg\" alt=\"\" class=\"wp-image-15173\" style=\"width:486px;height:auto\" srcset=\"https:\/\/entrenotasyacordes.com\/wp-content\/uploads\/2025\/05\/1745791295726-cupido_gira-02-scaled.jpg 2048w, https:\/\/entrenotasyacordes.com\/wp-content\/uploads\/2025\/05\/1745791295726-cupido_gira-02-240x300.jpg 240w, https:\/\/entrenotasyacordes.com\/wp-content\/uploads\/2025\/05\/1745791295726-cupido_gira-02-819x1024.jpg 819w, https:\/\/entrenotasyacordes.com\/wp-content\/uploads\/2025\/05\/1745791295726-cupido_gira-02-768x960.jpg 768w, https:\/\/entrenotasyacordes.com\/wp-content\/uploads\/2025\/05\/1745791295726-cupido_gira-02-1229x1536.jpg 1229w, https:\/\/entrenotasyacordes.com\/wp-content\/uploads\/2025\/05\/1745791295726-cupido_gira-02-1639x2048.jpg 1639w, https:\/\/entrenotasyacordes.com\/wp-content\/uploads\/2025\/05\/1745791295726-cupido_gira-02-1024x1280.jpg 1024w\" sizes=\"auto, (max-width: 2048px) 100vw, 2048px\" \/><\/figure>\n<\/div>\n\n\n<p>Fue en 2018, cuando el reconocido rapero Pimp Flaco y la banda canaria de indie rock \u00abSolo Astra\u00bb unieron su talento para formar\u00a0<strong>Cupido<\/strong>. Con propuestas nuevas y diferentes, sumado a la experimentaci\u00f3n de cada artista, su sonido inmediatamente se posicion\u00f3 dentro de la escena de la m\u00fasica alternativa en Espa\u00f1a. Adem\u00e1s, con el lanzamiento de su primer single \u00abNo sabes Mentir\u00bb, estrenado en Primavera Sound, la banda empez\u00f3 a afianzar su identidad propia. Desde sus comienzos, se consolidaron como una BoyBand poco convencional, con influencias del bedroom pop, electro, indie y la psicodelia.<\/p>\n\n\n\n<p>A lo largo de su trayectoria,\u00a0<strong>Cupido\u00a0<\/strong>fue construyendo una comunidad creciente y fuerte. Con \u00e9xitos como \u00ab<strong>La Pared<\/strong>\u00ab, \u00ab<strong>Autoestima<\/strong>\u00bb y la colaboraci\u00f3n con el artista de renombre\u00a0<strong>Feid \u00a0<\/strong>\u00ab<strong>Privilegios<\/strong>\u00ab, han logrado afirmarse como una banda referente del pop.\u00a0<\/p>\n\n\n\n<p>Aunque su sonido fue evolucionando con el tiempo, hay algo que se sigue manteniendo de forma constante: el contenido de las letras contin\u00faa siendo el amor.<\/p>\n\n\n\n<p>Su nuevo EP \u00ab<strong>Te hago un Resumen<\/strong>\u00a0\u00ab, lanzado el 14 de febrero, reafirma su propuesta art\u00edstica con cinco nuevas canciones que combinan sonidos frescos y creatividad. Recibido con un entusiasmo por parte de sus fans, el material ya se perfila como un nuevo hit en su carrera.<\/p>\n\n\n<div class=\"wp-block-image\">\n<figure class=\"aligncenter size-full is-resized\"><img loading=\"lazy\" decoding=\"async\" width=\"1600\" height=\"1600\" src=\"https:\/\/entrenotasyacordes.com\/wp-content\/uploads\/2025\/06\/1747230374089-WhatsApp-Image-2025-05-14-at-09.10.01-1.jpeg\" alt=\"\" class=\"wp-image-15680\" style=\"width:486px;height:auto\" srcset=\"https:\/\/entrenotasyacordes.com\/wp-content\/uploads\/2025\/06\/1747230374089-WhatsApp-Image-2025-05-14-at-09.10.01-1.jpeg 1600w, https:\/\/entrenotasyacordes.com\/wp-content\/uploads\/2025\/06\/1747230374089-WhatsApp-Image-2025-05-14-at-09.10.01-1-300x300.jpeg 300w, https:\/\/entrenotasyacordes.com\/wp-content\/uploads\/2025\/06\/1747230374089-WhatsApp-Image-2025-05-14-at-09.10.01-1-1024x1024.jpeg 1024w, https:\/\/entrenotasyacordes.com\/wp-content\/uploads\/2025\/06\/1747230374089-WhatsApp-Image-2025-05-14-at-09.10.01-1-150x150.jpeg 150w, https:\/\/entrenotasyacordes.com\/wp-content\/uploads\/2025\/06\/1747230374089-WhatsApp-Image-2025-05-14-at-09.10.01-1-768x768.jpeg 768w, https:\/\/entrenotasyacordes.com\/wp-content\/uploads\/2025\/06\/1747230374089-WhatsApp-Image-2025-05-14-at-09.10.01-1-1536x1536.jpeg 1536w, https:\/\/entrenotasyacordes.com\/wp-content\/uploads\/2025\/06\/1747230374089-WhatsApp-Image-2025-05-14-at-09.10.01-1-50x50.jpeg 50w\" sizes=\"auto, (max-width: 1600px) 100vw, 1600px\" \/><\/figure>\n<\/div>\n\n\n<p>Con esta producci\u00f3n, la banda sostiene la conexi\u00f3n con su p\u00fablico de una manera m\u00e1s \u00edntima y especial.<\/p>\n\n\n\n<p>Pr\u00f3ximos Shows:<br>4\/06\/25 Foro Indie Rocks, Ciudad de M\u00e9xico, M\u00e9xico (19hs)<br>6\/06\/25 C3 Stage, Guadalajara, M\u00e9xico (19hs)<br>14\/06\/25 Teatro Cariola, Santiago de Chile, Chile (21hs)<br><strong>19\/06\/25 Teatro Vorterix, Buenos Aires, Argentina (21hs)<br>21\/06\/25 Centro Cultural G\u00fcemes, Rosario, Argentina (20hs)<br>22\/06\/25 Sala Formosa, C\u00f3rdoba, Argentina (19hs)<\/strong><\/p>\n","protected":false},"excerpt":{"rendered":"","protected":false},"author":5,"featured_media":15173,"comment_status":"open","ping_status":"open","sticky":false,"template":"","format":"standard","meta":{"om_disable_all_campaigns":false,"_uf_show_specific_survey":0,"_uf_disable_surveys":false,"footnotes":""},"categories":[36],"tags":[],"class_list":["post-15679","post","type-post","status-publish","format-standard","has-post-thumbnail","hentry","category-conciertos"],"_links":{"self":[{"href":"https:\/\/entrenotasyacordes.com\/index.php?rest_route=\/wp\/v2\/posts\/15679","targetHints":{"allow":["GET"]}}],"collection":[{"href":"https:\/\/entrenotasyacordes.com\/index.php?rest_route=\/wp\/v2\/posts"}],"about":[{"href":"https:\/\/entrenotasyacordes.com\/index.php?rest_route=\/wp\/v2\/types\/post"}],"author":[{"embeddable":true,"href":"https:\/\/entrenotasyacordes.com\/index.php?rest_route=\/wp\/v2\/users\/5"}],"replies":[{"embeddable":true,"href":"https:\/\/entrenotasyacordes.com\/index.php?rest_route=%2Fwp%2Fv2%2Fcomments&post=15679"}],"version-history":[{"count":1,"href":"https:\/\/entrenotasyacordes.com\/index.php?rest_route=\/wp\/v2\/posts\/15679\/revisions"}],"predecessor-version":[{"id":15681,"href":"https:\/\/entrenotasyacordes.com\/index.php?rest_route=\/wp\/v2\/posts\/15679\/revisions\/15681"}],"wp:featuredmedia":[{"embeddable":true,"href":"https:\/\/entrenotasyacordes.com\/index.php?rest_route=\/wp\/v2\/media\/15173"}],"wp:attachment":[{"href":"https:\/\/entrenotasyacordes.com\/index.php?rest_route=%2Fwp%2Fv2%2Fmedia&parent=15679"}],"wp:term":[{"taxonomy":"category","embeddable":true,"href":"https:\/\/entrenotasyacordes.com\/index.php?rest_route=%2Fwp%2Fv2%2Fcategories&post=15679"},{"taxonomy":"post_tag","embeddable":true,"href":"https:\/\/entrenotasyacordes.com\/index.php?rest_route=%2Fwp%2Fv2%2Ftags&post=15679"}],"curies":[{"name":"wp","href":"https:\/\/api.w.org\/{rel}","templated":true}]}}