{"id":15682,"date":"2025-06-01T15:44:10","date_gmt":"2025-06-01T15:44:10","guid":{"rendered":"https:\/\/entrenotasyacordes.com\/?p=15682"},"modified":"2025-06-01T15:44:11","modified_gmt":"2025-06-01T15:44:11","slug":"disney-en-concierto-un-recorrido-sinfonico-llega-a-cordoba","status":"publish","type":"post","link":"https:\/\/entrenotasyacordes.com\/?p=15682","title":{"rendered":"DISNEY EN CONCIERTO: UN RECORRIDO SINF\u00d3NICO LLEGA A C\u00d3RDOBA"},"content":{"rendered":"\n<!--more-->\n\n\n\n<p class=\"has-text-align-center\"><strong>TEATRO DEL LIBERTADOR<br>DEL 5 AL 11 DE JULIO<\/strong><\/p>\n\n\n\n<p class=\"has-text-align-left\">El espect\u00e1culo visual y musical combina la interpretaci\u00f3n en vivo de canciones ic\u00f3nicas de Disney con la presencia de entra\u00f1ables personajes y talentosos artistas en escena<\/p>\n\n\n\n<p class=\"has-text-align-center\"><strong>Consegu\u00ed tus entradas en\u00a0<a href=\"https:\/\/envivoproducci.tr.pemsv11.net\/c\/eyJhIjoiZW52aXZvcHJvZHVjY2kiLCJtIjoibWFpbF9jbWI5ZjcydDg4N2FoMDgyNTZ5eHI5MDZ1IiwibCI6ImxpbmtfODljNTcwMDQ2YWZkNWFlN2RlZmE4OTQ4NWYxMzhiMTg5MzgwZGIzYl8xYjgyYmYiLCJpIjpbXSwidSI6Imh0dHBzOi8vd3d3LmVkZW5lbnRyYWRhcy5hci9ldmVudC9kaXNuZXktZW4tY29uY2llcnRvP3V0bV9zb3VyY2U9cGVyZml0JnV0bV9tZWRpdW09ZW1haWwmdXRtX2NhbXBhaWduPWNvcGlhJTIwRElTTkVZJTIwRU4lMjBDT05DSUVSVE8lMjAtJTIwVEVBVFJPJTIwREVMJTIwTElCRVJUQURPUiIsImMiOiIiLCJoIjoiMmQ5MDZhIn0\" target=\"_blank\" rel=\"noreferrer noopener\">edenentradas.ar<\/a>\u00a0<\/strong><br>6 cuotas sin inter\u00e9s comprando con Santander Visa<\/p>\n\n\n<div class=\"wp-block-image\">\n<figure class=\"aligncenter size-full is-resized\"><img loading=\"lazy\" decoding=\"async\" width=\"1080\" height=\"1350\" src=\"https:\/\/entrenotasyacordes.com\/wp-content\/uploads\/2025\/06\/1748353174969-DEC_CORDOBA_4.5_Sponsor.jpg\" alt=\"\" class=\"wp-image-15683\" style=\"width:486px;height:auto\" srcset=\"https:\/\/entrenotasyacordes.com\/wp-content\/uploads\/2025\/06\/1748353174969-DEC_CORDOBA_4.5_Sponsor.jpg 1080w, https:\/\/entrenotasyacordes.com\/wp-content\/uploads\/2025\/06\/1748353174969-DEC_CORDOBA_4.5_Sponsor-240x300.jpg 240w, https:\/\/entrenotasyacordes.com\/wp-content\/uploads\/2025\/06\/1748353174969-DEC_CORDOBA_4.5_Sponsor-819x1024.jpg 819w, https:\/\/entrenotasyacordes.com\/wp-content\/uploads\/2025\/06\/1748353174969-DEC_CORDOBA_4.5_Sponsor-768x960.jpg 768w, https:\/\/entrenotasyacordes.com\/wp-content\/uploads\/2025\/06\/1748353174969-DEC_CORDOBA_4.5_Sponsor-1024x1280.jpg 1024w\" sizes=\"auto, (max-width: 1080px) 100vw, 1080px\" \/><\/figure>\n<\/div>\n\n\n<p>Luego de 17 funciones exitosas en el Teatro Col\u00f3n de Buenos Aires y su presentaci\u00f3n en Rosario,\u00a0<em><strong>Disney en concierto: un recorrido sinf\u00f3nico<\/strong><\/em>\u00a0llega al\u00a0<strong>Teatro del Libertador San Mart\u00edn de C\u00f3rdoba<\/strong>\u00a0del 5 al 11 de julio, con funciones diarias. Este espect\u00e1culo visual y musical invita a audiencias de todas las edades a emocionarse recorriendo algunos de los mundos m\u00e1s ic\u00f3nicos de Disney, acompa\u00f1ados por sus inolvidables canciones. Con un despliegue impactante, el show cuenta con la presencia de queridos personajes y talentosos artistas en escena. Las\u00a0<strong>entradas ya est\u00e1n disponibles en\u00a0<a href=\"https:\/\/envivoproducci.tr.pemsv11.net\/c\/eyJhIjoiZW52aXZvcHJvZHVjY2kiLCJtIjoibWFpbF9jbWI5ZjcydDg4N2FoMDgyNTZ5eHI5MDZ1IiwibCI6ImxpbmtfODljNTcwMDQ2YWZkNWFlN2RlZmE4OTQ4NWYxMzhiMTg5MzgwZGIzYl81OTc2MzciLCJpIjpbXSwidSI6Imh0dHBzOi8vd3d3LmVkZW5lbnRyYWRhcy5hci9ldmVudC9kaXNuZXktZW4tY29uY2llcnRvP3V0bV9zb3VyY2U9cGVyZml0JnV0bV9tZWRpdW09ZW1haWwmdXRtX2NhbXBhaWduPWNvcGlhJTIwRElTTkVZJTIwRU4lMjBDT05DSUVSVE8lMjAtJTIwVEVBVFJPJTIwREVMJTIwTElCRVJUQURPUiIsImMiOiIiLCJoIjoiMTE5ODQ0In0\" target=\"_blank\" rel=\"noreferrer noopener\">edenentradas.ar<\/a><\/strong><\/p>\n\n\n\n<p>Con la interpretaci\u00f3n musical de una orquesta en vivo bajo la direcci\u00f3n del maestro\u00a0<strong>Tom\u00e1s Mayer-Wolf<\/strong>,\u00a0<em><strong>Disney en concierto: un recorrido sinf\u00f3nico<\/strong><\/em>\u00a0es un show \u00fanico que embarca a las audiencias en un viaje por el inigualable legado musical de Disney a trav\u00e9s de canciones populares de todos los tiempos, incluyendo:<\/p>\n\n\n\n<ul class=\"wp-block-list\">\n<li><em>\u201cNo se habla de Bruno\u201d<\/em>\u00a0(Encanto)<\/li>\n\n\n\n<li><em>\u201cUn mundo ideal\u201d<\/em>\u00a0(Aladd\u00edn)<\/li>\n\n\n\n<li><em>\u201cCiclo sin fin\u201d\u00a0<\/em>(El Rey Le\u00f3n)<\/li>\n\n\n\n<li>\u201c<em>Libre soy\u201d<\/em>\u00a0(Frozen: Una aventura congelada)<\/li>\n\n\n\n<li><em>\u201cCu\u00e1n lejos voy\u201d<\/em>\u00a0(Moana: Un mar de aventuras)<\/li>\n<\/ul>\n\n\n\n<p class=\"has-text-align-center\"><strong>C\u00d3RDOBA: del 5 al 11 de julio<\/strong><br><strong>Teatro del Libertador General San Mart\u00edn<\/strong><br><strong>Entradas:\u00a0<a href=\"https:\/\/envivoproducci.tr.pemsv11.net\/c\/eyJhIjoiZW52aXZvcHJvZHVjY2kiLCJtIjoibWFpbF9jbWI5ZjcydDg4N2FoMDgyNTZ5eHI5MDZ1IiwibCI6ImxpbmtfODljNTcwMDQ2YWZkNWFlN2RlZmE4OTQ4NWYxMzhiMTg5MzgwZGIzYl9lMmJmNDkiLCJpIjpbXSwidSI6Imh0dHBzOi8vd3d3LmVkZW5lbnRyYWRhcy5hci9ldmVudC9kaXNuZXktZW4tY29uY2llcnRvP3V0bV9zb3VyY2U9cGVyZml0JnV0bV9tZWRpdW09ZW1haWwmdXRtX2NhbXBhaWduPWNvcGlhJTIwRElTTkVZJTIwRU4lMjBDT05DSUVSVE8lMjAtJTIwVEVBVFJPJTIwREVMJTIwTElCRVJUQURPUiIsImMiOiIiLCJoIjoiYWE4OTljIn0\" target=\"_blank\" rel=\"noreferrer noopener\">edenentradas.ar<\/a><\/strong><\/p>\n\n\n\n<p class=\"has-text-align-center\"><strong>Funciones:<\/strong><br>5 de julio (19.30 hs)<br>6 de julio (16.00 hs y 19.30 hs)<br>8 de julio (16.00 hs y 19.30 hs)<br>9 de julio (16.00 hs y 19.30 hs)<br>10 de julio (16.00 hs y 19.30 hs)<br>11 de julio (16.00 hs)<\/p>\n","protected":false},"excerpt":{"rendered":"","protected":false},"author":5,"featured_media":15683,"comment_status":"open","ping_status":"open","sticky":false,"template":"","format":"standard","meta":{"om_disable_all_campaigns":false,"_uf_show_specific_survey":0,"_uf_disable_surveys":false,"footnotes":""},"categories":[36],"tags":[],"class_list":["post-15682","post","type-post","status-publish","format-standard","has-post-thumbnail","hentry","category-conciertos"],"_links":{"self":[{"href":"https:\/\/entrenotasyacordes.com\/index.php?rest_route=\/wp\/v2\/posts\/15682","targetHints":{"allow":["GET"]}}],"collection":[{"href":"https:\/\/entrenotasyacordes.com\/index.php?rest_route=\/wp\/v2\/posts"}],"about":[{"href":"https:\/\/entrenotasyacordes.com\/index.php?rest_route=\/wp\/v2\/types\/post"}],"author":[{"embeddable":true,"href":"https:\/\/entrenotasyacordes.com\/index.php?rest_route=\/wp\/v2\/users\/5"}],"replies":[{"embeddable":true,"href":"https:\/\/entrenotasyacordes.com\/index.php?rest_route=%2Fwp%2Fv2%2Fcomments&post=15682"}],"version-history":[{"count":1,"href":"https:\/\/entrenotasyacordes.com\/index.php?rest_route=\/wp\/v2\/posts\/15682\/revisions"}],"predecessor-version":[{"id":15684,"href":"https:\/\/entrenotasyacordes.com\/index.php?rest_route=\/wp\/v2\/posts\/15682\/revisions\/15684"}],"wp:featuredmedia":[{"embeddable":true,"href":"https:\/\/entrenotasyacordes.com\/index.php?rest_route=\/wp\/v2\/media\/15683"}],"wp:attachment":[{"href":"https:\/\/entrenotasyacordes.com\/index.php?rest_route=%2Fwp%2Fv2%2Fmedia&parent=15682"}],"wp:term":[{"taxonomy":"category","embeddable":true,"href":"https:\/\/entrenotasyacordes.com\/index.php?rest_route=%2Fwp%2Fv2%2Fcategories&post=15682"},{"taxonomy":"post_tag","embeddable":true,"href":"https:\/\/entrenotasyacordes.com\/index.php?rest_route=%2Fwp%2Fv2%2Ftags&post=15682"}],"curies":[{"name":"wp","href":"https:\/\/api.w.org\/{rel}","templated":true}]}}