{"id":15689,"date":"2025-06-01T15:53:54","date_gmt":"2025-06-01T15:53:54","guid":{"rendered":"https:\/\/entrenotasyacordes.com\/?p=15689"},"modified":"2025-06-01T15:53:55","modified_gmt":"2025-06-01T15:53:55","slug":"luego-de-agotar-tres-estadios-lali-confirma-una-nueva-fecha-en-velez","status":"publish","type":"post","link":"https:\/\/entrenotasyacordes.com\/?p=15689","title":{"rendered":"LUEGO DE AGOTAR TRES ESTADIOS, LALI CONFIRMA UNA NUEVA FECHA EN V\u00c9LEZ"},"content":{"rendered":"\n<!--more-->\n\n\n\n<p class=\"has-text-align-left\"><strong>DESPU\u00c9S DE CONVOCAR A M\u00c1S DE 90.000 PERSONAS CON UN SHOW DE NIVEL INTERNACIONAL, LALI ANUNCIA UNA CUARTA FECHA Y CONFIRMA SU LUGAR COMO REFERENTE DE TODA UNA GENERACI\u00d3N.<\/strong><\/p>\n\n\n\n<p class=\"has-text-align-center\"><strong>24 Y 25 DE MAYO\u00a0\u00a1AGOTADOS!<\/strong><br><strong>6 DE SEPTIEMBRE\u00a0\u00a1AGOTADO!<\/strong><br><strong>7 DE SEPTIEMBRE\u00a0\u00a1NUEVA FECHA!<\/strong><\/p>\n\n\n<div class=\"wp-block-image\">\n<figure class=\"aligncenter size-full\"><img loading=\"lazy\" decoding=\"async\" width=\"549\" height=\"552\" src=\"https:\/\/entrenotasyacordes.com\/wp-content\/uploads\/2025\/06\/44cc4536-5965-40fc-b00d-e99eca17cece.jpeg\" alt=\"\" class=\"wp-image-15690\" srcset=\"https:\/\/entrenotasyacordes.com\/wp-content\/uploads\/2025\/06\/44cc4536-5965-40fc-b00d-e99eca17cece.jpeg 549w, https:\/\/entrenotasyacordes.com\/wp-content\/uploads\/2025\/06\/44cc4536-5965-40fc-b00d-e99eca17cece-298x300.jpeg 298w, https:\/\/entrenotasyacordes.com\/wp-content\/uploads\/2025\/06\/44cc4536-5965-40fc-b00d-e99eca17cece-150x150.jpeg 150w, https:\/\/entrenotasyacordes.com\/wp-content\/uploads\/2025\/06\/44cc4536-5965-40fc-b00d-e99eca17cece-50x50.jpeg 50w\" sizes=\"auto, (max-width: 549px) 100vw, 549px\" \/><\/figure>\n<\/div>\n\n\n<p class=\"has-text-align-left\"><strong>ENTRADAS DISPONIBLES DESDE EL VIERNES 30 DE MAYO A LAS 13 HS A TRAV\u00c9S DE\u00a0<\/strong><a href=\"https:\/\/click.emails.sonymusicfans.com\/?qs=21a4d4df253a15f93681e375181d81e9cce84c611d7aa9321739beb2bb21378b551f4390f696b67b5ba0324a10d34c7e12a29c6ffe4ffa27\"><strong>ENIGMATICKETS.COM<\/strong><\/a><\/p>\n\n\n\n<p>LA GIRA CONTINUAR\u00c1 EN EL MES DE JUNIO CON PARADA EN C\u00d3RDOBA, ROSARIO, MAR DEL PLATA Y MONTEVIDEO (URUGUAY). ADEM\u00c1S SEGUIR\u00c1 SU RECORRIDO POR ARGENTINA Y VISITAR\u00c1 ESPA\u00d1A, SEGU\u00cd TODO EL LALI TOUR 2025 EN\u00a0<a href=\"https:\/\/click.emails.sonymusicfans.com\/?qs=21a4d4df253a15f91d8d9d99b6e59373de7b4a67bc0f94fd3022b61b701a352b664f54edf5cfff5a38c0de118cf37d5cea618ea36e7152a8\"><strong>LALIOFICIAL.COM\u00a0<\/strong><\/a><\/p>\n\n\n<div class=\"wp-block-image\">\n<figure class=\"aligncenter size-full is-resized\"><img loading=\"lazy\" decoding=\"async\" width=\"528\" height=\"351\" src=\"https:\/\/entrenotasyacordes.com\/wp-content\/uploads\/2025\/06\/ebd26388-0777-4faa-bdfa-e0ef801612b6.jpg\" alt=\"\" class=\"wp-image-15691\" style=\"width:668px;height:auto\" srcset=\"https:\/\/entrenotasyacordes.com\/wp-content\/uploads\/2025\/06\/ebd26388-0777-4faa-bdfa-e0ef801612b6.jpg 528w, https:\/\/entrenotasyacordes.com\/wp-content\/uploads\/2025\/06\/ebd26388-0777-4faa-bdfa-e0ef801612b6-300x200.jpg 300w\" sizes=\"auto, (max-width: 528px) 100vw, 528px\" \/><figcaption class=\"wp-element-caption\"><em>Cr\u00e9ditos: Dale Play Live<\/em><\/figcaption><\/figure>\n<\/div>\n\n\n<p><strong>Lali&nbsp;<\/strong>es considerada la referente de toda una generaci\u00f3n, super\u00e1ndose en cada paso que da con una firmeza \u00fanica que la caracteriza. Con su nuevo \u00e1lbum&nbsp;<strong>\u201cNO VAYAS A ATENDER CUANDO EL DEMONIO LLAMA\u201d<\/strong>&nbsp;y su regreso a los escenarios, deton\u00f3 el&nbsp;<strong>Estadio V\u00e9lez&nbsp;<\/strong>con dos noches \u00e9picas con entradas totalmente agotadas, donde su p\u00fablico se rindi\u00f3 a sus pies incondicionalmente con un respecto merecedor.<\/p>\n\n\n\n<p>Despu\u00e9s de haber desplegado un show de nivel internacional inigualable en el que marc\u00f3 un antes y un despu\u00e9s en su vida, la reina del pop argentina&nbsp;<strong>agota su tercer show en el Estadio V\u00e9lez el 6 de septiembre y anuncia su cuarta fecha el 7 de septiembre<\/strong>, donde promete volver a hacer historia provocando una emoci\u00f3n avasallante de todos sus fan\u00e1ticos.<\/p>\n\n\n\n<p><strong>Las entradas estar\u00e1n disponibles a partir del d\u00eda viernes 30 de mayo a las 13 hs con todos los medios de pago a trav\u00e9s de&nbsp;<\/strong><a href=\"https:\/\/click.emails.sonymusicfans.com\/?qs=21a4d4df253a15f93681e375181d81e9cce84c611d7aa9321739beb2bb21378b551f4390f696b67b5ba0324a10d34c7e12a29c6ffe4ffa27\"><strong>Enigmatickets.com<\/strong><\/a><strong>.<\/strong><\/p>\n\n\n<div class=\"wp-block-image\">\n<figure class=\"aligncenter size-full is-resized\"><img loading=\"lazy\" decoding=\"async\" width=\"527\" height=\"351\" src=\"https:\/\/entrenotasyacordes.com\/wp-content\/uploads\/2025\/06\/33d07311-e018-4354-9370-26312442edba.jpg\" alt=\"\" class=\"wp-image-15692\" style=\"width:486px;height:auto\" srcset=\"https:\/\/entrenotasyacordes.com\/wp-content\/uploads\/2025\/06\/33d07311-e018-4354-9370-26312442edba.jpg 527w, https:\/\/entrenotasyacordes.com\/wp-content\/uploads\/2025\/06\/33d07311-e018-4354-9370-26312442edba-300x200.jpg 300w\" sizes=\"auto, (max-width: 527px) 100vw, 527px\" \/><\/figure>\n<\/div>\n\n\n<p>Sus noches en el Estadio V\u00e9lez marcaron un nuevo comienzo en su carrera profesional. All\u00ed se vivi\u00f3 un show sin precedentes, 31 canciones, una puesta en escena imponente, m\u00e1s de&nbsp; 30 artistas en escena y Lali, que demostr\u00f3 que su arte va m\u00e1s all\u00e1 del show, con una faceta s\u00f3lida en la que fusion\u00f3 una explosi\u00f3n de pop y rock a trav\u00e9s de su inigualable carisma, potencial art\u00edstico que la hace \u00fanica.<\/p>\n\n\n\n<p>Con su impecable banda e invitados de lujo como<strong>&nbsp;Miranda!, Joaqu\u00edn Levinton<\/strong>,&nbsp;<strong>Taichu<\/strong>,&nbsp;<strong>Dillom<\/strong>, la participaci\u00f3n especial de&nbsp;<strong>Moria Cas\u00e1n<\/strong>&nbsp;y 16 drags, convirtieron el Estadio V\u00e9lez en una experiencia inolvidable donde 90.000 personas vivieron un espect\u00e1culo de escala global.<\/p>\n\n\n\n<p><strong><em>\u201cQuer\u00eda hacer un show con nuestra identidad y los escucho con la pasi\u00f3n y la emoci\u00f3n con la que cantan y siento que es una misi\u00f3n cumplida. En Argentina estas cosas pasan porque tenemos unos huevos enormes y porque tenemos el mejor p\u00fablico del mundo.<\/em><br><em>Gracias por regalarme esta noche incre\u00edble, me la llevo para siempre en el coraz\u00f3n\u201d<\/em><\/strong><\/p>\n\n\n\n<p>Fueron las palabras de Lali hacia su p\u00fablico en V\u00e9lez.<br>Esta gira no hizo m\u00e1s que comenzar,&nbsp;<strong>Lali<\/strong>&nbsp;tiene confirmadas sus presentaciones por nuestro pa\u00eds,&nbsp;<strong>Uruguay<\/strong>&nbsp;y&nbsp;<strong>Espa\u00f1a<\/strong>. Aunque todav\u00eda se esperan m\u00e1s anuncios para disfrutar en vivo este hipn\u00f3tico show.<\/p>\n\n\n<div class=\"wp-block-image\">\n<figure class=\"aligncenter size-full is-resized\"><img loading=\"lazy\" decoding=\"async\" width=\"530\" height=\"353\" src=\"https:\/\/entrenotasyacordes.com\/wp-content\/uploads\/2025\/06\/b0270db7-5c22-4bf3-9969-140994c02fb2.jpg\" alt=\"\" class=\"wp-image-15693\" style=\"width:486px;height:auto\" srcset=\"https:\/\/entrenotasyacordes.com\/wp-content\/uploads\/2025\/06\/b0270db7-5c22-4bf3-9969-140994c02fb2.jpg 530w, https:\/\/entrenotasyacordes.com\/wp-content\/uploads\/2025\/06\/b0270db7-5c22-4bf3-9969-140994c02fb2-300x200.jpg 300w\" sizes=\"auto, (max-width: 530px) 100vw, 530px\" \/><figcaption class=\"wp-element-caption\"><em>Cr\u00e9ditos: Dale Play Live<\/em><\/figcaption><\/figure>\n<\/div>\n\n\n<p><strong>\u00abLALI Tour 2025\u00bb<\/strong><\/p>\n\n\n\n<p><strong>Mayo<\/strong><br>24 \u2013 Buenos Aires, Estadio V\u00e9lez Sarsfield<strong>&nbsp;\u00a1AGOTADO!<\/strong><br>25 \u2013 Buenos Aires, Estadio V\u00e9lez Sarsfield&nbsp;<strong>\u00a1AGOTADO!<\/strong><\/p>\n\n\n\n<p><strong>Junio<\/strong><br>7 \u2013 C\u00f3rdoba, Plaza de la M\u00fasica<br>14 \u2013 Rosario, Metropolitano<br>21 \u2013 Mar del Plata, Polideportivo<br>28 \u2013 Montevideo, Antel Arena (Uruguay)<br><br><strong>Julio<\/strong><br>3 \u2013 Salta, Estadio Delmi<br>5 \u2013 Tucum\u00e1n, Club Central C\u00f3rdoba<br>6 \u2013 Santiago del Estero, Club Uni\u00f3n Santiago<br>11 \u2013 Corrientes, Play\u00f3n Boca Unidos<br>12 \u2013 Santa Fe, Estaci\u00f3n Belgrano<br>30 \u2013 San Luis, Espacio Royal Arena<\/p>\n\n\n\n<p><strong>Agosto<\/strong><br>1 \u2013 San Juan, Aldo Cantoni<br>2 \u2013 Mendoza, Arena Maip\u00fa<\/p>\n\n\n\n<p><strong>Septiembre<\/strong><br>6 \u2013 Buenos Aires, Estadio V\u00e9lez Sarsfield<strong>&nbsp;\u00a1AGOTADO!<\/strong><br>7 \u2013 Buenos Aires, Estadio V\u00e9lez Sarsfield<strong>&nbsp;\u00a1NUEVA FECHA!<\/strong><\/p>\n\n\n\n<p><strong>Octubre<\/strong><br>1 \u2013 Barcelona, Razzmatazz (Espa\u00f1a)<br>4 \u2013 Sevilla, Pandora (Espa\u00f1a)<br>6 \u2013 Madrid, La Riviera (Espa\u00f1a)<br>15 \u2013 Trelew, Gimnasio Municipal 1<br>16 \u2013 Comodoro Rivadavia, Predio Ferial<br>18 \u2013 Neuqu\u00e9n, Estadio Ruca Che<\/p>\n","protected":false},"excerpt":{"rendered":"","protected":false},"author":5,"featured_media":15690,"comment_status":"open","ping_status":"open","sticky":false,"template":"","format":"standard","meta":{"om_disable_all_campaigns":false,"_uf_show_specific_survey":0,"_uf_disable_surveys":false,"footnotes":""},"categories":[36],"tags":[],"class_list":["post-15689","post","type-post","status-publish","format-standard","has-post-thumbnail","hentry","category-conciertos"],"_links":{"self":[{"href":"https:\/\/entrenotasyacordes.com\/index.php?rest_route=\/wp\/v2\/posts\/15689","targetHints":{"allow":["GET"]}}],"collection":[{"href":"https:\/\/entrenotasyacordes.com\/index.php?rest_route=\/wp\/v2\/posts"}],"about":[{"href":"https:\/\/entrenotasyacordes.com\/index.php?rest_route=\/wp\/v2\/types\/post"}],"author":[{"embeddable":true,"href":"https:\/\/entrenotasyacordes.com\/index.php?rest_route=\/wp\/v2\/users\/5"}],"replies":[{"embeddable":true,"href":"https:\/\/entrenotasyacordes.com\/index.php?rest_route=%2Fwp%2Fv2%2Fcomments&post=15689"}],"version-history":[{"count":1,"href":"https:\/\/entrenotasyacordes.com\/index.php?rest_route=\/wp\/v2\/posts\/15689\/revisions"}],"predecessor-version":[{"id":15694,"href":"https:\/\/entrenotasyacordes.com\/index.php?rest_route=\/wp\/v2\/posts\/15689\/revisions\/15694"}],"wp:featuredmedia":[{"embeddable":true,"href":"https:\/\/entrenotasyacordes.com\/index.php?rest_route=\/wp\/v2\/media\/15690"}],"wp:attachment":[{"href":"https:\/\/entrenotasyacordes.com\/index.php?rest_route=%2Fwp%2Fv2%2Fmedia&parent=15689"}],"wp:term":[{"taxonomy":"category","embeddable":true,"href":"https:\/\/entrenotasyacordes.com\/index.php?rest_route=%2Fwp%2Fv2%2Fcategories&post=15689"},{"taxonomy":"post_tag","embeddable":true,"href":"https:\/\/entrenotasyacordes.com\/index.php?rest_route=%2Fwp%2Fv2%2Ftags&post=15689"}],"curies":[{"name":"wp","href":"https:\/\/api.w.org\/{rel}","templated":true}]}}